{"id":741705,"date":"2022-08-02T15:34:22","date_gmt":"2022-08-02T13:34:22","guid":{"rendered":"https:\/\/dailynewshungary.com\/it\/tungsram-licenzia-1600-lavoratori-il-governo-propone-la-riqualificazione\/"},"modified":"2022-08-02T15:34:22","modified_gmt":"2022-08-02T13:34:22","slug":"tungsram-licenzia-1600-lavoratori-il-governo-propone-la-riqualificazione","status":"publish","type":"post","link":"https:\/\/dailynewshungary.com\/it\/tungsram-licenzia-1600-lavoratori-il-governo-propone-la-riqualificazione\/","title":{"rendered":"Tungsram licenzia 1600 lavoratori, il governo propone la riqualificazione"},"content":{"rendered":"<div class=\"titleNews\">\n<p><strong>I lavoratori delle operazioni di Tungsram che vengono licenziati a causa del ridimensionamento hanno la possibilit\u00e0 di partecipare alla formazione sovvenzionata dal governo, ha detto marted\u00ec un funzionario del Ministero della Tecnologia e dell&#8217;Industria (TIM).<\/strong><\/p>\n<p>Tungsram ha annunciato in aprile che avrebbe interrotto la produzione di prodotti di illuminazione tradizionali e <a href=\"https:\/\/dailynewshungary.com\/it\/a-tungsram-iniziano-i-licenziamenti-di-1-600-lavoratori\/\">licenzierebbe 1.600 dipendenti<\/a> nelle contee di Zala, Szabolcs-Szatm\u00e1r-Bereg e Hajd\u00fa-Bihar, nonch\u00e9 nella capitale, entro la fine dell&#8217;anno.<\/p>\n<p>TIM aiuta tutti questi dipendenti a tornare al lavoro il prima possibile, ha dichiarato in una nota Zsolt Kutny\u00e1nszky, segretario di Stato per l&#8217;industria e il mercato del lavoro.<\/p>\n<p><a class=\"dnh-embed-link\" href=\"https:\/\/dailynewshungary.com\/it\/la-manodopera-migrante-extra-ue-e-la-chiave-della-crescita-dellungheria\/\"><\/p>\n<div class=\"dnh-embed\">\n<div class=\"dnh-embed-thumb\"><img loading=\"lazy\" decoding=\"async\" width=\"410\" height=\"110\" src=\"https:\/\/contentf5.dailynewshungary.com\/wp-content\/uploads\/2022\/07\/africa-worker-410x110.jpg\" class=\"attachment-embed_thumbnail size-embed_thumbnail wp-post-image\" alt=\"lavoratore africa\"><\/div>\n<h5 class=\"dnh-embed-title\"><span>Leggi anche<\/span>La manodopera migrante extra-UE \u00e8 la chiave della crescita dell\u2019Ungheria<\/h5>\n<\/div>\n<p><\/a>\n<\/div>\n","protected":false},"excerpt":{"rendered":"<p>I lavoratori delle operazioni di Tungsram che vengono licenziati a causa del ridimensionamento hanno la possibilit\u00e0 di partecipare alla formazione sovvenzionata dal governo, ha detto marted\u00ec un funzionario del Ministero della Tecnologia e dell&#8217;Industria (TIM). Tungsram ha annunciato in aprile che avrebbe interrotto la produzione di prodotti di illuminazione tradizionali e licenzierebbe 1.600 dipendenti nelle [&hellip;]<\/p>\n","protected":false},"author":2,"featured_media":0,"comment_status":"open","ping_status":"open","sticky":false,"template":"","format":"standard","meta":{"_display_image":"yes","footnotes":""},"categories":[1190],"tags":[1079,1488,1069],"class_list":["post-741705","post","type-post","status-publish","format-standard","hentry","category-notizie-flash","tag-governo-ungherese","tag-industriale","tag-ungheria"],"blocksy_meta":[],"author_username":"alk","telegram_post":"","public_post_metadata":{"breaking_news":"","important":"","csempe":"","center_tile":"","disable_thumbnail":"","target_lang":"","_featured_image_style":"hidden","telegram_post":"","_xlat_group_id":""},"public_rank_math_data":{"title":"%titolo% %sep% %nomesito%","description":"I lavoratori delle operazioni di Tungsram che vengono licenziati a causa del ridimensionamento hanno la possibilit\u00e0 di partecipare alla formazione sovvenzionata...","focus_keyword":"Tungsram","canonical_url":"","robots":"","primary_category":"1190","breadcrumb_title":"","facebook_title":"","facebook_description":"","facebook_image":"","facebook_image_id":"","twitter_title":"","twitter_description":"","twitter_image":"","twitter_image_id":"","twitter_card_type":"","twitter_use_facebook":"","advanced_robots":"","pillar_content":"","seo_score":"64","contentai_score":"","rich_snippet":""},"_links":{"self":[{"href":"https:\/\/dailynewshungary.com\/it\/wp-json\/wp\/v2\/posts\/741705","targetHints":{"allow":["GET"]}}],"collection":[{"href":"https:\/\/dailynewshungary.com\/it\/wp-json\/wp\/v2\/posts"}],"about":[{"href":"https:\/\/dailynewshungary.com\/it\/wp-json\/wp\/v2\/types\/post"}],"author":[{"embeddable":true,"href":"https:\/\/dailynewshungary.com\/it\/wp-json\/wp\/v2\/users\/2"}],"replies":[{"embeddable":true,"href":"https:\/\/dailynewshungary.com\/it\/wp-json\/wp\/v2\/comments?post=741705"}],"version-history":[{"count":0,"href":"https:\/\/dailynewshungary.com\/it\/wp-json\/wp\/v2\/posts\/741705\/revisions"}],"wp:attachment":[{"href":"https:\/\/dailynewshungary.com\/it\/wp-json\/wp\/v2\/media?parent=741705"}],"wp:term":[{"taxonomy":"category","embeddable":true,"href":"https:\/\/dailynewshungary.com\/it\/wp-json\/wp\/v2\/categories?post=741705"},{"taxonomy":"post_tag","embeddable":true,"href":"https:\/\/dailynewshungary.com\/it\/wp-json\/wp\/v2\/tags?post=741705"}],"curies":[{"name":"wp","href":"https:\/\/api.w.org\/{rel}","templated":true}]}}