{"id":743126,"date":"2022-06-22T11:00:00","date_gmt":"2022-06-22T09:00:00","guid":{"rendered":"https:\/\/dailynewshungary.com\/it\/fidesz-lungheria-adottera-il-sistema-di-dichiarazione-patrimoniale-del-pe\/"},"modified":"2022-06-22T11:00:00","modified_gmt":"2022-06-22T09:00:00","slug":"fidesz-lungheria-adottera-il-sistema-di-dichiarazione-patrimoniale-del-pe","status":"publish","type":"post","link":"https:\/\/dailynewshungary.com\/it\/fidesz-lungheria-adottera-il-sistema-di-dichiarazione-patrimoniale-del-pe\/","title":{"rendered":"Fidesz: L\u2019Ungheria adotter\u00e0 il sistema di dichiarazione patrimoniale del PE"},"content":{"rendered":"<p><strong>L&#8217;Ungheria adotter\u00e0 il sistema di dichiarazione patrimoniale del Parlamento europeo che \u00e8 effettivamente identico al sistema in uso in Germania, ha detto mercoled\u00ec su Facebook M\u00e1t\u00e9 Kocsis, capogruppo parlamentare del partito al potere Fidesz.<\/strong><\/p>\n<p>La proposta presentata da Fidesz si applicher\u00e0 ai legislatori e a coloro che preparano le dichiarazioni patrimoniali, ha detto Kocsis Le stesse regole saranno stabilite quest&#8217;anno per tutti gli altri che sono tenuti per legge a dichiarare i loro beni, come sindaci e consiglieri locali, ha aggiunto.<\/p>\n<ul>\n<li>Leggi anche: <a href=\"https:\/\/dailynewshungary.com\/it\/le-forniture-di-gas-russo-saranno-interrotte-per-una-settimana-in-ungheria\/\">Le forniture di gas russo saranno interrotte per una settimana in Ungheria<\/a><\/li>\n<\/ul>\n<blockquote>\n<p>Il sistema di dichiarazione patrimoniale di \u201cUngheria ha attirato molte critiche negli ultimi anni e decenni, quindi indipendentemente dal fatto che la critica sia giustificata o meno, vale la pena apportare una modifica,\u201d<\/p>\n<\/blockquote>\n<p>Kocsis ha detto.<\/p>\n<p>Ritiene che i doppi standard applicati da Bruxelles\u201d contro l&#8217;Ungheria \u201c siano purtroppo diventati parte della nostra vita quotidiana\u201d, quindi la linea d&#8217;azione pi\u00f9 appropriata \u00e8 incorporare le regole utilizzate nel PE \u201cparola per parola nel diritto ungherese\u201d, ha affermato Dato che lo stesso sistema \u00e8 in uso in Germania, la decisione aiuter\u00e0 a prevenire le controversie internazionali \u201calmeno in questo settore\u201d, ha aggiunto.<\/p>\n","protected":false},"excerpt":{"rendered":"<p>L&#8217;Ungheria adotter\u00e0 il sistema di dichiarazione patrimoniale del Parlamento europeo che \u00e8 effettivamente identico al sistema in uso in Germania, ha detto mercoled\u00ec su Facebook M\u00e1t\u00e9 Kocsis, capogruppo parlamentare del partito al potere Fidesz. La proposta presentata da Fidesz si applicher\u00e0 ai legislatori e a coloro che preparano le dichiarazioni patrimoniali, ha detto Kocsis Le [&hellip;]<\/p>\n","protected":false},"author":33,"featured_media":743127,"comment_status":"open","ping_status":"open","sticky":false,"template":"","format":"standard","meta":{"_display_image":"yes","footnotes":""},"categories":[1185],"tags":[1078,1473,1247,1295,1069,1075],"class_list":["post-743126","post","type-post","status-publish","format-standard","has-post-thumbnail","hentry","category-politica-in-ungheria","tag-fidesz","tag-legge","tag-parlamento","tag-parlamento-ungherese","tag-ungheria","tag-unione-europea"],"blocksy_meta":[],"author_username":"ugyelet","telegram_post":"","public_post_metadata":{"breaking_news":"","important":"","csempe":"","center_tile":"","disable_thumbnail":"","target_lang":"","_featured_image_style":"hidden","telegram_post":"","_xlat_group_id":""},"public_rank_math_data":{"title":"%titolo% %sep% %nomesito%","description":"L'Ungheria adotter\u00e0 il sistema di dichiarazione patrimoniale del Parlamento europeo che \u00e8 effettivamente identico al sistema in uso in Germania.","focus_keyword":"dichiarazione patrimoniale","canonical_url":"","robots":"","primary_category":"1185","breadcrumb_title":"","facebook_title":"","facebook_description":"","facebook_image":"","facebook_image_id":"","twitter_title":"","twitter_description":"","twitter_image":"","twitter_image_id":"","twitter_card_type":"","twitter_use_facebook":"","advanced_robots":"","pillar_content":"","seo_score":"65","contentai_score":"","rich_snippet":""},"_links":{"self":[{"href":"https:\/\/dailynewshungary.com\/it\/wp-json\/wp\/v2\/posts\/743126","targetHints":{"allow":["GET"]}}],"collection":[{"href":"https:\/\/dailynewshungary.com\/it\/wp-json\/wp\/v2\/posts"}],"about":[{"href":"https:\/\/dailynewshungary.com\/it\/wp-json\/wp\/v2\/types\/post"}],"author":[{"embeddable":true,"href":"https:\/\/dailynewshungary.com\/it\/wp-json\/wp\/v2\/users\/33"}],"replies":[{"embeddable":true,"href":"https:\/\/dailynewshungary.com\/it\/wp-json\/wp\/v2\/comments?post=743126"}],"version-history":[{"count":0,"href":"https:\/\/dailynewshungary.com\/it\/wp-json\/wp\/v2\/posts\/743126\/revisions"}],"wp:featuredmedia":[{"embeddable":true,"href":"https:\/\/dailynewshungary.com\/it\/wp-json\/wp\/v2\/media\/743127"}],"wp:attachment":[{"href":"https:\/\/dailynewshungary.com\/it\/wp-json\/wp\/v2\/media?parent=743126"}],"wp:term":[{"taxonomy":"category","embeddable":true,"href":"https:\/\/dailynewshungary.com\/it\/wp-json\/wp\/v2\/categories?post=743126"},{"taxonomy":"post_tag","embeddable":true,"href":"https:\/\/dailynewshungary.com\/it\/wp-json\/wp\/v2\/tags?post=743126"}],"curies":[{"name":"wp","href":"https:\/\/api.w.org\/{rel}","templated":true}]}}