{"id":743489,"date":"2022-06-12T11:30:00","date_gmt":"2022-06-12T09:30:00","guid":{"rendered":"https:\/\/dailynewshungary.com\/it\/tomba-della-famiglia-del-piu-grande-poeta-ungherese-svelata-foto\/"},"modified":"2022-06-12T11:30:00","modified_gmt":"2022-06-12T09:30:00","slug":"tomba-della-famiglia-del-piu-grande-poeta-ungherese-svelata-foto","status":"publish","type":"post","link":"https:\/\/dailynewshungary.com\/it\/tomba-della-famiglia-del-piu-grande-poeta-ungherese-svelata-foto\/","title":{"rendered":"Tomba della famiglia del pi\u00f9 grande poeta ungherese svelata FOTO"},"content":{"rendered":"<p><strong>La rinnovata tomba della famiglia del poeta ungherese e rivoluzionario del XIX secolo S\u00e1ndor Petfifi \u00e8 stata inaugurata sabato nel cimitero di via Fiumei a Budapest, in una cerimonia alla presenza di Gergely Guly\u00e1s, capo dell&#8217;ufficio del primo ministro.<\/strong><\/p>\n<p>\u201cDobbiamo ricordare per poter apprezzare la libert\u00e0, ha detto\u201d Guly\u00e1s, e ha definito il defunto poeta una figura \u201c che alza uno specchio per ricordarci che gli ungheresi appartengono tutti insieme in freedom\u201d.<\/p>\n<figure id=\"attachment_497867\" aria-describedby=\"caption-attachment-497867\" style=\"width: 750px\" class=\"wp-caption aligncenter\"><img loading=\"lazy\" decoding=\"async\" class=\"size-full wp-image-497867\" src=\"https:\/\/contentf5.dailynewshungary.com\/wp-content\/uploads\/2022\/06\/Renewed-Petofi-tomb3.jpg\" alt=\"Tomba rinnovata Petfifi\" width=\"750\" height=\"1124\" srcset=\"https:\/\/contentf5.dailynewshungary.com\/wp-content\/uploads\/2022\/06\/Renewed-Petofi-tomb3.jpg 750w, https:\/\/contentf5.dailynewshungary.com\/wp-content\/uploads\/2022\/06\/Renewed-Petofi-tomb3-350x525.jpg 350w, https:\/\/contentf5.dailynewshungary.com\/wp-content\/uploads\/2022\/06\/Renewed-Petofi-tomb3-248x372.jpg 248w, https:\/\/contentf5.dailynewshungary.com\/wp-content\/uploads\/2022\/06\/Renewed-Petofi-tomb3-97x146.jpg 97w, https:\/\/contentf5.dailynewshungary.com\/wp-content\/uploads\/2022\/06\/Renewed-Petofi-tomb3-33x50.jpg 33w, https:\/\/contentf5.dailynewshungary.com\/wp-content\/uploads\/2022\/06\/Renewed-Petofi-tomb3-50x75.jpg 50w\" sizes=\"auto, (max-width: 750px) 100vw, 750px\"><figcaption id=\"caption-attachment-497867\" class=\"wp-caption-text\">La tomba rinnovata della famiglia Pet thefi a Budapest Foto: MTI\/Zolt\u00e1n M\u00e1th\u00e9<\/figcaption><\/figure>\n<p>Il santuario, costruito nel 1911, contiene le ceneri dei genitori di Petfifi, Istv\u00e1n Petrovics e M\u00e1ria Hr\u00faz, della sua vedova J\u00falia Szendrey, di suo figlio Zolt\u00e1n e del fratello Istv\u00e1n.<\/p>\n<ul>\n<li>Leggi anche: <a href=\"https:\/\/dailynewshungary.com\/it\/gli-sviluppatori-immobiliari-ungheresi-vincono-cinque-ori-nel-concorso-fiabci\/\">Gli sviluppatori immobiliari ungheresi vincono cinque ori nel concorso FIABCI<\/a><\/li>\n<\/ul>\n<figure id=\"attachment_497866\" aria-describedby=\"caption-attachment-497866\" style=\"width: 750px\" class=\"wp-caption aligncenter\"><img loading=\"lazy\" decoding=\"async\" class=\"size-full wp-image-497866\" src=\"https:\/\/contentf5.dailynewshungary.com\/wp-content\/uploads\/2022\/06\/Renewed-Petofi-tomb2.jpg\" alt=\"Tomba rinnovata Petfifi\" width=\"750\" height=\"750\" srcset=\"https:\/\/contentf5.dailynewshungary.com\/wp-content\/uploads\/2022\/06\/Renewed-Petofi-tomb2.jpg 750w, https:\/\/contentf5.dailynewshungary.com\/wp-content\/uploads\/2022\/06\/Renewed-Petofi-tomb2-350x350.jpg 350w, https:\/\/contentf5.dailynewshungary.com\/wp-content\/uploads\/2022\/06\/Renewed-Petofi-tomb2-248x248.jpg 248w, https:\/\/contentf5.dailynewshungary.com\/wp-content\/uploads\/2022\/06\/Renewed-Petofi-tomb2-200x200.jpg 200w, https:\/\/contentf5.dailynewshungary.com\/wp-content\/uploads\/2022\/06\/Renewed-Petofi-tomb2-146x146.jpg 146w, https:\/\/contentf5.dailynewshungary.com\/wp-content\/uploads\/2022\/06\/Renewed-Petofi-tomb2-50x50.jpg 50w, https:\/\/contentf5.dailynewshungary.com\/wp-content\/uploads\/2022\/06\/Renewed-Petofi-tomb2-75x75.jpg 75w, https:\/\/contentf5.dailynewshungary.com\/wp-content\/uploads\/2022\/06\/Renewed-Petofi-tomb2-85x85.jpg 85w, https:\/\/contentf5.dailynewshungary.com\/wp-content\/uploads\/2022\/06\/Renewed-Petofi-tomb2-80x80.jpg 80w\" sizes=\"auto, (max-width: 750px) 100vw, 750px\"><figcaption id=\"caption-attachment-497866\" class=\"wp-caption-text\">Foto: MTI\/Zolt\u00e0n M\u00e1th\u00e9<\/figcaption><\/figure>\n<p>Lo stesso Petfifi mor\u00ec in battaglia il 31 luglio 1849, vicino a Segesv\u00e1r (oggi Sighisoara, Romania). Il suo corpo non fu mai recuperato.<\/p>\n<p>Il progetto di ristrutturazione \u00e8 stato finanziato dal produttore Philip R\u00e1kay e da sua moglie.<\/p>\n","protected":false},"excerpt":{"rendered":"<p>La rinnovata tomba della famiglia del poeta ungherese e rivoluzionario del XIX secolo S\u00e1ndor Petfifi \u00e8 stata inaugurata sabato nel cimitero di via Fiumei a Budapest, in una cerimonia alla presenza di Gergely Guly\u00e1s, capo dell&#8217;ufficio del primo ministro. \u201cDobbiamo ricordare per poter apprezzare la libert\u00e0, ha detto\u201d Guly\u00e1s, e ha definito il defunto poeta [&hellip;]<\/p>\n","protected":false},"author":50,"featured_media":743490,"comment_status":"open","ping_status":"open","sticky":false,"template":"","format":"standard","meta":{"_display_image":"yes","footnotes":""},"categories":[1304],"tags":[1158,1079,1069],"class_list":["post-743489","post","type-post","status-publish","format-standard","has-post-thumbnail","hentry","category-cultura-in-ungheria","tag-budapest","tag-governo-ungherese","tag-ungheria"],"blocksy_meta":[],"author_username":"dnh","telegram_post":"","public_post_metadata":{"breaking_news":"","important":"","csempe":"","center_tile":"","disable_thumbnail":"","target_lang":"","_featured_image_style":"hidden","telegram_post":"","_xlat_group_id":""},"public_rank_math_data":{"title":"%titolo% %sep% %nomesito%","description":"A Budapest \u00e8 stata inaugurata la rinnovata tomba della famiglia del poeta ungherese e rivoluzionario del XIX secolo S\u00e1ndor Petsfi","focus_keyword":"tomba","canonical_url":"","robots":"","primary_category":"1304","breadcrumb_title":"","facebook_title":"","facebook_description":"","facebook_image":"","facebook_image_id":"","twitter_title":"","twitter_description":"","twitter_image":"","twitter_image_id":"","twitter_card_type":"","twitter_use_facebook":"","advanced_robots":"","pillar_content":"","seo_score":"70","contentai_score":"","rich_snippet":""},"_links":{"self":[{"href":"https:\/\/dailynewshungary.com\/it\/wp-json\/wp\/v2\/posts\/743489","targetHints":{"allow":["GET"]}}],"collection":[{"href":"https:\/\/dailynewshungary.com\/it\/wp-json\/wp\/v2\/posts"}],"about":[{"href":"https:\/\/dailynewshungary.com\/it\/wp-json\/wp\/v2\/types\/post"}],"author":[{"embeddable":true,"href":"https:\/\/dailynewshungary.com\/it\/wp-json\/wp\/v2\/users\/50"}],"replies":[{"embeddable":true,"href":"https:\/\/dailynewshungary.com\/it\/wp-json\/wp\/v2\/comments?post=743489"}],"version-history":[{"count":0,"href":"https:\/\/dailynewshungary.com\/it\/wp-json\/wp\/v2\/posts\/743489\/revisions"}],"wp:featuredmedia":[{"embeddable":true,"href":"https:\/\/dailynewshungary.com\/it\/wp-json\/wp\/v2\/media\/743490"}],"wp:attachment":[{"href":"https:\/\/dailynewshungary.com\/it\/wp-json\/wp\/v2\/media?parent=743489"}],"wp:term":[{"taxonomy":"category","embeddable":true,"href":"https:\/\/dailynewshungary.com\/it\/wp-json\/wp\/v2\/categories?post=743489"},{"taxonomy":"post_tag","embeddable":true,"href":"https:\/\/dailynewshungary.com\/it\/wp-json\/wp\/v2\/tags?post=743489"}],"curies":[{"name":"wp","href":"https:\/\/api.w.org\/{rel}","templated":true}]}}