{"id":743553,"date":"2022-06-10T07:30:30","date_gmt":"2022-06-10T05:30:30","guid":{"rendered":"https:\/\/dailynewshungary.com\/it\/funzionario-governativo-le-relazioni-ungheria-turchia-non-sono-mai-state-cosi-forti\/"},"modified":"2022-06-10T07:30:30","modified_gmt":"2022-06-10T05:30:30","slug":"funzionario-governativo-le-relazioni-ungheria-turchia-non-sono-mai-state-cosi-forti","status":"publish","type":"post","link":"https:\/\/dailynewshungary.com\/it\/funzionario-governativo-le-relazioni-ungheria-turchia-non-sono-mai-state-cosi-forti\/","title":{"rendered":"Funzionario governativo: le relazioni Ungheria-Turchia non sono mai state cos\u00ec forti"},"content":{"rendered":"<p><strong>Le relazioni tra Ungheria e Turchia non sono mai state cos\u00ec strette e pacifiche come lo sono oggi, ha detto gioved\u00ec a Budapest il segretario di Stato del ministero degli Esteri Levente Magyar.<\/strong><\/p>\n<p>Rivolgendosi a una cerimonia presso il Centro Culturale Gul Baba di Budapest tenutasi in occasione dell&#8217;inaugurazione di una statua del derviscio Gul Baba del XVI secolo a Istanbul, Magyar ha affermato che il popolo ungherese e quello turco sono legati insieme dalla loro millenaria parentela e da un&#8217;amicizia secolare. Migliaia di anni fa, ungheresi e turchi arrivarono in Europa dalla stessa zona, ha detto, sottolineando che quando l&#8217;Impero Ottomano part\u00ec per conquistare l&#8217;Europa furono gli ungheresi a fermarli.<\/p>\n<blockquote>\n<p>Quella battaglia \u00e8 stata una questione di vita o di morte per gli ungheresi, ha detto il segretario di stato.<\/p>\n<\/blockquote>\n<p>Tuttavia, dopo essere stati liberati dal dominio ottomano, i leader ungheresi in fuga dall&#8217;oppressione austriaca trovarono rifugio in Turchia, ha osservato Magyar, aggiungendo che la Turchia era poi diventata \u201cla pi\u00f9 importante friend\u201d del movimento nazionale ungherese Ci\u00f2 ha dimostrato che le precedenti battaglie tra i due popoli erano state solo una lotta per il potere e non qualcosa che era derivato da differenze pi\u00f9 profonde, ha detto. Da quel momento in poi, ungheresi e turchi erano amici leali, ha aggiunto.<\/p>\n<p><a class=\"dnh-embed-link\" href=\"https:\/\/dailynewshungary.com\/attention-these-are-the-most-common-tourist-traps-and-money-scams-in-hungary\/ \"><\/p>\n<div class=\"dnh-embed\">\n<div class=\"dnh-embed-thumb\"><img loading=\"lazy\" decoding=\"async\" width=\"350\" height=\"219\" src=\"https:\/\/contentf5.dailynewshungary.com\/wp-content\/uploads\/2022\/02\/rsz_sculpture-of-gul-baba-350x219.jpg\" class=\"attachment-embed_thumbnail size-embed_thumbnail wp-post-image\" alt=\"rsz_scultura di g\u00fcl baba\" srcset=\"https:\/\/contentf5.dailynewshungary.com\/wp-content\/uploads\/2022\/02\/rsz_sculpture-of-gul-baba-350x219.jpg 350w, https:\/\/contentf5.dailynewshungary.com\/wp-content\/uploads\/2022\/02\/rsz_sculpture-of-gul-baba-768x480.jpg 768w, https:\/\/contentf5.dailynewshungary.com\/wp-content\/uploads\/2022\/02\/rsz_sculpture-of-gul-baba-248x155.jpg 248w, https:\/\/contentf5.dailynewshungary.com\/wp-content\/uploads\/2022\/02\/rsz_sculpture-of-gul-baba-234x146.jpg 234w, https:\/\/contentf5.dailynewshungary.com\/wp-content\/uploads\/2022\/02\/rsz_sculpture-of-gul-baba-50x31.jpg 50w, https:\/\/contentf5.dailynewshungary.com\/wp-content\/uploads\/2022\/02\/rsz_sculpture-of-gul-baba-120x75.jpg 120w, https:\/\/contentf5.dailynewshungary.com\/wp-content\/uploads\/2022\/02\/rsz_sculpture-of-gul-baba.jpg 800w\" sizes=\"auto, (max-width: 350px) 100vw, 350px\"><\/div>\n<h5 class=\"dnh-embed-title\"><span>Leggi anche<\/span>Funzionario governativo: le relazioni Ungheria-Turchia non sono mai state cos\u00ec forti<\/h5>\n<\/div>\n<p><\/a><\/p>\n<blockquote>\n<p>L&#8217;Ungheria alla fine fece pace con le lotte secolari con i turchi e ora le relazioni tra i due popoli sono strette in tutti gli ambiti della vita\u201d,<\/p>\n<\/blockquote>\n<p>Magyar ha detto. \u201cLa storia non pu\u00f2 pi\u00f9 causare una tempesta cos\u00ec grave da mettere i due popoli gli uni contro gli altri, ha detto\u201d. Ci\u00f2 \u00e8 simboleggiato anche dalla statua di Gul Baba a Istanbul che rappresenta il rispetto reciproco tra ungheresi e turchi, ha aggiunto Magyar.<\/p>\n<p>L&#8217;inaugurazione della statua di Gul Baba a Istanbul \u00e8 stata trasmessa in diretta all&#8217;evento di Budapest La statua \u00e8 una replica della statua in bronzo inaugurata all&#8217;ingresso del Centro Culturale e Sala Espositiva Gul Baba di Budapest nel 1997<\/p>\n<p><a class=\"dnh-embed-link\" href=\"https:\/\/dailynewshungary.com\/it\/la-popolarita-di-putin-e-diminuita-drasticamente-in-ungheria\/\"><\/p>\n<div class=\"dnh-embed\">\n<div class=\"dnh-embed-thumb\"><img loading=\"lazy\" decoding=\"async\" width=\"350\" height=\"233\" src=\"https:\/\/contentf5.dailynewshungary.com\/wp-content\/uploads\/2022\/01\/Putin-Russia-Viktor-Orban-350x233.webp\" class=\"attachment-embed_thumbnail size-embed_thumbnail wp-post-image\" alt=\"Putin, il presidente russo Viktor Orb\u00e1n\" srcset=\"https:\/\/contentf5.dailynewshungary.com\/wp-content\/uploads\/2022\/01\/Putin-Russia-Viktor-Orban-350x233.webp 350w, https:\/\/contentf5.dailynewshungary.com\/wp-content\/uploads\/2022\/01\/Putin-Russia-Viktor-Orban-768x512.webp 768w, https:\/\/contentf5.dailynewshungary.com\/wp-content\/uploads\/2022\/01\/Putin-Russia-Viktor-Orban-1536x1025.webp 1536w, https:\/\/contentf5.dailynewshungary.com\/wp-content\/uploads\/2022\/01\/Putin-Russia-Viktor-Orban-248x165.webp 248w, https:\/\/contentf5.dailynewshungary.com\/wp-content\/uploads\/2022\/01\/Putin-Russia-Viktor-Orban-1030x687.webp 1030w, https:\/\/contentf5.dailynewshungary.com\/wp-content\/uploads\/2022\/01\/Putin-Russia-Viktor-Orban-219x146.webp 219w, https:\/\/contentf5.dailynewshungary.com\/wp-content\/uploads\/2022\/01\/Putin-Russia-Viktor-Orban-50x33.webp 50w, https:\/\/contentf5.dailynewshungary.com\/wp-content\/uploads\/2022\/01\/Putin-Russia-Viktor-Orban-112x75.webp 112w, https:\/\/contentf5.dailynewshungary.com\/wp-content\/uploads\/2022\/01\/Putin-Russia-Viktor-Orban.webp 2000w\" sizes=\"auto, (max-width: 350px) 100vw, 350px\"><\/div>\n<h5 class=\"dnh-embed-title\"><span>Leggi anche<\/span>La popolarit\u00e0 di Putin \u00e8 diminuita drasticamente in Ungheria<\/h5>\n<\/div>\n<p><\/a><\/p>\n","protected":false},"excerpt":{"rendered":"<p>Le relazioni tra Ungheria e Turchia non sono mai state cos\u00ec strette e pacifiche come lo sono oggi, ha detto gioved\u00ec a Budapest il segretario di Stato del ministero degli Esteri Levente Magyar. Rivolgendosi a una cerimonia presso il Centro Culturale Gul Baba di Budapest tenutasi in occasione dell&#8217;inaugurazione di una statua del derviscio Gul [&hellip;]<\/p>\n","protected":false},"author":33,"featured_media":743554,"comment_status":"open","ping_status":"open","sticky":false,"template":"","format":"standard","meta":{"_display_image":"yes","footnotes":""},"categories":[1185],"tags":[1086,1069],"class_list":["post-743553","post","type-post","status-publish","format-standard","has-post-thumbnail","hentry","category-politica-in-ungheria","tag-turchia","tag-ungheria"],"blocksy_meta":[],"author_username":"ugyelet","telegram_post":"","public_post_metadata":{"breaking_news":"","important":"","csempe":"","center_tile":"","disable_thumbnail":"","target_lang":"","_featured_image_style":"hidden","telegram_post":"","_xlat_group_id":""},"public_rank_math_data":{"title":"%titolo% %sep% %nomesito%","description":"Le relazioni tra Ungheria e Turchia non sono mai state cos\u00ec strette e pacifiche come lo sono oggi","focus_keyword":"","canonical_url":"","robots":"","primary_category":"1185","breadcrumb_title":"","facebook_title":"","facebook_description":"","facebook_image":"","facebook_image_id":"","twitter_title":"","twitter_description":"","twitter_image":"","twitter_image_id":"","twitter_card_type":"","twitter_use_facebook":"","advanced_robots":"","pillar_content":"","seo_score":"10","contentai_score":"","rich_snippet":""},"_links":{"self":[{"href":"https:\/\/dailynewshungary.com\/it\/wp-json\/wp\/v2\/posts\/743553","targetHints":{"allow":["GET"]}}],"collection":[{"href":"https:\/\/dailynewshungary.com\/it\/wp-json\/wp\/v2\/posts"}],"about":[{"href":"https:\/\/dailynewshungary.com\/it\/wp-json\/wp\/v2\/types\/post"}],"author":[{"embeddable":true,"href":"https:\/\/dailynewshungary.com\/it\/wp-json\/wp\/v2\/users\/33"}],"replies":[{"embeddable":true,"href":"https:\/\/dailynewshungary.com\/it\/wp-json\/wp\/v2\/comments?post=743553"}],"version-history":[{"count":0,"href":"https:\/\/dailynewshungary.com\/it\/wp-json\/wp\/v2\/posts\/743553\/revisions"}],"wp:featuredmedia":[{"embeddable":true,"href":"https:\/\/dailynewshungary.com\/it\/wp-json\/wp\/v2\/media\/743554"}],"wp:attachment":[{"href":"https:\/\/dailynewshungary.com\/it\/wp-json\/wp\/v2\/media?parent=743553"}],"wp:term":[{"taxonomy":"category","embeddable":true,"href":"https:\/\/dailynewshungary.com\/it\/wp-json\/wp\/v2\/categories?post=743553"},{"taxonomy":"post_tag","embeddable":true,"href":"https:\/\/dailynewshungary.com\/it\/wp-json\/wp\/v2\/tags?post=743553"}],"curies":[{"name":"wp","href":"https:\/\/api.w.org\/{rel}","templated":true}]}}