{"id":743598,"date":"2022-06-08T19:00:00","date_gmt":"2022-06-08T17:00:00","guid":{"rendered":"https:\/\/dailynewshungary.com\/it\/il-miglior-gelato-di-budapest-in-questo-momento\/"},"modified":"2022-06-08T19:00:00","modified_gmt":"2022-06-08T17:00:00","slug":"il-miglior-gelato-di-budapest-in-questo-momento","status":"publish","type":"post","link":"https:\/\/dailynewshungary.com\/it\/il-miglior-gelato-di-budapest-in-questo-momento\/","title":{"rendered":"Il miglior gelato di Budapest in questo momento"},"content":{"rendered":"<p><strong>L&#8217;estate \u00e8 di nuovo qui Nel 2022 il gelato sar\u00e0 ancora la cosa principale con cui rinfrescarsi Abbiamo riunito alcune gelaterie nella capitale ungherese dove avrete la certezza di non rimanere delusi Ecco le migliori gelaterie di Budapest.<\/strong><\/p>\n<h2><a href=\"https:\/\/www.facebook.com\/fazekascukraszdabudapest\/\" target=\"_blank\" rel=\"noopener\">Fazekas<\/a><\/h2>\n<div id=\"gallery-1\" class=\"gallery galleryid-496436 gallery-columns-3 gallery-size-thumbnail\">\n<figure class=\"gallery-item\">\n<div class=\"gallery-icon portrait\">\n\t\t\t\t<a href=\"https:\/\/dailynewshungary.com\/it\/il-miglior-gelato-di-budapest-in-questo-momento\/\"><img loading=\"lazy\" decoding=\"async\" width=\"160\" height=\"200\" src=\"https:\/\/contentf5.dailynewshungary.com\/wp-content\/uploads\/2022\/06\/Fazekas.jpg\" class=\"attachment-thumbnail size-thumbnail\" alt=\"budapest estiva di gelato\" aria-describedby=\"gallery-1-496473\" srcset=\"https:\/\/contentf5.dailynewshungary.com\/wp-content\/uploads\/2022\/06\/Fazekas.jpg 1440w, https:\/\/contentf5.dailynewshungary.com\/wp-content\/uploads\/2022\/06\/Fazekas-768x960.jpg 768w, https:\/\/contentf5.dailynewshungary.com\/wp-content\/uploads\/2022\/06\/Fazekas-1229x1536.jpg 1229w, https:\/\/contentf5.dailynewshungary.com\/wp-content\/uploads\/2022\/06\/Fazekas-350x438.jpg 350w, https:\/\/contentf5.dailynewshungary.com\/wp-content\/uploads\/2022\/06\/Fazekas-248x310.jpg 248w, https:\/\/contentf5.dailynewshungary.com\/wp-content\/uploads\/2022\/06\/Fazekas-1030x1288.jpg 1030w, https:\/\/contentf5.dailynewshungary.com\/wp-content\/uploads\/2022\/06\/Fazekas-117x146.jpg 117w, https:\/\/contentf5.dailynewshungary.com\/wp-content\/uploads\/2022\/06\/Fazekas-40x50.jpg 40w, https:\/\/contentf5.dailynewshungary.com\/wp-content\/uploads\/2022\/06\/Fazekas-60x75.jpg 60w\" sizes=\"auto, (max-width: 160px) 100vw, 160px\"><\/a>\n\t\t\t<\/div><figcaption class=\"wp-caption-text gallery-caption\" id=\"gallery-1-496473\">\n\t\t\t\tFoto: https:\/\/www.facebook.com\/fazekascukraszdabudapest\/<br \/>\n\t\t\t\t<\/figcaption><\/figure>\n<figure class=\"gallery-item\">\n<div class=\"gallery-icon landscape\">\n\t\t\t\t<a href=\"https:\/\/dailynewshungary.com\/it\/il-miglior-gelato-di-budapest-in-questo-momento\/\"><img loading=\"lazy\" decoding=\"async\" width=\"282\" height=\"188\" src=\"https:\/\/contentf5.dailynewshungary.com\/wp-content\/uploads\/2022\/06\/Fazekas1.jpg\" class=\"attachment-thumbnail size-thumbnail\" alt=\"budapest estiva di gelato\" aria-describedby=\"gallery-1-496472\" srcset=\"https:\/\/contentf5.dailynewshungary.com\/wp-content\/uploads\/2022\/06\/Fazekas1.jpg 1440w, https:\/\/contentf5.dailynewshungary.com\/wp-content\/uploads\/2022\/06\/Fazekas1-768x511.jpg 768w, https:\/\/contentf5.dailynewshungary.com\/wp-content\/uploads\/2022\/06\/Fazekas1-350x233.jpg 350w, https:\/\/contentf5.dailynewshungary.com\/wp-content\/uploads\/2022\/06\/Fazekas1-248x165.jpg 248w, https:\/\/contentf5.dailynewshungary.com\/wp-content\/uploads\/2022\/06\/Fazekas1-1030x686.jpg 1030w, https:\/\/contentf5.dailynewshungary.com\/wp-content\/uploads\/2022\/06\/Fazekas1-219x146.jpg 219w, https:\/\/contentf5.dailynewshungary.com\/wp-content\/uploads\/2022\/06\/Fazekas1-50x33.jpg 50w, https:\/\/contentf5.dailynewshungary.com\/wp-content\/uploads\/2022\/06\/Fazekas1-113x75.jpg 113w\" sizes=\"auto, (max-width: 282px) 100vw, 282px\"><\/a>\n\t\t\t<\/div><figcaption class=\"wp-caption-text gallery-caption\" id=\"gallery-1-496472\">\n\t\t\t\thttps:\/\/www.facebook.com\/fazekascukraszdabudapest\/<br \/>\n\t\t\t\t<\/figcaption><\/figure>\n<figure class=\"gallery-item\">\n<div class=\"gallery-icon landscape\">\n\t\t\t\t<a href=\"https:\/\/dailynewshungary.com\/it\/il-miglior-gelato-di-budapest-in-questo-momento\/\"><img loading=\"lazy\" decoding=\"async\" width=\"282\" height=\"188\" src=\"https:\/\/contentf5.dailynewshungary.com\/wp-content\/uploads\/2022\/06\/Fazekas2.jpg\" class=\"attachment-thumbnail size-thumbnail\" alt=\"budapest estiva di gelato\" aria-describedby=\"gallery-1-496471\" srcset=\"https:\/\/contentf5.dailynewshungary.com\/wp-content\/uploads\/2022\/06\/Fazekas2.jpg 1440w, https:\/\/contentf5.dailynewshungary.com\/wp-content\/uploads\/2022\/06\/Fazekas2-768x512.jpg 768w, https:\/\/contentf5.dailynewshungary.com\/wp-content\/uploads\/2022\/06\/Fazekas2-350x233.jpg 350w, https:\/\/contentf5.dailynewshungary.com\/wp-content\/uploads\/2022\/06\/Fazekas2-248x165.jpg 248w, https:\/\/contentf5.dailynewshungary.com\/wp-content\/uploads\/2022\/06\/Fazekas2-1030x687.jpg 1030w, https:\/\/contentf5.dailynewshungary.com\/wp-content\/uploads\/2022\/06\/Fazekas2-219x146.jpg 219w, https:\/\/contentf5.dailynewshungary.com\/wp-content\/uploads\/2022\/06\/Fazekas2-50x33.jpg 50w, https:\/\/contentf5.dailynewshungary.com\/wp-content\/uploads\/2022\/06\/Fazekas2-113x75.jpg 113w\" sizes=\"auto, (max-width: 282px) 100vw, 282px\"><\/a>\n\t\t\t<\/div><figcaption class=\"wp-caption-text gallery-caption\" id=\"gallery-1-496471\">\n\t\t\t\thttps:\/\/www.facebook.com\/fazekascukraszdabudapest\/<br \/>\n\t\t\t\t<\/figcaption><\/figure>\n<figure class=\"gallery-item\">\n<div class=\"gallery-icon portrait\">\n\t\t\t\t<a href=\"https:\/\/dailynewshungary.com\/it\/il-miglior-gelato-di-budapest-in-questo-momento\/\"><img loading=\"lazy\" decoding=\"async\" width=\"160\" height=\"200\" src=\"https:\/\/contentf5.dailynewshungary.com\/wp-content\/uploads\/2022\/06\/Fazekas3.jpg\" class=\"attachment-thumbnail size-thumbnail\" alt=\"budapest estiva di gelato\" aria-describedby=\"gallery-1-496470\" srcset=\"https:\/\/contentf5.dailynewshungary.com\/wp-content\/uploads\/2022\/06\/Fazekas3.jpg 1440w, https:\/\/contentf5.dailynewshungary.com\/wp-content\/uploads\/2022\/06\/Fazekas3-768x960.jpg 768w, https:\/\/contentf5.dailynewshungary.com\/wp-content\/uploads\/2022\/06\/Fazekas3-1229x1536.jpg 1229w, https:\/\/contentf5.dailynewshungary.com\/wp-content\/uploads\/2022\/06\/Fazekas3-350x438.jpg 350w, https:\/\/contentf5.dailynewshungary.com\/wp-content\/uploads\/2022\/06\/Fazekas3-248x310.jpg 248w, https:\/\/contentf5.dailynewshungary.com\/wp-content\/uploads\/2022\/06\/Fazekas3-1030x1288.jpg 1030w, https:\/\/contentf5.dailynewshungary.com\/wp-content\/uploads\/2022\/06\/Fazekas3-117x146.jpg 117w, https:\/\/contentf5.dailynewshungary.com\/wp-content\/uploads\/2022\/06\/Fazekas3-40x50.jpg 40w, https:\/\/contentf5.dailynewshungary.com\/wp-content\/uploads\/2022\/06\/Fazekas3-60x75.jpg 60w\" sizes=\"auto, (max-width: 160px) 100vw, 160px\"><\/a>\n\t\t\t<\/div><figcaption class=\"wp-caption-text gallery-caption\" id=\"gallery-1-496470\">\n\t\t\t\thttps:\/\/www.facebook.com\/fazekascukraszdabudapest\/<br \/>\n\t\t\t\t<\/figcaption><\/figure>\n<figure class=\"gallery-item\">\n<div class=\"gallery-icon portrait\">\n\t\t\t\t<a href=\"https:\/\/dailynewshungary.com\/it\/il-miglior-gelato-di-budapest-in-questo-momento\/\"><img loading=\"lazy\" decoding=\"async\" width=\"161\" height=\"200\" src=\"https:\/\/contentf5.dailynewshungary.com\/wp-content\/uploads\/2022\/06\/Fazekas4.jpg\" class=\"attachment-thumbnail size-thumbnail\" alt=\"budapest estiva di gelato\" aria-describedby=\"gallery-1-496469\" srcset=\"https:\/\/contentf5.dailynewshungary.com\/wp-content\/uploads\/2022\/06\/Fazekas4.jpg 1440w, https:\/\/contentf5.dailynewshungary.com\/wp-content\/uploads\/2022\/06\/Fazekas4-768x955.jpg 768w, https:\/\/contentf5.dailynewshungary.com\/wp-content\/uploads\/2022\/06\/Fazekas4-1235x1536.jpg 1235w, https:\/\/contentf5.dailynewshungary.com\/wp-content\/uploads\/2022\/06\/Fazekas4-350x435.jpg 350w, https:\/\/contentf5.dailynewshungary.com\/wp-content\/uploads\/2022\/06\/Fazekas4-248x308.jpg 248w, https:\/\/contentf5.dailynewshungary.com\/wp-content\/uploads\/2022\/06\/Fazekas4-1030x1281.jpg 1030w, https:\/\/contentf5.dailynewshungary.com\/wp-content\/uploads\/2022\/06\/Fazekas4-117x146.jpg 117w, https:\/\/contentf5.dailynewshungary.com\/wp-content\/uploads\/2022\/06\/Fazekas4-40x50.jpg 40w, https:\/\/contentf5.dailynewshungary.com\/wp-content\/uploads\/2022\/06\/Fazekas4-60x75.jpg 60w\" sizes=\"auto, (max-width: 161px) 100vw, 161px\"><\/a>\n\t\t\t<\/div><figcaption class=\"wp-caption-text gallery-caption\" id=\"gallery-1-496469\">\n\t\t\t\thttps:\/\/www.facebook.com\/fazekascukraszdabudapest\/<br \/>\n\t\t\t\t<\/figcaption><\/figure>\n<figure class=\"gallery-item\">\n<div class=\"gallery-icon landscape\">\n\t\t\t\t<a href=\"https:\/\/dailynewshungary.com\/it\/il-miglior-gelato-di-budapest-in-questo-momento\/\"><img loading=\"lazy\" decoding=\"async\" width=\"259\" height=\"200\" src=\"https:\/\/contentf5.dailynewshungary.com\/wp-content\/uploads\/2022\/06\/Fazekas5.jpg\" class=\"attachment-thumbnail size-thumbnail\" alt=\"budapest estiva di gelato\" aria-describedby=\"gallery-1-496468\" srcset=\"https:\/\/contentf5.dailynewshungary.com\/wp-content\/uploads\/2022\/06\/Fazekas5.jpg 1125w, https:\/\/contentf5.dailynewshungary.com\/wp-content\/uploads\/2022\/06\/Fazekas5-768x593.jpg 768w, https:\/\/contentf5.dailynewshungary.com\/wp-content\/uploads\/2022\/06\/Fazekas5-350x270.jpg 350w, https:\/\/contentf5.dailynewshungary.com\/wp-content\/uploads\/2022\/06\/Fazekas5-248x191.jpg 248w, https:\/\/contentf5.dailynewshungary.com\/wp-content\/uploads\/2022\/06\/Fazekas5-1030x795.jpg 1030w, https:\/\/contentf5.dailynewshungary.com\/wp-content\/uploads\/2022\/06\/Fazekas5-189x146.jpg 189w, https:\/\/contentf5.dailynewshungary.com\/wp-content\/uploads\/2022\/06\/Fazekas5-50x39.jpg 50w, https:\/\/contentf5.dailynewshungary.com\/wp-content\/uploads\/2022\/06\/Fazekas5-97x75.jpg 97w\" sizes=\"auto, (max-width: 259px) 100vw, 259px\"><\/a>\n\t\t\t<\/div><figcaption class=\"wp-caption-text gallery-caption\" id=\"gallery-1-496468\">\n\t\t\t\thttps:\/\/www.facebook.com\/fazekascukraszdabudapest\/<br \/>\n\t\t\t\t<\/figcaption><\/figure>\n<\/p><\/div>\n<p>La Manifattura Fazekas, che opera dal 2017, ha iniziato come panificio di famiglia Allontanandosi da quello, si sono trasferiti nella pasticceria e nella gelateria.<\/p>\n<blockquote>\n<p>I loro dolci speciali e riccamente aromatizzati sono una vera esperienza gastronomica.<\/p>\n<\/blockquote>\n<p>Non mettono esaltatori di sapidit\u00e0 o coloranti nel loro gelato Frutta, cioccolato, vaniglia e semi oleosi sono gli ingredienti Nel 2019, il gelato al pistacchio di \u00c1d\u00e1m Fazekas ha vinto la medaglia d&#8217;oro al concorso Gelato Festival Europa.<\/p>\n<h2><a href=\"https:\/\/www.facebook.com\/Az%C3%BAr-Fagyiz%C3%B3-103483747933746\" target=\"_blank\" rel=\"noopener\">Az\u00far<\/a><\/h2>\n<div id=\"gallery-2\" class=\"gallery galleryid-496436 gallery-columns-3 gallery-size-thumbnail\">\n<figure class=\"gallery-item\">\n<div class=\"gallery-icon portrait\">\n\t\t\t\t<a href=\"https:\/\/dailynewshungary.com\/it\/il-miglior-gelato-di-budapest-in-questo-momento\/\"><img loading=\"lazy\" decoding=\"async\" width=\"160\" height=\"200\" src=\"https:\/\/contentf5.dailynewshungary.com\/wp-content\/uploads\/2022\/06\/Azur6.jpg\" class=\"attachment-thumbnail size-thumbnail\" alt=\"budapest estiva di gelato\" aria-describedby=\"gallery-2-496479\" srcset=\"https:\/\/contentf5.dailynewshungary.com\/wp-content\/uploads\/2022\/06\/Azur6.jpg 480w, https:\/\/contentf5.dailynewshungary.com\/wp-content\/uploads\/2022\/06\/Azur6-350x438.jpg 350w, https:\/\/contentf5.dailynewshungary.com\/wp-content\/uploads\/2022\/06\/Azur6-248x311.jpg 248w, https:\/\/contentf5.dailynewshungary.com\/wp-content\/uploads\/2022\/06\/Azur6-117x146.jpg 117w, https:\/\/contentf5.dailynewshungary.com\/wp-content\/uploads\/2022\/06\/Azur6-40x50.jpg 40w, https:\/\/contentf5.dailynewshungary.com\/wp-content\/uploads\/2022\/06\/Azur6-60x75.jpg 60w\" sizes=\"auto, (max-width: 160px) 100vw, 160px\"><\/a>\n\t\t\t<\/div><figcaption class=\"wp-caption-text gallery-caption\" id=\"gallery-2-496479\">\n\t\t\t\tFoto: https:\/\/www.facebook.com\/Az%C3%BAr-Fagyiz%C3%B3-103483747933746<br \/>\n\t\t\t\t<\/figcaption><\/figure>\n<figure class=\"gallery-item\">\n<div class=\"gallery-icon portrait\">\n\t\t\t\t<a href=\"https:\/\/dailynewshungary.com\/it\/il-miglior-gelato-di-budapest-in-questo-momento\/\"><img loading=\"lazy\" decoding=\"async\" width=\"160\" height=\"200\" src=\"https:\/\/contentf5.dailynewshungary.com\/wp-content\/uploads\/2022\/06\/Azur5.jpg\" class=\"attachment-thumbnail size-thumbnail\" alt=\"budapest estiva di gelato\" aria-describedby=\"gallery-2-496478\" srcset=\"https:\/\/contentf5.dailynewshungary.com\/wp-content\/uploads\/2022\/06\/Azur5.jpg 736w, https:\/\/contentf5.dailynewshungary.com\/wp-content\/uploads\/2022\/06\/Azur5-350x438.jpg 350w, https:\/\/contentf5.dailynewshungary.com\/wp-content\/uploads\/2022\/06\/Azur5-248x310.jpg 248w, https:\/\/contentf5.dailynewshungary.com\/wp-content\/uploads\/2022\/06\/Azur5-117x146.jpg 117w, https:\/\/contentf5.dailynewshungary.com\/wp-content\/uploads\/2022\/06\/Azur5-40x50.jpg 40w, https:\/\/contentf5.dailynewshungary.com\/wp-content\/uploads\/2022\/06\/Azur5-60x75.jpg 60w\" sizes=\"auto, (max-width: 160px) 100vw, 160px\"><\/a>\n\t\t\t<\/div><figcaption class=\"wp-caption-text gallery-caption\" id=\"gallery-2-496478\">\n\t\t\t\tFoto: https:\/\/www.facebook.com\/Az%C3%BAr-Fagyiz%C3%B3-103483747933746<br \/>\n\t\t\t\t<\/figcaption><\/figure>\n<figure class=\"gallery-item\">\n<div class=\"gallery-icon portrait\">\n\t\t\t\t<a href=\"https:\/\/dailynewshungary.com\/it\/il-miglior-gelato-di-budapest-in-questo-momento\/\"><img loading=\"lazy\" decoding=\"async\" width=\"160\" height=\"200\" src=\"https:\/\/contentf5.dailynewshungary.com\/wp-content\/uploads\/2022\/06\/Azur4.jpg\" class=\"attachment-thumbnail size-thumbnail\" alt=\"budapest estiva di gelato\" aria-describedby=\"gallery-2-496477\" srcset=\"https:\/\/contentf5.dailynewshungary.com\/wp-content\/uploads\/2022\/06\/Azur4.jpg 1080w, https:\/\/contentf5.dailynewshungary.com\/wp-content\/uploads\/2022\/06\/Azur4-768x961.jpg 768w, https:\/\/contentf5.dailynewshungary.com\/wp-content\/uploads\/2022\/06\/Azur4-350x438.jpg 350w, https:\/\/contentf5.dailynewshungary.com\/wp-content\/uploads\/2022\/06\/Azur4-248x310.jpg 248w, https:\/\/contentf5.dailynewshungary.com\/wp-content\/uploads\/2022\/06\/Azur4-1030x1288.jpg 1030w, https:\/\/contentf5.dailynewshungary.com\/wp-content\/uploads\/2022\/06\/Azur4-117x146.jpg 117w, https:\/\/contentf5.dailynewshungary.com\/wp-content\/uploads\/2022\/06\/Azur4-40x50.jpg 40w, https:\/\/contentf5.dailynewshungary.com\/wp-content\/uploads\/2022\/06\/Azur4-60x75.jpg 60w\" sizes=\"auto, (max-width: 160px) 100vw, 160px\"><\/a>\n\t\t\t<\/div><figcaption class=\"wp-caption-text gallery-caption\" id=\"gallery-2-496477\">\n\t\t\t\tFoto: https:\/\/www.facebook.com\/Az%C3%BAr-Fagyiz%C3%B3-103483747933746<br \/>\n\t\t\t\t<\/figcaption><\/figure>\n<figure class=\"gallery-item\">\n<div class=\"gallery-icon portrait\">\n\t\t\t\t<a href=\"https:\/\/dailynewshungary.com\/it\/il-miglior-gelato-di-budapest-in-questo-momento\/\"><img loading=\"lazy\" decoding=\"async\" width=\"160\" height=\"200\" src=\"https:\/\/contentf5.dailynewshungary.com\/wp-content\/uploads\/2022\/06\/Azur3.jpg\" class=\"attachment-thumbnail size-thumbnail\" alt=\"budapest estiva di gelato\" aria-describedby=\"gallery-2-496476\" srcset=\"https:\/\/contentf5.dailynewshungary.com\/wp-content\/uploads\/2022\/06\/Azur3.jpg 1152w, https:\/\/contentf5.dailynewshungary.com\/wp-content\/uploads\/2022\/06\/Azur3-768x960.jpg 768w, https:\/\/contentf5.dailynewshungary.com\/wp-content\/uploads\/2022\/06\/Azur3-350x438.jpg 350w, https:\/\/contentf5.dailynewshungary.com\/wp-content\/uploads\/2022\/06\/Azur3-248x310.jpg 248w, https:\/\/contentf5.dailynewshungary.com\/wp-content\/uploads\/2022\/06\/Azur3-1030x1288.jpg 1030w, https:\/\/contentf5.dailynewshungary.com\/wp-content\/uploads\/2022\/06\/Azur3-117x146.jpg 117w, https:\/\/contentf5.dailynewshungary.com\/wp-content\/uploads\/2022\/06\/Azur3-40x50.jpg 40w, https:\/\/contentf5.dailynewshungary.com\/wp-content\/uploads\/2022\/06\/Azur3-60x75.jpg 60w\" sizes=\"auto, (max-width: 160px) 100vw, 160px\"><\/a>\n\t\t\t<\/div><figcaption class=\"wp-caption-text gallery-caption\" id=\"gallery-2-496476\">\n\t\t\t\tFoto: https:\/\/www.facebook.com\/Az%C3%BAr-Fagyiz%C3%B3-103483747933746<br \/>\n\t\t\t\t<\/figcaption><\/figure>\n<figure class=\"gallery-item\">\n<div class=\"gallery-icon portrait\">\n\t\t\t\t<a href=\"https:\/\/dailynewshungary.com\/it\/il-miglior-gelato-di-budapest-in-questo-momento\/\"><img loading=\"lazy\" decoding=\"async\" width=\"160\" height=\"200\" src=\"https:\/\/contentf5.dailynewshungary.com\/wp-content\/uploads\/2022\/06\/Azur2.jpg\" class=\"attachment-thumbnail size-thumbnail\" alt=\"budapest estiva di gelato\" aria-describedby=\"gallery-2-496475\" srcset=\"https:\/\/contentf5.dailynewshungary.com\/wp-content\/uploads\/2022\/06\/Azur2.jpg 750w, https:\/\/contentf5.dailynewshungary.com\/wp-content\/uploads\/2022\/06\/Azur2-350x438.jpg 350w, https:\/\/contentf5.dailynewshungary.com\/wp-content\/uploads\/2022\/06\/Azur2-248x310.jpg 248w, https:\/\/contentf5.dailynewshungary.com\/wp-content\/uploads\/2022\/06\/Azur2-117x146.jpg 117w, https:\/\/contentf5.dailynewshungary.com\/wp-content\/uploads\/2022\/06\/Azur2-40x50.jpg 40w, https:\/\/contentf5.dailynewshungary.com\/wp-content\/uploads\/2022\/06\/Azur2-60x75.jpg 60w\" sizes=\"auto, (max-width: 160px) 100vw, 160px\"><\/a>\n\t\t\t<\/div><figcaption class=\"wp-caption-text gallery-caption\" id=\"gallery-2-496475\">\n\t\t\t\tFoto: https:\/\/www.facebook.com\/Az%C3%BAr-Fagyiz%C3%B3-103483747933746<br \/>\n\t\t\t\t<\/figcaption><\/figure>\n<figure class=\"gallery-item\">\n<div class=\"gallery-icon portrait\">\n\t\t\t\t<a href=\"https:\/\/dailynewshungary.com\/it\/il-miglior-gelato-di-budapest-in-questo-momento\/\"><img loading=\"lazy\" decoding=\"async\" width=\"160\" height=\"200\" src=\"https:\/\/contentf5.dailynewshungary.com\/wp-content\/uploads\/2022\/06\/Azur1.jpg\" class=\"attachment-thumbnail size-thumbnail\" alt=\"budapest estiva di gelato\" aria-describedby=\"gallery-2-496474\" srcset=\"https:\/\/contentf5.dailynewshungary.com\/wp-content\/uploads\/2022\/06\/Azur1.jpg 1080w, https:\/\/contentf5.dailynewshungary.com\/wp-content\/uploads\/2022\/06\/Azur1-768x961.jpg 768w, https:\/\/contentf5.dailynewshungary.com\/wp-content\/uploads\/2022\/06\/Azur1-350x438.jpg 350w, https:\/\/contentf5.dailynewshungary.com\/wp-content\/uploads\/2022\/06\/Azur1-248x310.jpg 248w, https:\/\/contentf5.dailynewshungary.com\/wp-content\/uploads\/2022\/06\/Azur1-1030x1288.jpg 1030w, https:\/\/contentf5.dailynewshungary.com\/wp-content\/uploads\/2022\/06\/Azur1-117x146.jpg 117w, https:\/\/contentf5.dailynewshungary.com\/wp-content\/uploads\/2022\/06\/Azur1-40x50.jpg 40w, https:\/\/contentf5.dailynewshungary.com\/wp-content\/uploads\/2022\/06\/Azur1-60x75.jpg 60w\" sizes=\"auto, (max-width: 160px) 100vw, 160px\"><\/a>\n\t\t\t<\/div><figcaption class=\"wp-caption-text gallery-caption\" id=\"gallery-2-496474\">\n\t\t\t\tFoto: https:\/\/www.facebook.com\/Az%C3%BAr-Fagyiz%C3%B3-103483747933746<br \/>\n\t\t\t\t<\/figcaption><\/figure>\n<\/p><\/div>\n<p>Nel 2014, Az\u00far ha aperto in un piccolo negozio nel 13\u00b0 distretto Offrono 120 gusti, con una selezione giornaliera Offrono gelato senza zucchero, senza lattosio, senza glutine e anche vegano Il prezzo di un misurino da 6 dkg va da 370 a 450 HUF (<strong>0,95-1,16 euro<\/strong>).<\/p>\n<blockquote>\n<p>Az\u00far mira a combinare ricette tradizionali con gusti moderni.<\/p>\n<\/blockquote>\n<p><a class=\"dnh-embed-link\" href=\"https:\/\/dailynewshungary.com\/it\/51-piatti-ungheresi-piu-strani\/\"><\/p>\n<div class=\"dnh-embed\">\n<div class=\"dnh-embed-thumb\"><img loading=\"lazy\" decoding=\"async\" width=\"350\" height=\"293\" src=\"https:\/\/contentf5.dailynewshungary.com\/wp-content\/uploads\/2022\/01\/Spenot-fozelek-tojassal-350x293.jpg\" class=\"attachment-embed_thumbnail size-embed_thumbnail wp-post-image\" alt=\"Spenot fozelek tojassal\" srcset=\"https:\/\/contentf5.dailynewshungary.com\/wp-content\/uploads\/2022\/01\/Spenot-fozelek-tojassal-350x293.jpg 350w, https:\/\/contentf5.dailynewshungary.com\/wp-content\/uploads\/2022\/01\/Spenot-fozelek-tojassal-768x644.jpg 768w, https:\/\/contentf5.dailynewshungary.com\/wp-content\/uploads\/2022\/01\/Spenot-fozelek-tojassal-248x208.jpg 248w, https:\/\/contentf5.dailynewshungary.com\/wp-content\/uploads\/2022\/01\/Spenot-fozelek-tojassal-174x146.jpg 174w, https:\/\/contentf5.dailynewshungary.com\/wp-content\/uploads\/2022\/01\/Spenot-fozelek-tojassal-50x42.jpg 50w, https:\/\/contentf5.dailynewshungary.com\/wp-content\/uploads\/2022\/01\/Spenot-fozelek-tojassal-89x75.jpg 89w, https:\/\/contentf5.dailynewshungary.com\/wp-content\/uploads\/2022\/01\/Spenot-fozelek-tojassal.jpg 940w\" sizes=\"auto, (max-width: 350px) 100vw, 350px\"><\/div>\n<h5 class=\"dnh-embed-title\"><span>Leggi anche<\/span>5+1 piatti ungheresi pi\u00f9 strani<\/h5>\n<\/div>\n<p><\/a><\/p>\n<h2><a href=\"https:\/\/www.facebook.com\/sissifagylalt\" target=\"_blank\" rel=\"noopener\">Sissi<\/a><\/h2>\n<div id=\"gallery-3\" class=\"gallery galleryid-496436 gallery-columns-3 gallery-size-thumbnail\">\n<figure class=\"gallery-item\">\n<div class=\"gallery-icon landscape\">\n\t\t\t\t<a href=\"https:\/\/dailynewshungary.com\/it\/il-miglior-gelato-di-budapest-in-questo-momento\/\"><img loading=\"lazy\" decoding=\"async\" width=\"282\" height=\"188\" src=\"https:\/\/contentf5.dailynewshungary.com\/wp-content\/uploads\/2022\/06\/Sissi1.jpg\" class=\"attachment-thumbnail size-thumbnail\" alt=\"budapest estiva di gelato\" aria-describedby=\"gallery-3-496480\" srcset=\"https:\/\/contentf5.dailynewshungary.com\/wp-content\/uploads\/2022\/06\/Sissi1.jpg 1600w, https:\/\/contentf5.dailynewshungary.com\/wp-content\/uploads\/2022\/06\/Sissi1-768x511.jpg 768w, https:\/\/contentf5.dailynewshungary.com\/wp-content\/uploads\/2022\/06\/Sissi1-1536x1022.jpg 1536w, https:\/\/contentf5.dailynewshungary.com\/wp-content\/uploads\/2022\/06\/Sissi1-350x233.jpg 350w, https:\/\/contentf5.dailynewshungary.com\/wp-content\/uploads\/2022\/06\/Sissi1-248x165.jpg 248w, https:\/\/contentf5.dailynewshungary.com\/wp-content\/uploads\/2022\/06\/Sissi1-1030x686.jpg 1030w, https:\/\/contentf5.dailynewshungary.com\/wp-content\/uploads\/2022\/06\/Sissi1-219x146.jpg 219w, https:\/\/contentf5.dailynewshungary.com\/wp-content\/uploads\/2022\/06\/Sissi1-50x33.jpg 50w, https:\/\/contentf5.dailynewshungary.com\/wp-content\/uploads\/2022\/06\/Sissi1-113x75.jpg 113w\" sizes=\"auto, (max-width: 282px) 100vw, 282px\"><\/a>\n\t\t\t<\/div><figcaption class=\"wp-caption-text gallery-caption\" id=\"gallery-3-496480\">\n\t\t\t\tFoto: https:\/\/www.facebook.com\/sissifagylalt<br \/>\n\t\t\t\t<\/figcaption><\/figure>\n<figure class=\"gallery-item\">\n<div class=\"gallery-icon landscape\">\n\t\t\t\t<a href=\"https:\/\/dailynewshungary.com\/it\/il-miglior-gelato-di-budapest-in-questo-momento\/\"><img loading=\"lazy\" decoding=\"async\" width=\"282\" height=\"111\" src=\"https:\/\/contentf5.dailynewshungary.com\/wp-content\/uploads\/2022\/06\/Sissi6.jpg\" class=\"attachment-thumbnail size-thumbnail\" alt=\"budapest estiva di gelato\" aria-describedby=\"gallery-3-496484\" srcset=\"https:\/\/contentf5.dailynewshungary.com\/wp-content\/uploads\/2022\/06\/Sissi6.jpg 1717w, https:\/\/contentf5.dailynewshungary.com\/wp-content\/uploads\/2022\/06\/Sissi6-768x302.jpg 768w, https:\/\/contentf5.dailynewshungary.com\/wp-content\/uploads\/2022\/06\/Sissi6-1536x605.jpg 1536w, https:\/\/contentf5.dailynewshungary.com\/wp-content\/uploads\/2022\/06\/Sissi6-350x138.jpg 350w, https:\/\/contentf5.dailynewshungary.com\/wp-content\/uploads\/2022\/06\/Sissi6-248x98.jpg 248w, https:\/\/contentf5.dailynewshungary.com\/wp-content\/uploads\/2022\/06\/Sissi6-1030x406.jpg 1030w, https:\/\/contentf5.dailynewshungary.com\/wp-content\/uploads\/2022\/06\/Sissi6-260x102.jpg 260w, https:\/\/contentf5.dailynewshungary.com\/wp-content\/uploads\/2022\/06\/Sissi6-50x20.jpg 50w, https:\/\/contentf5.dailynewshungary.com\/wp-content\/uploads\/2022\/06\/Sissi6-150x59.jpg 150w, https:\/\/contentf5.dailynewshungary.com\/wp-content\/uploads\/2022\/06\/Sissi6-1280x500.jpg 1280w\" sizes=\"auto, (max-width: 282px) 100vw, 282px\"><\/a>\n\t\t\t<\/div><figcaption class=\"wp-caption-text gallery-caption\" id=\"gallery-3-496484\">\n\t\t\t\tFoto: https:\/\/www.facebook.com\/sissifagylalt<br \/>\n\t\t\t\t<\/figcaption><\/figure>\n<figure class=\"gallery-item\">\n<div class=\"gallery-icon landscape\">\n\t\t\t\t<a href=\"https:\/\/dailynewshungary.com\/it\/il-miglior-gelato-di-budapest-in-questo-momento\/\"><img loading=\"lazy\" decoding=\"async\" width=\"233\" height=\"200\" src=\"https:\/\/contentf5.dailynewshungary.com\/wp-content\/uploads\/2022\/06\/Sissi2.jpg\" class=\"attachment-thumbnail size-thumbnail\" alt=\"budapest estiva di gelato\" aria-describedby=\"gallery-3-496481\" srcset=\"https:\/\/contentf5.dailynewshungary.com\/wp-content\/uploads\/2022\/06\/Sissi2.jpg 1765w, https:\/\/contentf5.dailynewshungary.com\/wp-content\/uploads\/2022\/06\/Sissi2-768x660.jpg 768w, https:\/\/contentf5.dailynewshungary.com\/wp-content\/uploads\/2022\/06\/Sissi2-1536x1320.jpg 1536w, https:\/\/contentf5.dailynewshungary.com\/wp-content\/uploads\/2022\/06\/Sissi2-350x301.jpg 350w, https:\/\/contentf5.dailynewshungary.com\/wp-content\/uploads\/2022\/06\/Sissi2-248x213.jpg 248w, https:\/\/contentf5.dailynewshungary.com\/wp-content\/uploads\/2022\/06\/Sissi2-1030x885.jpg 1030w, https:\/\/contentf5.dailynewshungary.com\/wp-content\/uploads\/2022\/06\/Sissi2-170x146.jpg 170w, https:\/\/contentf5.dailynewshungary.com\/wp-content\/uploads\/2022\/06\/Sissi2-50x43.jpg 50w, https:\/\/contentf5.dailynewshungary.com\/wp-content\/uploads\/2022\/06\/Sissi2-87x75.jpg 87w\" sizes=\"auto, (max-width: 233px) 100vw, 233px\"><\/a>\n\t\t\t<\/div><figcaption class=\"wp-caption-text gallery-caption\" id=\"gallery-3-496481\">\n\t\t\t\tFoto: https:\/\/www.facebook.com\/sissifagylalt<br \/>\n\t\t\t\t<\/figcaption><\/figure>\n<figure class=\"gallery-item\">\n<div class=\"gallery-icon landscape\">\n\t\t\t\t<a href=\"https:\/\/dailynewshungary.com\/it\/il-miglior-gelato-di-budapest-in-questo-momento\/\"><img loading=\"lazy\" decoding=\"async\" width=\"282\" height=\"188\" src=\"https:\/\/contentf5.dailynewshungary.com\/wp-content\/uploads\/2022\/06\/Sissi5.jpg\" class=\"attachment-thumbnail size-thumbnail\" alt=\"budapest estiva di gelato\" aria-describedby=\"gallery-3-496483\" srcset=\"https:\/\/contentf5.dailynewshungary.com\/wp-content\/uploads\/2022\/06\/Sissi5.jpg 2048w, https:\/\/contentf5.dailynewshungary.com\/wp-content\/uploads\/2022\/06\/Sissi5-768x512.jpg 768w, https:\/\/contentf5.dailynewshungary.com\/wp-content\/uploads\/2022\/06\/Sissi5-1536x1024.jpg 1536w, https:\/\/contentf5.dailynewshungary.com\/wp-content\/uploads\/2022\/06\/Sissi5-350x233.jpg 350w, https:\/\/contentf5.dailynewshungary.com\/wp-content\/uploads\/2022\/06\/Sissi5-248x165.jpg 248w, https:\/\/contentf5.dailynewshungary.com\/wp-content\/uploads\/2022\/06\/Sissi5-1030x686.jpg 1030w, https:\/\/contentf5.dailynewshungary.com\/wp-content\/uploads\/2022\/06\/Sissi5-219x146.jpg 219w, https:\/\/contentf5.dailynewshungary.com\/wp-content\/uploads\/2022\/06\/Sissi5-50x33.jpg 50w, https:\/\/contentf5.dailynewshungary.com\/wp-content\/uploads\/2022\/06\/Sissi5-113x75.jpg 113w\" sizes=\"auto, (max-width: 282px) 100vw, 282px\"><\/a>\n\t\t\t<\/div><figcaption class=\"wp-caption-text gallery-caption\" id=\"gallery-3-496483\">\n\t\t\t\tFoto: https:\/\/www.facebook.com\/sissifagylalt<br \/>\n\t\t\t\t<\/figcaption><\/figure>\n<figure class=\"gallery-item\">\n<div class=\"gallery-icon landscape\">\n\t\t\t\t<a href=\"https:\/\/dailynewshungary.com\/it\/il-miglior-gelato-di-budapest-in-questo-momento\/\"><img loading=\"lazy\" decoding=\"async\" width=\"282\" height=\"112\" src=\"https:\/\/contentf5.dailynewshungary.com\/wp-content\/uploads\/2022\/06\/Sissi4.jpg\" class=\"attachment-thumbnail size-thumbnail\" alt=\"budapest estiva di gelato\" aria-describedby=\"gallery-3-496482\" srcset=\"https:\/\/contentf5.dailynewshungary.com\/wp-content\/uploads\/2022\/06\/Sissi4.jpg 1946w, https:\/\/contentf5.dailynewshungary.com\/wp-content\/uploads\/2022\/06\/Sissi4-768x304.jpg 768w, https:\/\/contentf5.dailynewshungary.com\/wp-content\/uploads\/2022\/06\/Sissi4-1536x609.jpg 1536w, https:\/\/contentf5.dailynewshungary.com\/wp-content\/uploads\/2022\/06\/Sissi4-350x139.jpg 350w, https:\/\/contentf5.dailynewshungary.com\/wp-content\/uploads\/2022\/06\/Sissi4-248x98.jpg 248w, https:\/\/contentf5.dailynewshungary.com\/wp-content\/uploads\/2022\/06\/Sissi4-1920x771.jpg 1920w, https:\/\/contentf5.dailynewshungary.com\/wp-content\/uploads\/2022\/06\/Sissi4-1030x408.jpg 1030w, https:\/\/contentf5.dailynewshungary.com\/wp-content\/uploads\/2022\/06\/Sissi4-260x103.jpg 260w, https:\/\/contentf5.dailynewshungary.com\/wp-content\/uploads\/2022\/06\/Sissi4-50x20.jpg 50w, https:\/\/contentf5.dailynewshungary.com\/wp-content\/uploads\/2022\/06\/Sissi4-150x59.jpg 150w\" sizes=\"auto, (max-width: 282px) 100vw, 282px\"><\/a>\n\t\t\t<\/div><figcaption class=\"wp-caption-text gallery-caption\" id=\"gallery-3-496482\">\n\t\t\t\tFoto: https:\/\/www.facebook.com\/sissifagylalt<br \/>\n\t\t\t\t<\/figcaption><\/figure>\n<\/p><\/div>\n<p>La storica gelateria Sissi si trova in molti luoghi. Puoi trovare le loro gelaterie a G\u00f6d\u00f6ll the, Veresegyh\u00e1za, Szentendre, Balatonakarattya e nel 16\u00b0 distretto di Budapest.<\/p>\n<blockquote>\n<p>Hanno vinto il premio del pubblico per il gelato dell&#8217;anno nel 2021.<\/p>\n<\/blockquote>\n<p>Hanno vinto anche la medaglia d&#8217;argento della giuria professionale e un premio speciale. \u201cPensiamo che sia importante per te semplicemente goderti la delizia e i sapori.\u201d Andrea Koncz ha iniziato a lavorare con il gelato nel 1989. Successivamente, la salubrit\u00e0 \u00e8 diventata un obiettivo centrale. Sissi crea versioni gelato dei tradizionali biscotti ungheresi. I gelati al seme di papavero, alla torta di tamburo, alla ricotta rudi (T\u00far\u00f3 rudi) sono apprezzati sia dai giovani che dagli anziani.<\/p>\n<h2><a href=\"https:\/\/www.facebook.com\/ValdoccoAstoria\/\" target=\"_blank\" rel=\"noopener\">Valdocco<\/a><\/h2>\n<div id=\"gallery-4\" class=\"gallery galleryid-496436 gallery-columns-3 gallery-size-thumbnail\">\n<figure class=\"gallery-item\">\n<div class=\"gallery-icon landscape\">\n\t\t\t\t<a href=\"https:\/\/dailynewshungary.com\/it\/il-miglior-gelato-di-budapest-in-questo-momento\/\"><img loading=\"lazy\" decoding=\"async\" width=\"267\" height=\"200\" src=\"https:\/\/contentf5.dailynewshungary.com\/wp-content\/uploads\/2022\/06\/Valdocco5.jpg\" class=\"attachment-thumbnail size-thumbnail\" alt=\"budapest estiva di gelato\" aria-describedby=\"gallery-4-496489\" srcset=\"https:\/\/contentf5.dailynewshungary.com\/wp-content\/uploads\/2022\/06\/Valdocco5.jpg 1280w, https:\/\/contentf5.dailynewshungary.com\/wp-content\/uploads\/2022\/06\/Valdocco5-768x576.jpg 768w, https:\/\/contentf5.dailynewshungary.com\/wp-content\/uploads\/2022\/06\/Valdocco5-350x263.jpg 350w, https:\/\/contentf5.dailynewshungary.com\/wp-content\/uploads\/2022\/06\/Valdocco5-248x186.jpg 248w, https:\/\/contentf5.dailynewshungary.com\/wp-content\/uploads\/2022\/06\/Valdocco5-1030x773.jpg 1030w, https:\/\/contentf5.dailynewshungary.com\/wp-content\/uploads\/2022\/06\/Valdocco5-195x146.jpg 195w, https:\/\/contentf5.dailynewshungary.com\/wp-content\/uploads\/2022\/06\/Valdocco5-50x38.jpg 50w, https:\/\/contentf5.dailynewshungary.com\/wp-content\/uploads\/2022\/06\/Valdocco5-100x75.jpg 100w, https:\/\/contentf5.dailynewshungary.com\/wp-content\/uploads\/2022\/06\/Valdocco5-960x720.jpg 960w\" sizes=\"auto, (max-width: 267px) 100vw, 267px\"><\/a>\n\t\t\t<\/div><figcaption class=\"wp-caption-text gallery-caption\" id=\"gallery-4-496489\">\n\t\t\t\tFoto: https:\/\/www.facebook.com\/ValdoccoAstoria<br \/>\n\t\t\t\t<\/figcaption><\/figure>\n<figure class=\"gallery-item\">\n<div class=\"gallery-icon portrait\">\n\t\t\t\t<a href=\"https:\/\/dailynewshungary.com\/it\/il-miglior-gelato-di-budapest-in-questo-momento\/\"><img loading=\"lazy\" decoding=\"async\" width=\"171\" height=\"200\" src=\"https:\/\/contentf5.dailynewshungary.com\/wp-content\/uploads\/2022\/06\/Valdocco4.jpg\" class=\"attachment-thumbnail size-thumbnail\" alt=\"budapest estiva di gelato\" aria-describedby=\"gallery-4-496488\" srcset=\"https:\/\/contentf5.dailynewshungary.com\/wp-content\/uploads\/2022\/06\/Valdocco4.jpg 821w, https:\/\/contentf5.dailynewshungary.com\/wp-content\/uploads\/2022\/06\/Valdocco4-768x898.jpg 768w, https:\/\/contentf5.dailynewshungary.com\/wp-content\/uploads\/2022\/06\/Valdocco4-350x409.jpg 350w, https:\/\/contentf5.dailynewshungary.com\/wp-content\/uploads\/2022\/06\/Valdocco4-248x290.jpg 248w, https:\/\/contentf5.dailynewshungary.com\/wp-content\/uploads\/2022\/06\/Valdocco4-125x146.jpg 125w, https:\/\/contentf5.dailynewshungary.com\/wp-content\/uploads\/2022\/06\/Valdocco4-43x50.jpg 43w, https:\/\/contentf5.dailynewshungary.com\/wp-content\/uploads\/2022\/06\/Valdocco4-64x75.jpg 64w\" sizes=\"auto, (max-width: 171px) 100vw, 171px\"><\/a>\n\t\t\t<\/div><figcaption class=\"wp-caption-text gallery-caption\" id=\"gallery-4-496488\">\n\t\t\t\tFoto: https:\/\/www.facebook.com\/ValdoccoAstoria<br \/>\n\t\t\t\t<\/figcaption><\/figure>\n<figure class=\"gallery-item\">\n<div class=\"gallery-icon portrait\">\n\t\t\t\t<a href=\"https:\/\/dailynewshungary.com\/it\/il-miglior-gelato-di-budapest-in-questo-momento\/\"><img loading=\"lazy\" decoding=\"async\" width=\"180\" height=\"200\" src=\"https:\/\/contentf5.dailynewshungary.com\/wp-content\/uploads\/2022\/06\/Valdocco1.jpg\" class=\"attachment-thumbnail size-thumbnail\" alt=\"budapest estiva di gelato\" aria-describedby=\"gallery-4-496485\" srcset=\"https:\/\/contentf5.dailynewshungary.com\/wp-content\/uploads\/2022\/06\/Valdocco1.jpg 1157w, https:\/\/contentf5.dailynewshungary.com\/wp-content\/uploads\/2022\/06\/Valdocco1-768x854.jpg 768w, https:\/\/contentf5.dailynewshungary.com\/wp-content\/uploads\/2022\/06\/Valdocco1-350x389.jpg 350w, https:\/\/contentf5.dailynewshungary.com\/wp-content\/uploads\/2022\/06\/Valdocco1-248x276.jpg 248w, https:\/\/contentf5.dailynewshungary.com\/wp-content\/uploads\/2022\/06\/Valdocco1-1030x1145.jpg 1030w, https:\/\/contentf5.dailynewshungary.com\/wp-content\/uploads\/2022\/06\/Valdocco1-131x146.jpg 131w, https:\/\/contentf5.dailynewshungary.com\/wp-content\/uploads\/2022\/06\/Valdocco1-45x50.jpg 45w, https:\/\/contentf5.dailynewshungary.com\/wp-content\/uploads\/2022\/06\/Valdocco1-67x75.jpg 67w\" sizes=\"auto, (max-width: 180px) 100vw, 180px\"><\/a>\n\t\t\t<\/div><figcaption class=\"wp-caption-text gallery-caption\" id=\"gallery-4-496485\">\n\t\t\t\tFoto: https:\/\/www.facebook.com\/ValdoccoAstoria<br \/>\n\t\t\t\t<\/figcaption><\/figure>\n<figure class=\"gallery-item\">\n<div class=\"gallery-icon portrait\">\n\t\t\t\t<a href=\"https:\/\/dailynewshungary.com\/it\/il-miglior-gelato-di-budapest-in-questo-momento\/\"><img loading=\"lazy\" decoding=\"async\" width=\"160\" height=\"200\" src=\"https:\/\/contentf5.dailynewshungary.com\/wp-content\/uploads\/2022\/06\/Valdocco3.jpg\" class=\"attachment-thumbnail size-thumbnail\" alt=\"budapest estiva di gelato\" aria-describedby=\"gallery-4-496487\" srcset=\"https:\/\/contentf5.dailynewshungary.com\/wp-content\/uploads\/2022\/06\/Valdocco3.jpg 1440w, https:\/\/contentf5.dailynewshungary.com\/wp-content\/uploads\/2022\/06\/Valdocco3-768x960.jpg 768w, https:\/\/contentf5.dailynewshungary.com\/wp-content\/uploads\/2022\/06\/Valdocco3-1229x1536.jpg 1229w, https:\/\/contentf5.dailynewshungary.com\/wp-content\/uploads\/2022\/06\/Valdocco3-350x438.jpg 350w, https:\/\/contentf5.dailynewshungary.com\/wp-content\/uploads\/2022\/06\/Valdocco3-248x310.jpg 248w, https:\/\/contentf5.dailynewshungary.com\/wp-content\/uploads\/2022\/06\/Valdocco3-1030x1288.jpg 1030w, https:\/\/contentf5.dailynewshungary.com\/wp-content\/uploads\/2022\/06\/Valdocco3-117x146.jpg 117w, https:\/\/contentf5.dailynewshungary.com\/wp-content\/uploads\/2022\/06\/Valdocco3-40x50.jpg 40w, https:\/\/contentf5.dailynewshungary.com\/wp-content\/uploads\/2022\/06\/Valdocco3-60x75.jpg 60w\" sizes=\"auto, (max-width: 160px) 100vw, 160px\"><\/a>\n\t\t\t<\/div><figcaption class=\"wp-caption-text gallery-caption\" id=\"gallery-4-496487\">\n\t\t\t\tFoto: https:\/\/www.facebook.com\/ValdoccoAstoria<br \/>\n\t\t\t\t<\/figcaption><\/figure>\n<figure class=\"gallery-item\">\n<div class=\"gallery-icon landscape\">\n\t\t\t\t<a href=\"https:\/\/dailynewshungary.com\/it\/il-miglior-gelato-di-budapest-in-questo-momento\/\"><img loading=\"lazy\" decoding=\"async\" width=\"267\" height=\"200\" src=\"https:\/\/contentf5.dailynewshungary.com\/wp-content\/uploads\/2022\/06\/Valdocco2.jpg\" class=\"attachment-thumbnail size-thumbnail\" alt=\"budapest estiva di gelato\" aria-describedby=\"gallery-4-496486\" srcset=\"https:\/\/contentf5.dailynewshungary.com\/wp-content\/uploads\/2022\/06\/Valdocco2.jpg 1080w, https:\/\/contentf5.dailynewshungary.com\/wp-content\/uploads\/2022\/06\/Valdocco2-768x576.jpg 768w, https:\/\/contentf5.dailynewshungary.com\/wp-content\/uploads\/2022\/06\/Valdocco2-350x263.jpg 350w, https:\/\/contentf5.dailynewshungary.com\/wp-content\/uploads\/2022\/06\/Valdocco2-248x186.jpg 248w, https:\/\/contentf5.dailynewshungary.com\/wp-content\/uploads\/2022\/06\/Valdocco2-1030x773.jpg 1030w, https:\/\/contentf5.dailynewshungary.com\/wp-content\/uploads\/2022\/06\/Valdocco2-195x146.jpg 195w, https:\/\/contentf5.dailynewshungary.com\/wp-content\/uploads\/2022\/06\/Valdocco2-50x38.jpg 50w, https:\/\/contentf5.dailynewshungary.com\/wp-content\/uploads\/2022\/06\/Valdocco2-100x75.jpg 100w, https:\/\/contentf5.dailynewshungary.com\/wp-content\/uploads\/2022\/06\/Valdocco2-960x720.jpg 960w\" sizes=\"auto, (max-width: 267px) 100vw, 267px\"><\/a>\n\t\t\t<\/div><figcaption class=\"wp-caption-text gallery-caption\" id=\"gallery-4-496486\">\n\t\t\t\tFoto: https:\/\/www.facebook.com\/ValdoccoAstoria<br \/>\n\t\t\t\t<\/figcaption><\/figure>\n<\/p><\/div>\n<p>Situata nel 5\u00b0 distretto del capoluogo, Valdocco \u00e8 famosa per le sue grandi porzioni, una paletta pesa 7-8 dkg, si possono per\u00f2 chiedere anche piccole palette per assaggiare pi\u00f9 sapori possibili, quelle pi\u00f9 apprezzate sono il cioccolato e il pistacchio, il vicino parco giochi aggiunge popolarit\u00e0 al locale.<\/p>\n<p><a class=\"dnh-embed-link\" href=\"https:\/\/dailynewshungary.com\/it\/lungheria-alla-conquista-del-mondo-con-un-dessert-nuovo-di-zecca\/\"><\/p>\n<div class=\"dnh-embed\">\n<div class=\"dnh-embed-thumb\"><img loading=\"lazy\" decoding=\"async\" width=\"350\" height=\"244\" src=\"https:\/\/contentf5.dailynewshungary.com\/wp-content\/uploads\/2022\/04\/Hungarian-dessert-350x244.webp\" class=\"attachment-embed_thumbnail size-embed_thumbnail wp-post-image\" alt=\"Dolce ungherese\" srcset=\"https:\/\/contentf5.dailynewshungary.com\/wp-content\/uploads\/2022\/04\/Hungarian-dessert-350x244.webp 350w, https:\/\/contentf5.dailynewshungary.com\/wp-content\/uploads\/2022\/04\/Hungarian-dessert-768x535.webp 768w, https:\/\/contentf5.dailynewshungary.com\/wp-content\/uploads\/2022\/04\/Hungarian-dessert-248x173.webp 248w, https:\/\/contentf5.dailynewshungary.com\/wp-content\/uploads\/2022\/04\/Hungarian-dessert-1030x717.webp 1030w, https:\/\/contentf5.dailynewshungary.com\/wp-content\/uploads\/2022\/04\/Hungarian-dessert-210x146.webp 210w, https:\/\/contentf5.dailynewshungary.com\/wp-content\/uploads\/2022\/04\/Hungarian-dessert-50x35.webp 50w, https:\/\/contentf5.dailynewshungary.com\/wp-content\/uploads\/2022\/04\/Hungarian-dessert-108x75.webp 108w, https:\/\/contentf5.dailynewshungary.com\/wp-content\/uploads\/2022\/04\/Hungarian-dessert.webp 1500w\" sizes=\"auto, (max-width: 350px) 100vw, 350px\"><\/div>\n<h5 class=\"dnh-embed-title\"><span>Leggi anche<\/span>L&#8217;Ungheria alla conquista del mondo con un dessert nuovo di zecca!<\/h5>\n<\/div>\n<p><\/a><\/p>\n","protected":false},"excerpt":{"rendered":"<p>L&#8217;estate \u00e8 di nuovo qui Nel 2022 il gelato sar\u00e0 ancora la cosa principale con cui rinfrescarsi Abbiamo riunito alcune gelaterie nella capitale ungherese dove avrete la certezza di non rimanere delusi Ecco le migliori gelaterie di Budapest. Fazekas Foto: https:\/\/www.facebook.com\/fazekascukraszdabudapest\/ https:\/\/www.facebook.com\/fazekascukraszdabudapest\/ https:\/\/www.facebook.com\/fazekascukraszdabudapest\/ https:\/\/www.facebook.com\/fazekascukraszdabudapest\/ https:\/\/www.facebook.com\/fazekascukraszdabudapest\/ https:\/\/www.facebook.com\/fazekascukraszdabudapest\/ La Manifattura Fazekas, che opera dal 2017, ha iniziato [&hellip;]<\/p>\n","protected":false},"author":48,"featured_media":0,"comment_status":"open","ping_status":"open","sticky":false,"template":"","format":"standard","meta":{"_display_image":"yes","footnotes":""},"categories":[1344],"tags":[1158,1147,1168,1401,1069],"class_list":["post-743598","post","type-post","status-publish","format-standard","hentry","category-speciale-ungheria","tag-budapest","tag-cibo","tag-gastronomia","tag-lista","tag-ungheria"],"blocksy_meta":[],"author_username":"bandrew","telegram_post":"","public_post_metadata":{"breaking_news":"","important":"","csempe":"","center_tile":"","disable_thumbnail":"","target_lang":"","_featured_image_style":"hidden","telegram_post":"","_xlat_group_id":""},"public_rank_math_data":{"title":"%titolo% %sep% %nomesito%","description":"Nel 2022 il gelato sar\u00e0 ancora la cosa principale con cui rinfrescarsi. Ecco alcune gelaterie nella capitale ungherese dove avrai la certezza di non rimanere deluso.","focus_keyword":"gelato","canonical_url":"","robots":"","primary_category":"1344","breadcrumb_title":"","facebook_title":"","facebook_description":"","facebook_image":"","facebook_image_id":"","twitter_title":"","twitter_description":"","twitter_image":"","twitter_image_id":"","twitter_card_type":"","twitter_use_facebook":"","advanced_robots":"","pillar_content":"","seo_score":"","contentai_score":"","rich_snippet":""},"_links":{"self":[{"href":"https:\/\/dailynewshungary.com\/it\/wp-json\/wp\/v2\/posts\/743598","targetHints":{"allow":["GET"]}}],"collection":[{"href":"https:\/\/dailynewshungary.com\/it\/wp-json\/wp\/v2\/posts"}],"about":[{"href":"https:\/\/dailynewshungary.com\/it\/wp-json\/wp\/v2\/types\/post"}],"author":[{"embeddable":true,"href":"https:\/\/dailynewshungary.com\/it\/wp-json\/wp\/v2\/users\/48"}],"replies":[{"embeddable":true,"href":"https:\/\/dailynewshungary.com\/it\/wp-json\/wp\/v2\/comments?post=743598"}],"version-history":[{"count":0,"href":"https:\/\/dailynewshungary.com\/it\/wp-json\/wp\/v2\/posts\/743598\/revisions"}],"wp:attachment":[{"href":"https:\/\/dailynewshungary.com\/it\/wp-json\/wp\/v2\/media?parent=743598"}],"wp:term":[{"taxonomy":"category","embeddable":true,"href":"https:\/\/dailynewshungary.com\/it\/wp-json\/wp\/v2\/categories?post=743598"},{"taxonomy":"post_tag","embeddable":true,"href":"https:\/\/dailynewshungary.com\/it\/wp-json\/wp\/v2\/tags?post=743598"}],"curies":[{"name":"wp","href":"https:\/\/api.w.org\/{rel}","templated":true}]}}