{"id":743881,"date":"2022-05-31T07:30:59","date_gmt":"2022-05-31T05:30:59","guid":{"rendered":"https:\/\/dailynewshungary.com\/it\/lungheria-sostiene-la-nomina-di-un-esperto-africano-a-capo-del-fondo-agricolo-delle-nazioni-unite\/"},"modified":"2022-05-31T07:30:59","modified_gmt":"2022-05-31T05:30:59","slug":"lungheria-sostiene-la-nomina-di-un-esperto-africano-a-capo-del-fondo-agricolo-delle-nazioni-unite","status":"publish","type":"post","link":"https:\/\/dailynewshungary.com\/it\/lungheria-sostiene-la-nomina-di-un-esperto-africano-a-capo-del-fondo-agricolo-delle-nazioni-unite\/","title":{"rendered":"L\u2019Ungheria sostiene la nomina di un esperto africano a capo del fondo agricolo delle Nazioni Unite"},"content":{"rendered":"<p><strong>L&#8217;Ungheria \u00e8 pronta a sostenere la nomina di un esperto dell&#8217;Africa a capo del Fondo internazionale per lo sviluppo agricolo, un&#8217;agenzia delle Nazioni Unite, ha detto luned\u00ec su Facebook il ministro degli Esteri P\u00e9ter Szijj\u00e1rt\u00f3.<\/strong><\/p>\n<p>Szijj\u00e1rt\u00f3 ha avuto colloqui con Raychelle Omamo, la sua controparte keniota, candidata del suo governo per la carica IFAD.<\/p>\n<p>Riferendosi a un&#8217;imminente crisi alimentare in Africa, ha affermato che la guerra in Ucraina ha gravi ramificazioni oltre l&#8217;Europa, sottolineando che Ucraina e Russia sono tra i maggiori esportatori di grano al mondo.<\/p>\n<blockquote>\n<p>\u201cMolti paesi africani richiedono sviluppi estremamente rapidi nell&#8217;agricoltura e nella loro industria alimentare, quindi sarebbe positivo se il candidato di un paese africano ricoprisse questa importante posizione,\u201d<\/p>\n<\/blockquote>\n<p>Szijj\u00e1rt\u00f3 ha detto.<\/p>\n<ul>\n<li>leggi anche: <a href=\"https:\/\/dailynewshungary.com\/it\/lungheria-ha-sollecitato-una-lotta-congiunta-contro-la-crisi-alimentare-nelle-nazioni-unite\/\">L\u2019Ungheria ha sollecitato una lotta congiunta contro la crisi alimentare nelle Nazioni Unite<\/a><\/li>\n<\/ul>\n","protected":false},"excerpt":{"rendered":"<p>L&#8217;Ungheria \u00e8 pronta a sostenere la nomina di un esperto dell&#8217;Africa a capo del Fondo internazionale per lo sviluppo agricolo, un&#8217;agenzia delle Nazioni Unite, ha detto luned\u00ec su Facebook il ministro degli Esteri P\u00e9ter Szijj\u00e1rt\u00f3. Szijj\u00e1rt\u00f3 ha avuto colloqui con Raychelle Omamo, la sua controparte keniota, candidata del suo governo per la carica IFAD. Riferendosi [&hellip;]<\/p>\n","protected":false},"author":2,"featured_media":743882,"comment_status":"open","ping_status":"open","sticky":false,"template":"","format":"standard","meta":{"_display_image":"no","footnotes":""},"categories":[1185],"tags":[1338,1272,1079,1417,1069],"class_list":["post-743881","post","type-post","status-publish","format-standard","has-post-thumbnail","hentry","category-politica-in-ungheria","tag-africa","tag-agricoltura","tag-governo-ungherese","tag-nazioni-unite","tag-ungheria"],"blocksy_meta":[],"author_username":"alk","telegram_post":"","public_post_metadata":{"breaking_news":"","important":"","csempe":"","center_tile":"","disable_thumbnail":"","target_lang":"","_featured_image_style":"hidden","telegram_post":"","_xlat_group_id":""},"public_rank_math_data":{"title":"%titolo% %sep% %nomesito%","description":"L\u2019Ungheria \u00e8 pronta a sostenere la nomina di un esperto africano a capo del Fondo internazionale per lo sviluppo agricolo.","focus_keyword":"agricolo","canonical_url":"","robots":"","primary_category":"1185","breadcrumb_title":"","facebook_title":"","facebook_description":"","facebook_image":"","facebook_image_id":"","twitter_title":"","twitter_description":"","twitter_image":"","twitter_image_id":"","twitter_card_type":"","twitter_use_facebook":"","advanced_robots":"","pillar_content":"","seo_score":"22","contentai_score":"","rich_snippet":""},"_links":{"self":[{"href":"https:\/\/dailynewshungary.com\/it\/wp-json\/wp\/v2\/posts\/743881","targetHints":{"allow":["GET"]}}],"collection":[{"href":"https:\/\/dailynewshungary.com\/it\/wp-json\/wp\/v2\/posts"}],"about":[{"href":"https:\/\/dailynewshungary.com\/it\/wp-json\/wp\/v2\/types\/post"}],"author":[{"embeddable":true,"href":"https:\/\/dailynewshungary.com\/it\/wp-json\/wp\/v2\/users\/2"}],"replies":[{"embeddable":true,"href":"https:\/\/dailynewshungary.com\/it\/wp-json\/wp\/v2\/comments?post=743881"}],"version-history":[{"count":0,"href":"https:\/\/dailynewshungary.com\/it\/wp-json\/wp\/v2\/posts\/743881\/revisions"}],"wp:featuredmedia":[{"embeddable":true,"href":"https:\/\/dailynewshungary.com\/it\/wp-json\/wp\/v2\/media\/743882"}],"wp:attachment":[{"href":"https:\/\/dailynewshungary.com\/it\/wp-json\/wp\/v2\/media?parent=743881"}],"wp:term":[{"taxonomy":"category","embeddable":true,"href":"https:\/\/dailynewshungary.com\/it\/wp-json\/wp\/v2\/categories?post=743881"},{"taxonomy":"post_tag","embeddable":true,"href":"https:\/\/dailynewshungary.com\/it\/wp-json\/wp\/v2\/tags?post=743881"}],"curies":[{"name":"wp","href":"https:\/\/api.w.org\/{rel}","templated":true}]}}