{"id":744580,"date":"2022-05-09T12:59:50","date_gmt":"2022-05-09T10:59:50","guid":{"rendered":"https:\/\/dailynewshungary.com\/it\/europarlamentare-fidesz-conferenza-sul-futuro-cavallo-della-troia-per-il-superstato-europeo-dellue\/"},"modified":"2022-05-09T12:59:50","modified_gmt":"2022-05-09T10:59:50","slug":"europarlamentare-fidesz-conferenza-sul-futuro-cavallo-della-troia-per-il-superstato-europeo-dellue","status":"publish","type":"post","link":"https:\/\/dailynewshungary.com\/it\/europarlamentare-fidesz-conferenza-sul-futuro-cavallo-della-troia-per-il-superstato-europeo-dellue\/","title":{"rendered":"Europarlamentare Fidesz: Conferenza sul futuro \u201ccavallo della Troia per il superstato europeo\u201d dell\u2019UE"},"content":{"rendered":"<p><strong>La conferenza sul futuro dell&#8217;Unione Europea, che si concluder\u00e0 luned\u00ec, \u00e8 stata infatti una tratta a cavallo di Troia per mascherare gli sforzi per la decentralizzazione delle stazioni e costruire un superstato europeo uniforme per sostituire gli stati nazionali, ha detto l&#8217;eurodeputato Fidesz e rettore dell&#8217;Universit\u00e0 di K\u00e1roli L\u00e1szl\u00f3 Tr\u00f3cs\u00e1nyi in un articolo pubblicato luned\u00ec sul quotidiano Magyar Nemzet.<\/strong><\/p>\n<p>In occasione del 9 maggio, Giornata dell&#8217;Europa, Tr\u00f3cs\u00e1nyi ha reso omaggio a \u201cprecedenti come Konrad Adenauer o Alcide De Gasperi, che cercavano di ricostruire l&#8217;Europa su basi cristiane\u201d ma ha aggiunto che \u201cesprimere un giudizio sui piani per il futuro non \u00e8 cos\u00ec semplice\u201d.<\/p>\n<p>Tr\u00f3cs\u00e1nyi ha insistito sul fatto che \u201cla performance dell&#8217;UE negli ultimi decenni ha messo in dubbio se la comunit\u00e0 sia sulla strada giusta; le sue reazioni alle crisi non sono state convincenti e le controversie sullo stato di diritto si sono approfondite, mentre il Regno Unito ha lasciato l\u2019UE e gli stati nazionali hanno avvertito pi\u00f9 volte che l\u2019UE dovrebbe rispettare i poteri nazionali\u201d.<\/p>\n<p>L&#8217;Ungheria ha partecipato alla conferenza durata un anno nella speranza che la comunit\u00e0 trovi nuovamente la strada giusta, ha detto Tr\u00f3cs\u00e1nyi, ma ha aggiunto che le conclusioni della conferenza potrebbero aprire la strada ad un&#8217;integrazione sempre pi\u00f9 profonda mentre&#8230; non solo unendo ma sostituendo i paesi membri\u201d.<\/p>\n<blockquote>\n<p>\u201cSi tratta di una negazione fondamentale del principio secondo cui non si pu\u00f2 costruire un&#8217;identit\u00e0 europea ma sulle identit\u00e0 nazionali\u201d.<\/p>\n<\/blockquote>\n<p>Rinnovare l\u2019UE \u00e8 inevitabile, ha detto Tr\u00f3cs\u00e1nyi, ma ha chiesto sforzi \u201c volti a proteggere la civilt\u00e0 europea\u201d che \u201cservono le identit\u00e0 costituzionali, le culture e le tradizioni delle nazioni europee\u201d e che \u201cmantiene variet\u00e0 piuttosto che ingombrare una federazione\u201d. Le strategie dovrebbero essere costruite su \u201ca desiderio degli Stati membri di concensus\u201d piuttosto che sull\u2019approccio \u201ctecnocratico della Commissione Europea mascherato in gergo\u201d.<\/p>\n<ul>\n<li>leggi anche: <a href=\"https:\/\/dailynewshungary.com\/it\/lex-ministro-della-giustizia-diventera-il-rettore-della-famosa-universita-ungherese\/\">L&#8217;ex ministro della Giustizia Tr\u00f3cs\u00e1nyi diventer\u00e0 il rettore della famosa universit\u00e0 ungherese<\/a><\/li>\n<li><a href=\"https:\/\/dailynewshungary.com\/it\/possono-essere-i-ministri-di-orban-nel-prossimo-governo\/\">Possono essere i ministri di Orb\u00e1n nel prossimo governo<\/a><\/li>\n<\/ul>\n","protected":false},"excerpt":{"rendered":"<p>La conferenza sul futuro dell&#8217;Unione Europea, che si concluder\u00e0 luned\u00ec, \u00e8 stata infatti una tratta a cavallo di Troia per mascherare gli sforzi per la decentralizzazione delle stazioni e costruire un superstato europeo uniforme per sostituire gli stati nazionali, ha detto l&#8217;eurodeputato Fidesz e rettore dell&#8217;Universit\u00e0 di K\u00e1roli L\u00e1szl\u00f3 Tr\u00f3cs\u00e1nyi in un articolo pubblicato luned\u00ec [&hellip;]<\/p>\n","protected":false},"author":2,"featured_media":744581,"comment_status":"open","ping_status":"open","sticky":false,"template":"","format":"standard","meta":{"_display_image":"yes","footnotes":""},"categories":[1185],"tags":[1078,1069,1075],"class_list":["post-744580","post","type-post","status-publish","format-standard","has-post-thumbnail","hentry","category-politica-in-ungheria","tag-fidesz","tag-ungheria","tag-unione-europea"],"blocksy_meta":[],"author_username":"alk","telegram_post":"","public_post_metadata":{"breaking_news":"","important":"","csempe":"","center_tile":"","disable_thumbnail":"","target_lang":"","_featured_image_style":"hidden","telegram_post":"","_xlat_group_id":""},"public_rank_math_data":{"title":"%titolo% %sep% %nomesito%","description":"La conferenza sul futuro dell'Unione Europea (UE), che si concluder\u00e0 luned\u00ec, \u00e8 stata \"di fatto un cavallo di Troia\" per mascherare gli sforzi...","focus_keyword":"UE","canonical_url":"","robots":"","primary_category":"1185","breadcrumb_title":"","facebook_title":"","facebook_description":"","facebook_image":"","facebook_image_id":"","twitter_title":"","twitter_description":"","twitter_image":"","twitter_image_id":"","twitter_card_type":"","twitter_use_facebook":"","advanced_robots":"","pillar_content":"","seo_score":"55","contentai_score":"","rich_snippet":""},"_links":{"self":[{"href":"https:\/\/dailynewshungary.com\/it\/wp-json\/wp\/v2\/posts\/744580","targetHints":{"allow":["GET"]}}],"collection":[{"href":"https:\/\/dailynewshungary.com\/it\/wp-json\/wp\/v2\/posts"}],"about":[{"href":"https:\/\/dailynewshungary.com\/it\/wp-json\/wp\/v2\/types\/post"}],"author":[{"embeddable":true,"href":"https:\/\/dailynewshungary.com\/it\/wp-json\/wp\/v2\/users\/2"}],"replies":[{"embeddable":true,"href":"https:\/\/dailynewshungary.com\/it\/wp-json\/wp\/v2\/comments?post=744580"}],"version-history":[{"count":0,"href":"https:\/\/dailynewshungary.com\/it\/wp-json\/wp\/v2\/posts\/744580\/revisions"}],"wp:featuredmedia":[{"embeddable":true,"href":"https:\/\/dailynewshungary.com\/it\/wp-json\/wp\/v2\/media\/744581"}],"wp:attachment":[{"href":"https:\/\/dailynewshungary.com\/it\/wp-json\/wp\/v2\/media?parent=744580"}],"wp:term":[{"taxonomy":"category","embeddable":true,"href":"https:\/\/dailynewshungary.com\/it\/wp-json\/wp\/v2\/categories?post=744580"},{"taxonomy":"post_tag","embeddable":true,"href":"https:\/\/dailynewshungary.com\/it\/wp-json\/wp\/v2\/tags?post=744580"}],"curies":[{"name":"wp","href":"https:\/\/api.w.org\/{rel}","templated":true}]}}