{"id":744633,"date":"2022-05-07T20:30:00","date_gmt":"2022-05-07T18:30:00","guid":{"rendered":"https:\/\/dailynewshungary.com\/it\/commissario-ungherese-per-lautonomia-dei-rumeni-non-credere-ai-tuoi-politici\/"},"modified":"2022-05-07T20:30:00","modified_gmt":"2022-05-07T18:30:00","slug":"commissario-ungherese-per-lautonomia-dei-rumeni-non-credere-ai-tuoi-politici","status":"publish","type":"post","link":"https:\/\/dailynewshungary.com\/it\/commissario-ungherese-per-lautonomia-dei-rumeni-non-credere-ai-tuoi-politici\/","title":{"rendered":"Commissario ungherese per l\u2019autonomia dei rumeni: \u201cnon credere ai tuoi politici!\u201d"},"content":{"rendered":"<p><strong>L&#8217;integrazione della comunit\u00e0 ungherese della Transilvania nella corrente principale della Romania, in assenza di diritti collettivi, equivarrebbe solo ad assimilazione, ha detto a Sfantu Katalin Szili, commissario del primo ministro per il coordinamento dei compiti legati alle aspirazioni di autonomia nel bacino dei Carpazi. Gheorghe (Sepsiszentgy\u00f6rgy) sabato, nella sessione di apertura del Consiglio nazionale ungherese in Transilvania.<\/strong><\/p>\n<p>Dopo aver ringraziato il vice primo ministro Zsolt Semj\u00e9n e \u00c1rp\u00e1d J\u00e1nos Pot\u00e1pi, segretario di Stato per le comunit\u00e0 ungheresi all&#8217;estero, Szili ha affermato che la nazione ungherese non \u00e8 mai stata cos\u00ec forte, unita o determinata nell&#8217;ottenere garanzie di sicurezza e prosperit\u00e0 come lo \u00e8 adesso, e ha ringraziato il Consiglio per il suo fermo impegno a favore dell&#8217;autonomia.<\/p>\n<blockquote>\n<p>\u201cLasciami mandare un messaggio al mainstream rumeno: non credere ai tuoi politici.<\/p>\n<\/blockquote>\n<ul>\n<li>Leggi anche: <a href=\"https:\/\/dailynewshungary.com\/it\/un-uomo-ungherese-crea-nuove-razze-animali-in-romania\/\">Un uomo ungherese crea nuove razze animali in Romania!<\/a><\/li>\n<\/ul>\n<p>Le nostre aspirazioni non riguardano la rottura di nulla ma piuttosto, sulla base del principio di sussidiariet\u00e0 europea, il diventare una comunit\u00e0 in grado di forgiare il proprio destino, ha affermato\u201d. \u201cAbbiamo bisogno del dialogo per garantire una comprensione comune che tutto ci\u00f2 riguarda la sopravvivenza di una comunit\u00e0, il suo futuro e l&#8217;identit\u00e0 dei nostri figli e nipoti.\u201d<\/p>\n","protected":false},"excerpt":{"rendered":"<p>L&#8217;integrazione della comunit\u00e0 ungherese della Transilvania nella corrente principale della Romania, in assenza di diritti collettivi, equivarrebbe solo ad assimilazione, ha detto a Sfantu Katalin Szili, commissario del primo ministro per il coordinamento dei compiti legati alle aspirazioni di autonomia nel bacino dei Carpazi. Gheorghe (Sepsiszentgy\u00f6rgy) sabato, nella sessione di apertura del Consiglio nazionale ungherese [&hellip;]<\/p>\n","protected":false},"author":50,"featured_media":744634,"comment_status":"open","ping_status":"open","sticky":false,"template":"","format":"standard","meta":{"_display_image":"","footnotes":""},"categories":[1185],"tags":[1079,1171,1224,1173,1069],"class_list":["post-744633","post","type-post","status-publish","format-standard","has-post-thumbnail","hentry","category-politica-in-ungheria","tag-governo-ungherese","tag-romania","tag-szeklerland","tag-transilvania","tag-ungheria"],"blocksy_meta":[],"author_username":"dnh","telegram_post":"","public_post_metadata":{"breaking_news":"","important":"","csempe":"","center_tile":"","disable_thumbnail":"","target_lang":"","_featured_image_style":"","telegram_post":"","_xlat_group_id":""},"public_rank_math_data":{"title":"%titolo% %sep% %nomesito%","description":"L'integrazione della comunit\u00e0 ungherese della Transilvania nella corrente principale della Romania, in assenza di diritti collettivi, equivarrebbe solo ad assimilazione, ha affermato il commissario per l'autonomia.","focus_keyword":"autonomia","canonical_url":"","robots":"","primary_category":"1185","breadcrumb_title":"","facebook_title":"","facebook_description":"","facebook_image":"","facebook_image_id":"","twitter_title":"","twitter_description":"","twitter_image":"","twitter_image_id":"","twitter_card_type":"","twitter_use_facebook":"","advanced_robots":"","pillar_content":"","seo_score":"64","contentai_score":"","rich_snippet":""},"_links":{"self":[{"href":"https:\/\/dailynewshungary.com\/it\/wp-json\/wp\/v2\/posts\/744633","targetHints":{"allow":["GET"]}}],"collection":[{"href":"https:\/\/dailynewshungary.com\/it\/wp-json\/wp\/v2\/posts"}],"about":[{"href":"https:\/\/dailynewshungary.com\/it\/wp-json\/wp\/v2\/types\/post"}],"author":[{"embeddable":true,"href":"https:\/\/dailynewshungary.com\/it\/wp-json\/wp\/v2\/users\/50"}],"replies":[{"embeddable":true,"href":"https:\/\/dailynewshungary.com\/it\/wp-json\/wp\/v2\/comments?post=744633"}],"version-history":[{"count":0,"href":"https:\/\/dailynewshungary.com\/it\/wp-json\/wp\/v2\/posts\/744633\/revisions"}],"wp:featuredmedia":[{"embeddable":true,"href":"https:\/\/dailynewshungary.com\/it\/wp-json\/wp\/v2\/media\/744634"}],"wp:attachment":[{"href":"https:\/\/dailynewshungary.com\/it\/wp-json\/wp\/v2\/media?parent=744633"}],"wp:term":[{"taxonomy":"category","embeddable":true,"href":"https:\/\/dailynewshungary.com\/it\/wp-json\/wp\/v2\/categories?post=744633"},{"taxonomy":"post_tag","embeddable":true,"href":"https:\/\/dailynewshungary.com\/it\/wp-json\/wp\/v2\/tags?post=744633"}],"curies":[{"name":"wp","href":"https:\/\/api.w.org\/{rel}","templated":true}]}}