{"id":744833,"date":"2022-05-02T07:30:00","date_gmt":"2022-05-02T05:30:00","guid":{"rendered":"https:\/\/dailynewshungary.com\/it\/orban-esztergom-e-il-collegamento-piu-importante-con-la-civilta-cristiana-occidentale\/"},"modified":"2022-05-02T07:30:00","modified_gmt":"2022-05-02T05:30:00","slug":"orban-esztergom-e-il-collegamento-piu-importante-con-la-civilta-cristiana-occidentale","status":"publish","type":"post","link":"https:\/\/dailynewshungary.com\/it\/orban-esztergom-e-il-collegamento-piu-importante-con-la-civilta-cristiana-occidentale\/","title":{"rendered":"Orb\u00e1n: \u201cEsztergom \u00e8 il collegamento pi\u00f9 importante con la civilt\u00e0 cristiana occidentale\u201d"},"content":{"rendered":"<p><strong>Il ripristino dello status della citt\u00e0 di Esztergom \u00e8 atteso da tempo, ha detto domenica il primo ministro Viktor Orb\u00e1n dopo una messa nella Basilica di Esztergom in occasione dell&#8217;anniversario dell&#8217;avvento di Esztergom come citt\u00e0 di rango di contea.<\/strong><\/p>\n<p>Esztergom \u00e8 una citt\u00e0 di importanza nazionale, ha detto Orb\u00e1n, aggiungendo che la citt\u00e0 ospita ogni \u201c ungherese anche se non la conoscono\u201d. \u201cOggi paghiamo il debito che noi ungheresi abbiamo con noi stessi,\u201d, ha detto il primo ministro, aggiungendo che negli ultimi anni Esztergom aveva dimostrato che non \u00e8 stata solo la sua storia a renderla una delle citt\u00e0 pi\u00f9 importanti dell&#8217;Ungheria, ma anche la diligenza, la forza, la cultura e il patriottismo dei suoi residenti.<\/p>\n<p>Orb\u00e1n ha sottolineato il forte legame tra il destino di Esztergom e la storia della nazione ungherese.<\/p>\n<blockquote>\n<p>\u201cEsztergom \u00e8 il nostro centro intellettuale e anche il nostro legame pi\u00f9 importante con la civilt\u00e0 cristiana occidentale di cui siamo diventati parte pi\u00f9 di mille anni fa,\u201d<\/p>\n<\/blockquote>\n<p>ha detto.<\/p>\n<ul>\n<li>Leggi anche: <a href=\"https:\/\/dailynewshungary.com\/it\/orban-la-gente-vuole-che-il-governo-li-protegga-da-covid-guerra-crisi\/\">Orb\u00e1n: la gente vuole che il governo li protegga da COVID, guerra, crisi<\/a><\/li>\n<\/ul>\n<p>Lo stato ungherese sarebbe inconcepibile senza Esztergom, ha detto Orb\u00e1n. Ha definito l&#8217;istituzione del primate la prima corte costituzionale dell&#8217;Ungheria\u201d, sostenendo che oltre ad essere responsabile dell&#8217;incoronazione dei re, l&#8217;arcivescovo di Esztergom aveva anche il dovere di assicurarsi che il re rispettasse la costituzione.<\/p>\n<p>Il primo ministro ha anche osservato che nel corso della sua storia Esztergom ha sopportato la sua parte di crisi. L&#8217;ex capitale della nazione \u00e8 stata devastata dai tartari e successivamente tradita dai mercenari stranieri ai turchi, ha detto. Il secolo scorso ha messo a dura prova anche Esztergom, ha detto Orb\u00e1n, sottolineando che con due terzi del territorio ungherese ceduto ai paesi vicini, \u00e8 passata dall&#8217;essere una citt\u00e0 nel mezzo del paese a una citt\u00e0 di confine nel nord.<\/p>\n<blockquote>\n<p>L&#8217;eliminazione del vecchio sistema provinciale da parte dei comunisti nel 1950 fu la \u201cnail nella bara\u201d per Esztergom,<\/p>\n<\/blockquote>\n<p>Orb\u00e1n ha detto.<\/p>\n<p>\u201cSiamo qui per riportare questa citt\u00e0 di importanza nazionale al suo status precedente, ha detto.<\/p>\n","protected":false},"excerpt":{"rendered":"<p>Il ripristino dello status della citt\u00e0 di Esztergom \u00e8 atteso da tempo, ha detto domenica il primo ministro Viktor Orb\u00e1n dopo una messa nella Basilica di Esztergom in occasione dell&#8217;anniversario dell&#8217;avvento di Esztergom come citt\u00e0 di rango di contea. Esztergom \u00e8 una citt\u00e0 di importanza nazionale, ha detto Orb\u00e1n, aggiungendo che la citt\u00e0 ospita ogni [&hellip;]<\/p>\n","protected":false},"author":50,"featured_media":744834,"comment_status":"open","ping_status":"open","sticky":false,"template":"","format":"standard","meta":{"_display_image":"yes","footnotes":""},"categories":[1207],"tags":[1069,1083],"class_list":["post-744833","post","type-post","status-publish","format-standard","has-post-thumbnail","hentry","category-societa-in-ungheria","tag-ungheria","tag-viktor-orban"],"blocksy_meta":[],"author_username":"dnh","telegram_post":"","public_post_metadata":{"breaking_news":"","important":"","csempe":"","center_tile":"","disable_thumbnail":"","target_lang":"","_featured_image_style":"hidden","telegram_post":"","_xlat_group_id":""},"public_rank_math_data":{"title":"%titolo% %sep% %nomesito%","description":"Il ripristino dello status della citt\u00e0 di Esztergom \u00e8 atteso da tempo, ha detto domenica il primo ministro Viktor Orb\u00e1n","focus_keyword":"Orb\u00e1n","canonical_url":"","robots":"","primary_category":"1207","breadcrumb_title":"","facebook_title":"","facebook_description":"","facebook_image":"","facebook_image_id":"","twitter_title":"","twitter_description":"","twitter_image":"","twitter_image_id":"","twitter_card_type":"","twitter_use_facebook":"","advanced_robots":"","pillar_content":"","seo_score":"66","contentai_score":"","rich_snippet":""},"_links":{"self":[{"href":"https:\/\/dailynewshungary.com\/it\/wp-json\/wp\/v2\/posts\/744833","targetHints":{"allow":["GET"]}}],"collection":[{"href":"https:\/\/dailynewshungary.com\/it\/wp-json\/wp\/v2\/posts"}],"about":[{"href":"https:\/\/dailynewshungary.com\/it\/wp-json\/wp\/v2\/types\/post"}],"author":[{"embeddable":true,"href":"https:\/\/dailynewshungary.com\/it\/wp-json\/wp\/v2\/users\/50"}],"replies":[{"embeddable":true,"href":"https:\/\/dailynewshungary.com\/it\/wp-json\/wp\/v2\/comments?post=744833"}],"version-history":[{"count":0,"href":"https:\/\/dailynewshungary.com\/it\/wp-json\/wp\/v2\/posts\/744833\/revisions"}],"wp:featuredmedia":[{"embeddable":true,"href":"https:\/\/dailynewshungary.com\/it\/wp-json\/wp\/v2\/media\/744834"}],"wp:attachment":[{"href":"https:\/\/dailynewshungary.com\/it\/wp-json\/wp\/v2\/media?parent=744833"}],"wp:term":[{"taxonomy":"category","embeddable":true,"href":"https:\/\/dailynewshungary.com\/it\/wp-json\/wp\/v2\/categories?post=744833"},{"taxonomy":"post_tag","embeddable":true,"href":"https:\/\/dailynewshungary.com\/it\/wp-json\/wp\/v2\/tags?post=744833"}],"curies":[{"name":"wp","href":"https:\/\/api.w.org\/{rel}","templated":true}]}}