{"id":744912,"date":"2022-04-29T12:30:00","date_gmt":"2022-04-29T10:30:00","guid":{"rendered":"https:\/\/dailynewshungary.com\/it\/orban-la-gente-vuole-che-il-governo-li-protegga-da-covid-guerra-crisi\/"},"modified":"2022-04-29T12:30:00","modified_gmt":"2022-04-29T10:30:00","slug":"orban-la-gente-vuole-che-il-governo-li-protegga-da-covid-guerra-crisi","status":"publish","type":"post","link":"https:\/\/dailynewshungary.com\/it\/orban-la-gente-vuole-che-il-governo-li-protegga-da-covid-guerra-crisi\/","title":{"rendered":"Orb\u00e1n: la gente vuole che il governo li protegga da COVID, guerra, crisi"},"content":{"rendered":"<p><strong>Il presidente J\u00e1nos \u00c1der ha chiesto a Viktor Orb\u00e1n, primo ministro in carica e leader del partito Fidesz vincitore delle elezioni, di istituire il prossimo governo ungherese. Orb\u00e1n \u00e8 stato nominato per la carica dall&#8217;alleanza del partito Fidesz-Democratico Cristiano.<\/strong><\/p>\n<p>In un comunicato stampa rilasciato alla presenza del presidente, Orban ha affermato che \u201cun decennio di pericolo\u201d \u00e8 davanti all&#8217;Ungheria: \u201cc&#8217;\u00e8 guerra e i prezzi stanno aumentando in Europa, e si mostrano segnali di una grave crisi energetica. Orb\u00e1n ha detto di essersi impegnato a formare un governo i cui membri possano \u201cproteggere l&#8217;Ungheria dai pericoli del prossimo decennio insieme come corpo e individualmente\u201d.<\/p>\n<blockquote>\n<p>\u00c1der ha confermato che Orb\u00e1n ha accettato la sua richiesta e ha aggiunto che luned\u00ec presenter\u00e0 una proposta formale al parlamento.<\/p>\n<\/blockquote>\n<p>Orb\u00e1n ha affermato che l&#8217;\u201csuffering\u201d \u00e8 davanti alle economie europee e ha aggiunto che la pandemia di coronavirus non \u00e8 finita. Il 3 aprile, gli elettori ungheresi \u201c hanno preso una decisione chiara dimostrando che si aspettano che i leader del paese li proteggano da queste difficolt\u00e0\u201d.<\/p>\n<ul>\n<li>Leggi anche: <a href=\"https:\/\/dailynewshungary.com\/it\/governo-ungherese-non-vietera-la-marcia-filo-russa-a-budapest\/\">Governo ungherese non vieter\u00e0 la marcia filo-russa a Budapest!<\/a><\/li>\n<\/ul>\n<blockquote>\n<p>\u201cDobbiamo rimanere fuori dalla guerra [in Ucraina] e affrontare le sfide di una crisi economica europea emergente in modo che l&#8217;Ungheria possa mantenere i suoi risultati,\u201d<\/p>\n<\/blockquote>\n<p>ha detto. Ha aggiunto che le recenti misure del governo in carica, come l&#8217;estensione dei massimali sui prezzi dei carburanti e dei prodotti alimentari, nonch\u00e9 l&#8217;aumento delle pensioni, sono state progettate a tal fine. Orb\u00e1n ha rifiutato di rivelare dettagli sui suoi preparativi per il nuovo governo, ma ha detto che erano in corso trattative con i candidati ministeriali, aggiungendo che la selezione dei ministri \u00e8 stata determinata da un&#8217;attenuazione dei compiti per i prossimi quattro anni\u201d.<\/p>\n<p>Ha detto che le sue trattative miravano a trovare candidati per tutti i quattro anni perch\u00e9 \u201clife cambia rapidamente e<\/p>\n<blockquote>\n<p>L\u2019Ungheria ha bisogno di un governo in grado di fornire le migliori risposte alle sfide attuali\u201d.<\/p>\n<\/blockquote>\n<p>\u00c1der ha affermato che le recenti elezioni sono state le prime nel loro genere per diversi aspetti, tra le nove elezioni democratiche tenutesi dal 1989. Per la prima volta, due alleanze di partito erano in competizione e non il numero delle liste nazionali \u00e8 mai stato cos\u00ec basso, ha affermato, aggiungendo che il 3 aprile si \u00e8 registrato il maggior numero di osservatori stranieri e che sono pervenute meno denunce.<\/p>\n<p>\u201cI risultati delle elezioni e la decisione presa dagli elettori sono stati chiari: le elezioni sono state legittime, costituzionali, libere e democratiche, ha affermato il presidente.<\/p>\n<blockquote>\n<p>\u201cLa legittimit\u00e0 del nuovo parlamento e del prossimo governo non pu\u00f2 essere messa in discussione,\u201d<\/p>\n<\/blockquote>\n<p>ha aggiunto.<\/p>\n","protected":false},"excerpt":{"rendered":"<p>Il presidente J\u00e1nos \u00c1der ha chiesto a Viktor Orb\u00e1n, primo ministro in carica e leader del partito Fidesz vincitore delle elezioni, di istituire il prossimo governo ungherese. Orb\u00e1n \u00e8 stato nominato per la carica dall&#8217;alleanza del partito Fidesz-Democratico Cristiano. In un comunicato stampa rilasciato alla presenza del presidente, Orban ha affermato che \u201cun decennio di [&hellip;]<\/p>\n","protected":false},"author":50,"featured_media":744913,"comment_status":"open","ping_status":"open","sticky":false,"template":"","format":"standard","meta":{"_display_image":"","footnotes":""},"categories":[1185],"tags":[1697,1079,1295,1341,1069,1083],"class_list":["post-744912","post","type-post","status-publish","format-standard","has-post-thumbnail","hentry","category-politica-in-ungheria","tag-elezioni-parlamentari-ungheresi-del-2022","tag-governo-ungherese","tag-parlamento-ungherese","tag-presidente-dellungheria","tag-ungheria","tag-viktor-orban"],"blocksy_meta":[],"author_username":"dnh","telegram_post":"","public_post_metadata":{"breaking_news":"","important":"","csempe":"","center_tile":"","disable_thumbnail":"","target_lang":"","_featured_image_style":"","telegram_post":"","_xlat_group_id":""},"public_rank_math_data":{"title":"%titolo% %sep% %nomesito%","description":"Il presidente J\u00e1nos \u00c1der ha chiesto a Viktor Orb\u00e1n, primo ministro in carica, di istituire il prossimo governo ungherese.","focus_keyword":"Orb\u00e1n","canonical_url":"","robots":"","primary_category":"1185","breadcrumb_title":"","facebook_title":"","facebook_description":"","facebook_image":"","facebook_image_id":"","twitter_title":"","twitter_description":"","twitter_image":"","twitter_image_id":"","twitter_card_type":"","twitter_use_facebook":"","advanced_robots":"","pillar_content":"","seo_score":"66","contentai_score":"","rich_snippet":""},"_links":{"self":[{"href":"https:\/\/dailynewshungary.com\/it\/wp-json\/wp\/v2\/posts\/744912","targetHints":{"allow":["GET"]}}],"collection":[{"href":"https:\/\/dailynewshungary.com\/it\/wp-json\/wp\/v2\/posts"}],"about":[{"href":"https:\/\/dailynewshungary.com\/it\/wp-json\/wp\/v2\/types\/post"}],"author":[{"embeddable":true,"href":"https:\/\/dailynewshungary.com\/it\/wp-json\/wp\/v2\/users\/50"}],"replies":[{"embeddable":true,"href":"https:\/\/dailynewshungary.com\/it\/wp-json\/wp\/v2\/comments?post=744912"}],"version-history":[{"count":0,"href":"https:\/\/dailynewshungary.com\/it\/wp-json\/wp\/v2\/posts\/744912\/revisions"}],"wp:featuredmedia":[{"embeddable":true,"href":"https:\/\/dailynewshungary.com\/it\/wp-json\/wp\/v2\/media\/744913"}],"wp:attachment":[{"href":"https:\/\/dailynewshungary.com\/it\/wp-json\/wp\/v2\/media?parent=744912"}],"wp:term":[{"taxonomy":"category","embeddable":true,"href":"https:\/\/dailynewshungary.com\/it\/wp-json\/wp\/v2\/categories?post=744912"},{"taxonomy":"post_tag","embeddable":true,"href":"https:\/\/dailynewshungary.com\/it\/wp-json\/wp\/v2\/tags?post=744912"}],"curies":[{"name":"wp","href":"https:\/\/api.w.org\/{rel}","templated":true}]}}