{"id":745034,"date":"2022-04-26T11:30:00","date_gmt":"2022-04-26T09:30:00","guid":{"rendered":"https:\/\/dailynewshungary.com\/it\/il-governo-offri-la-corona-ungherese-ai-russi-nel-1849\/"},"modified":"2022-04-26T11:30:00","modified_gmt":"2022-04-26T09:30:00","slug":"il-governo-offri-la-corona-ungherese-ai-russi-nel-1849","status":"publish","type":"post","link":"https:\/\/dailynewshungary.com\/it\/il-governo-offri-la-corona-ungherese-ai-russi-nel-1849\/","title":{"rendered":"Il governo offr\u00ec la Corona ungherese ai russi nel 1849!"},"content":{"rendered":"<p><strong><span data-preserver-spaces=\"true\">Aprile e maggio del 1849 furono miracolosi per le forze di difesa ungheresi che combattevano contro gli eserciti invasori degli Asburgo Un anno prima non esisteva un esercito ungherese, mentre Vienna comandava uno dei pi\u00f9 potenti d&#8217;Europa, che una volta sconfisse anche Napoleone. I leader della rivoluzione del 15 marzo, tuttavia, non solo riuscirono a organizzare uno stato civico moderno ma crearono anche un esercito in grado di sconfiggere gli Asburgo. Francesco Giuseppe aveva bisogno di aiuto.<\/span><\/strong><\/p>\n<h2 class=\"wp-block-heading\">I russi arrivarono con pi\u00f9 di 200 mila soldati<\/h2>\n<p><span data-preserver-spaces=\"true\">Aprile fu il mese delle vittorie militari ungheresi consecutive sulle forze asburgiche. Alla fine di aprile, le truppe di Vienna si stavano ritirando dall&#8217;Ungheria su ogni fronte. I leader delle forze di difesa ungheresi discussero se attaccare la capitale dell&#8217;Impero asburgico o riconquistare la capitale della nazione, Buda. Infine, decisero di fare quest&#8217;ultima cosa e assediarono all&#8217;inizio di maggio.<\/span><\/p>\n<p><span data-preserver-spaces=\"true\">\u00c8 interessante notare che Art\u00far G\u00f6rgei, il capo dell&#8217;esercito ungherese, chiese al comandante asburgico di Buda di non bombardare i palazzi classicisti di Pest Ma il generale rifiut\u00f2 e li distrusse quasi tutti L&#8217;esercito ungherese riprese il castello di Buda dopo un breve assedio il 21 maggio Pertanto, \u00e8 ora il Giorno dell&#8217;esercito ungherese.<\/span><\/p>\n<ul class=\"wp-block-list\">\n<li><span data-preserver-spaces=\"true\">Leggi anche: <a href=\"https:\/\/dailynewshungary.com\/it\/due-edifici-sorprendenti-sono-in-costruzione-nel-castello-di-buda-foto-video\/\">Due edifici sorprendenti sono in costruzione nel Castello di Buda (FOTO), VIDEO<\/a><\/span><\/li>\n<\/ul>\n<figure class=\"wp-block-image size-full\"><img loading=\"lazy\" decoding=\"async\" width=\"800\" height=\"669\" src=\"https:\/\/contentf5.dailynewshungary.com\/wp-content\/uploads\/2022\/04\/Budas-occupation.webp\" alt=\"Budas Occupation\" class=\"wp-image-486095\" srcset=\"https:\/\/contentf5.dailynewshungary.com\/wp-content\/uploads\/2022\/04\/Budas-occupation.webp 800w, https:\/\/contentf5.dailynewshungary.com\/wp-content\/uploads\/2022\/04\/Budas-occupation-768x642.webp 768w, https:\/\/contentf5.dailynewshungary.com\/wp-content\/uploads\/2022\/04\/Budas-occupation-350x293.webp 350w, https:\/\/contentf5.dailynewshungary.com\/wp-content\/uploads\/2022\/04\/Budas-occupation-248x207.webp 248w, https:\/\/contentf5.dailynewshungary.com\/wp-content\/uploads\/2022\/04\/Budas-occupation-175x146.webp 175w, https:\/\/contentf5.dailynewshungary.com\/wp-content\/uploads\/2022\/04\/Budas-occupation-50x42.webp 50w, https:\/\/contentf5.dailynewshungary.com\/wp-content\/uploads\/2022\/04\/Budas-occupation-90x75.webp 90w\" sizes=\"auto, (max-width: 800px) 100vw, 800px\"><figcaption>La ripresa del Castello di Buda il 21 maggio 1849 Fonte: Wikipedia<\/figcaption><\/figure>\n<p><span data-preserver-spaces=\"true\">Tuttavia, l&#8217;imperatore Francesco Giuseppe (1848-1916) concord\u00f2 con lo zar russo Nicola I (1825-1855) il 1\u00b0 maggio per schiacciare insieme la rivoluzione ungherese e la lotta per la libert\u00e0, \u00e8 interessante notare che lo zar invi\u00f2 un potente esercito invece di un corpo di spedizione per aiutare gli Asburgo. L&#8217;invasione di Mosca port\u00f2 200mila soldati in Ungheria.<\/span><\/p>\n<ul class=\"wp-block-list\">\n<li><span data-preserver-spaces=\"true\">Leggi anche:&nbsp;<\/span><a class=\"editor-rtfLink\" href=\"https:\/\/dailynewshungary.com\/it\/la-russia-invase-lucraina-con-un-esercito-grande-come-quello-che-mandarono-per-schiacciare-la-rivoluzione-ungherese-del-marzo-1848\/\" target=\"_blank\" rel=\"noopener\"><span data-preserver-spaces=\"true\">La Russia invase l&#8217;Ucraina con un esercito grande come quello che mandarono per schiacciare la rivoluzione ungherese del marzo 1848!<\/span><\/a><\/li>\n<\/ul>\n<h2 class=\"wp-block-heading\">Il governo offr\u00ec la corona allo zar<\/h2>\n<p><span data-preserver-spaces=\"true\">Le prime truppe russe arrivarono sui campi di battaglia a giugno Gorgei voleva combattere separatamente con le forze asburgiche di ritorno e con i russi, tuttavia non era sostenuto da Lajos Kossuth e dal governo Decisero di continuare i combattimenti nelle regioni meridionali del paese e designarono l&#8217;area intorno a Temesv\u00e1r e Arad per radunare tutte le forze.&nbsp;<\/span><\/p>\n<p><span data-preserver-spaces=\"true\">G\u00f6rgei obbed\u00ec e riusc\u00ec a fuggire dalle forze asburgiche e russe. Tuttavia, quando arriv\u00f2 vicino ad Arad, Haynau aveva sconfitto il principale esercito ungherese guidato dall&#8217;eroe della Transilvania, il generale polacco Jozef Bem vicino a Temesv\u00e1r. Storici&nbsp;<\/span><a class=\"editor-rtfLink\" href=\"https:\/\/rubicon.hu\/cikkek\/arulo-volt-e-gorgei?hemail=kovacs.david.attila%40gmail.com&amp;el=FF1Leads\" target=\"_blank\" rel=\"noopener\"><span data-preserver-spaces=\"true\">d&#8217;accordo<\/span><\/a><span data-preserver-spaces=\"true\">&nbsp;che, in seguito a questa sconfitta, la resistenza militare divenne inutile.<\/span><\/p>\n<figure class=\"wp-block-image size-full\"><img loading=\"lazy\" decoding=\"async\" width=\"800\" height=\"482\" src=\"https:\/\/contentf5.dailynewshungary.com\/wp-content\/uploads\/2022\/04\/First-Komarom-battle.webp\" alt=\"Ungheria Storia corona\" class=\"wp-image-486094\" srcset=\"https:\/\/contentf5.dailynewshungary.com\/wp-content\/uploads\/2022\/04\/First-Komarom-battle.webp 800w, https:\/\/contentf5.dailynewshungary.com\/wp-content\/uploads\/2022\/04\/First-Komarom-battle-768x463.webp 768w, https:\/\/contentf5.dailynewshungary.com\/wp-content\/uploads\/2022\/04\/First-Komarom-battle-350x211.webp 350w, https:\/\/contentf5.dailynewshungary.com\/wp-content\/uploads\/2022\/04\/First-Komarom-battle-248x149.webp 248w, https:\/\/contentf5.dailynewshungary.com\/wp-content\/uploads\/2022\/04\/First-Komarom-battle-242x146.webp 242w, https:\/\/contentf5.dailynewshungary.com\/wp-content\/uploads\/2022\/04\/First-Komarom-battle-50x30.webp 50w, https:\/\/contentf5.dailynewshungary.com\/wp-content\/uploads\/2022\/04\/First-Komarom-battle-124x75.webp 124w\" sizes=\"auto, (max-width: 800px) 100vw, 800px\"><figcaption>Prima battaglia di Kom\u00e1rom. Pittura: M\u00f3r Than. Fonte: Wikipedia<\/figcaption><\/figure>\n<p><span data-preserver-spaces=\"true\">La notizia della sconfitta non giunse subito a Gorgei, Kossuth e al governo, il 10 agosto il governo ungherese decise di offrire la Sacra Corona a un membro della famiglia dello zar Formul\u00f2 due condizioni: la prima fu l&#8217;accettazione delle leggi di aprile del 1848, che crearono un&#8217;Ungheria moderna e civica e distrussero il feudalesimo, La seconda fu lo status dell&#8217;Ungheria all&#8217;interno dell&#8217;impero che volevano fosse simile al Congresso della Polonia tra il 1815-1830.<\/span><\/p>\n<ul class=\"wp-block-list\">\n<li><span data-preserver-spaces=\"true\">Leggi anche: <a href=\"https:\/\/dailynewshungary.com\/it\/elisabetta-ii-oggi-ha-96-anni-ecco-come-ungherese-1-16-hungarian-foto-video\/\">Elisabetta II ha 96 anni: ecco come \u00e8 1\/16 Ungherese (1\/16 ungherese) FOTO, VIDEO<\/a><\/span><\/li>\n<\/ul>\n<h2 class=\"wp-block-heading\">Kossuth e il governo si dimisero, G\u00f6rgei depose le armi<\/h2>\n<p><span data-preserver-spaces=\"true\">Il governo aggiunse addirittura che avrebbe riconosciuto l&#8217;imperatore Francesco Giuseppe come re se avesse accettato le leggi di aprile, se i russi e gli Asburgo avessero rifiutato di accettare questi termini e l&#8217;esercito ungherese avesse subito una schiacciante sconfitta sul campo di battaglia, il governo sugger\u00ec la resa.<\/span><\/p>\n<p><span data-preserver-spaces=\"true\">La notizia della sconfitta di Bem nei pressi di Temesv\u00e1r giunse di notte, e il giorno dopo Kossuth e membri del governo si dimisero, inoltre Kossuth diede il potere assoluto a Gorgei e lasci\u00f2 il paese, poich\u00e9 i russi accettarono solo la resa incondizionata, ma erano l&#8217;unica possibilit\u00e0 per evitare una crudele punizione asburgica, G\u00f6rgei decise di deporre le armi davanti alle truppe russe il 13 agosto.&nbsp;<\/span><\/p>\n<figure class=\"wp-block-image size-full\"><img loading=\"lazy\" decoding=\"async\" width=\"800\" height=\"655\" src=\"https:\/\/contentf5.dailynewshungary.com\/wp-content\/uploads\/2022\/04\/Putting-down-the-arms-near-Vilagos.jpg\" alt=\"Arrendersi vicino a Vil\u00e1gos Storia corona\" class=\"wp-image-486099\" srcset=\"https:\/\/contentf5.dailynewshungary.com\/wp-content\/uploads\/2022\/04\/Putting-down-the-arms-near-Vilagos.jpg 800w, https:\/\/contentf5.dailynewshungary.com\/wp-content\/uploads\/2022\/04\/Putting-down-the-arms-near-Vilagos-768x629.jpg 768w, https:\/\/contentf5.dailynewshungary.com\/wp-content\/uploads\/2022\/04\/Putting-down-the-arms-near-Vilagos-350x287.jpg 350w, https:\/\/contentf5.dailynewshungary.com\/wp-content\/uploads\/2022\/04\/Putting-down-the-arms-near-Vilagos-248x203.jpg 248w, https:\/\/contentf5.dailynewshungary.com\/wp-content\/uploads\/2022\/04\/Putting-down-the-arms-near-Vilagos-178x146.jpg 178w, https:\/\/contentf5.dailynewshungary.com\/wp-content\/uploads\/2022\/04\/Putting-down-the-arms-near-Vilagos-50x41.jpg 50w, https:\/\/contentf5.dailynewshungary.com\/wp-content\/uploads\/2022\/04\/Putting-down-the-arms-near-Vilagos-92x75.jpg 92w\" sizes=\"auto, (max-width: 800px) 100vw, 800px\"><figcaption>Arrendersi vicino a Vil\u00e1gos. Dipinto: Istv\u00e1n Szkics\u00e1k-Klinovszky. Fonte: Wikipedia<\/figcaption><\/figure>\n<p><span data-preserver-spaces=\"true\">Tuttavia, l&#8217;intervento di Nicola I pot\u00e9 salvare solo la vita di Gorgei (mor\u00ec nel 1916, raggiungendo l&#8217;et\u00e0 di 98 anni) Dopo la resa delle truppe ungheresi, Haynau avvi\u00f2 una rappresaglia rendendo i politici austriaci persona non grata ovunque in Europa Tra il 1849 e il 1850 furono giustiziate 130 persone, centinaia furono imprigionate e 40-50mila soldati ungheresi furono arruolati nell&#8217;esercito asburgico.<\/span><\/p>\n","protected":false},"excerpt":{"rendered":"<p>Aprile e maggio del 1849 furono miracolosi per le forze di difesa ungheresi che combattevano contro gli eserciti invasori degli Asburgo Un anno prima non esisteva un esercito ungherese, mentre Vienna comandava uno dei pi\u00f9 potenti d&#8217;Europa, che una volta sconfisse anche Napoleone. I leader della rivoluzione del 15 marzo, tuttavia, non solo riuscirono a [&hellip;]<\/p>\n","protected":false},"author":18,"featured_media":745035,"comment_status":"open","ping_status":"open","sticky":false,"template":"","format":"standard","meta":{"_display_image":"","footnotes":""},"categories":[1207],"tags":[1178,1244,1069],"class_list":["post-745034","post","type-post","status-publish","format-standard","has-post-thumbnail","hentry","category-societa-in-ungheria","tag-russia","tag-storia-ungherese","tag-ungheria"],"blocksy_meta":[],"author_username":"johnwoods","telegram_post":"","public_post_metadata":{"breaking_news":"","important":"","csempe":"","center_tile":"","disable_thumbnail":"","target_lang":"","_featured_image_style":"","telegram_post":"","_xlat_group_id":""},"public_rank_math_data":{"title":"%titolo% %sep% %nomesito%","description":"Ecco perch\u00e9 Kossuth e il suo governo offrirono allo zar la corona ungherese negli ultimi giorni della rivoluzione ungherese nel 1849.","focus_keyword":"corona","canonical_url":"","robots":"","primary_category":"1207","breadcrumb_title":"","facebook_title":"","facebook_description":"","facebook_image":"","facebook_image_id":"","twitter_title":"","twitter_description":"","twitter_image":"","twitter_image_id":"","twitter_card_type":"","twitter_use_facebook":"","advanced_robots":"","pillar_content":"","seo_score":"73","contentai_score":"","rich_snippet":""},"_links":{"self":[{"href":"https:\/\/dailynewshungary.com\/it\/wp-json\/wp\/v2\/posts\/745034","targetHints":{"allow":["GET"]}}],"collection":[{"href":"https:\/\/dailynewshungary.com\/it\/wp-json\/wp\/v2\/posts"}],"about":[{"href":"https:\/\/dailynewshungary.com\/it\/wp-json\/wp\/v2\/types\/post"}],"author":[{"embeddable":true,"href":"https:\/\/dailynewshungary.com\/it\/wp-json\/wp\/v2\/users\/18"}],"replies":[{"embeddable":true,"href":"https:\/\/dailynewshungary.com\/it\/wp-json\/wp\/v2\/comments?post=745034"}],"version-history":[{"count":0,"href":"https:\/\/dailynewshungary.com\/it\/wp-json\/wp\/v2\/posts\/745034\/revisions"}],"wp:featuredmedia":[{"embeddable":true,"href":"https:\/\/dailynewshungary.com\/it\/wp-json\/wp\/v2\/media\/745035"}],"wp:attachment":[{"href":"https:\/\/dailynewshungary.com\/it\/wp-json\/wp\/v2\/media?parent=745034"}],"wp:term":[{"taxonomy":"category","embeddable":true,"href":"https:\/\/dailynewshungary.com\/it\/wp-json\/wp\/v2\/categories?post=745034"},{"taxonomy":"post_tag","embeddable":true,"href":"https:\/\/dailynewshungary.com\/it\/wp-json\/wp\/v2\/tags?post=745034"}],"curies":[{"name":"wp","href":"https:\/\/api.w.org\/{rel}","templated":true}]}}