{"id":745101,"date":"2022-04-23T15:30:00","date_gmt":"2022-04-23T13:30:00","guid":{"rendered":"https:\/\/dailynewshungary.com\/it\/nonostante-gli-sforzi-per-annullare-una-marcia-filo-russa-si-terra-nella-piazza-della-liberta-di-budapest\/"},"modified":"2022-04-23T15:30:00","modified_gmt":"2022-04-23T13:30:00","slug":"nonostante-gli-sforzi-per-annullare-una-marcia-filo-russa-si-terra-nella-piazza-della-liberta-di-budapest","status":"publish","type":"post","link":"https:\/\/dailynewshungary.com\/it\/nonostante-gli-sforzi-per-annullare-una-marcia-filo-russa-si-terra-nella-piazza-della-liberta-di-budapest\/","title":{"rendered":"Nonostante gli sforzi per annullare, una marcia filo-russa si terr\u00e0 nella Piazza della Libert\u00e0 di Budapest"},"content":{"rendered":"<p><strong>Nonostante le voci secondo cui la marcia filo-russa sarebbe stata annullata dagli organizzatori e i tentativi di Facebook di cancellare l&#8217;evento, la marcia si terr\u00e0 comunque, ma sar\u00e0 organizzata in un luogo diverso a Budapest.<\/strong><\/p>\n<blockquote>\n<p>L&#8217;evento intitolato \u201cLet&#8217;s express our solidarity with Russia\u201d ha suscitato non poche emozioni in Ungheria mentre la minoranza ucraina ha immediatamente iniziato a protestare contro la marcia prevista nella capitale ungherese il 30 aprile<sup>th<\/sup>.<\/p>\n<\/blockquote>\n<h2>Grande putiferio<\/h2>\n<p>Sulla carta, la Questura di Budapest non ha trovato nulla di illegale durante l&#8217;inchiesta sulla richiesta di permesso per l&#8217;evento e gli ha dato il via libera; tuttavia, la minoranza ucraina in Ungheria, tra cui Jaroszlava Harty\u00e1nyi, membro del consiglio del Congresso mondiale ucraino ed ex rappresentante di detta minoranza, ha inviato una protesta scritta alla polizia ungherese, ha riferito 24.hu.<\/p>\n<p>Nel documento scrive che il 24 febbraio la Russia ha lanciato un attacco aggressivo contro l&#8217;Ucraina. Gli ucraini hanno tutto il terreno per difendersi e non attaccano le citt\u00e0 russe.<\/p>\n<ul>\n<li>Leggi anche: <strong><a href=\"https:\/\/dailynewshungary.com\/it\/diplomatico-americano-putin-vuole-conquistare-lungheria\/\">Diplomatico americano: Putin vuole conquistare l&#8217;Ungheria<\/a><\/strong><\/li>\n<\/ul>\n<blockquote>\n<p>La signora Harty\u00e1nyi ha aggiunto che i russi stanno commettendo massacri contro gli ucraini nei territori che tengono sotto controllo militare, Tutto il mondo ha protestato contro di essa, soprattutto dopo aver visto le fosse comuni a Bucha.<\/p>\n<\/blockquote>\n<p>Ha sottolineato che una persona sconosciuta ha iniziato a organizzare una protesta filo-russa in Piazza degli Eroi. Tuttavia, un evento del genere comprometterebbe sia l&#8217;Ungheria che Budapest.<\/p>\n<blockquote>\n<p>\u201cUna marcia filo-russa a Budapest comprometterebbe anche la politica del governo ungherese, Inoltre, distruggerebbe la solidariet\u00e0, l&#8217;aiuto e l&#8217;aiuto dell&#8217;Ungheria nei confronti dell&#8217;Ucraina e il sostegno umanitario che il paese ha inviato al paese colpito dalla guerra-\u201d<\/p>\n<\/blockquote>\n<h2>La presa degli organizzatori<\/h2>\n<p>Nell&#8217;evento originale su Facebook, che da allora \u00e8 stato rimosso, gli organizzatori hanno elencato quattro punti sul motivo per cui volevano organizzare la marcia filo-russa:<\/p>\n<ul>\n<li>Siamo dalla parte della Russia, dei civili e degli atleti russi.<\/li>\n<li>Condanniamo la guerra; gli USA sono responsabili della guerra.<\/li>\n<li>Condanniamo le sanzioni anti-russe degli USA e dell&#8217;UE A causa delle sanzioni, l&#8217;Europa centrale sta diventando devastata, e ci troviamo di fronte a una crisi alimentare ed energetica.<\/li>\n<li>Siamo stufi delle bugie di Stati Uniti, UE e Ucraina.<\/li>\n<\/ul>\n<blockquote>\n<p>Hanno sottolineato di essere stufi delle dichiarazioni false dei media, delle bugie di Ucraina, Stati Uniti e Unione Europea, aggiungendo che tali marce hanno gi\u00e0 avuto luogo a Cipro e in Germania.<\/p>\n<\/blockquote>\n<ul>\n<li>Leggi anche: <strong><a href=\"https:\/\/dailynewshungary.com\/it\/questo-e-il-motivo-per-cui-diversi-centri-commerciali-hanno-ricevuto-minacce-di-bombe-in-ungheria\/\">Questo \u00e8 il motivo per cui diversi centri commerciali hanno ricevuto minacce di bombe in Ungheria!<\/a><\/strong><\/li>\n<\/ul>\n<h2>La marcia si terr\u00e0 nonostante gli sforzi per annullarla<\/h2>\n<p>La marcia filo-russa era originariamente prevista per svolgersi in Piazza degli Eroi a Budapest come un corteo misto di pedoni, motociclisti, automobili e biciclette ed \u00e8 riuscita ad attirare circa 2.000 persone interessate alla marcia e alcune centinaia che gi\u00e0 segnalato che sarebbero stati presenti.<\/p>\n<blockquote>\n<p>Uno degli organizzatori \u00e8 Zolt\u00e1n P., che qualche anno fa ha preso parte ad un attacco informatico russo contro il Ministero della Difesa ungherese <em><a href=\"https:\/\/rtl.hu\/belfold\/2022\/04\/21\/uj-helyszinre-tettek-az-oroszbarat-tuntetest\" target=\"_blank\" rel=\"noopener\">Rtl<\/a> <\/em>rapporti.<\/p>\n<\/blockquote>\n<p>Facebook ha cancellato gioved\u00ec la pagina dell&#8217;evento degli organizzatori e, secondo uno degli organizzatori chiamato \u201cH\u00e1bor\u00famentes Hazugs\u00e1gmentes Tolvajmentes EU-t\u201d (che si traduce in \u201cper un\u2019EU\u201d senza guerre, senza menzogne e senza ladri), hanno perso un totale di circa 3.000 persone interessate.<\/p>\n<blockquote>\n<p>Hanno postato che l&#8217;evento non \u00e8 annullato e che si terr\u00e0 il 30 aprile<sup>th<\/sup> alle 14:00 a Szabads\u00e1g t\u00e9r (Piazza della Libert\u00e0) nel quartiere V di Budapest.<\/p>\n<\/blockquote>\n<p><em><a href=\"https:\/\/rtl.hu\/belfold\/2022\/04\/21\/uj-helyszinre-tettek-az-oroszbarat-tuntetest\" target=\"_blank\" rel=\"noopener\">Rtl<\/a><\/em> trovato prove a sostegno della Questura di Budapest che gli organizzatori non hanno annullato l&#8217;evento presso l&#8217;autorit\u00e0 dell&#8217;assemblea, in questo caso la polizia ungherese, e che la marcia filo-russa si terr\u00e0 il 30 aprile<sup>th<\/sup> all&#8217;ora e nel luogo sopra indicati.<\/p>\n","protected":false},"excerpt":{"rendered":"<p>Nonostante le voci secondo cui la marcia filo-russa sarebbe stata annullata dagli organizzatori e i tentativi di Facebook di cancellare l&#8217;evento, la marcia si terr\u00e0 comunque, ma sar\u00e0 organizzata in un luogo diverso a Budapest. L&#8217;evento intitolato \u201cLet&#8217;s express our solidarity with Russia\u201d ha suscitato non poche emozioni in Ungheria mentre la minoranza ucraina ha [&hellip;]<\/p>\n","protected":false},"author":33,"featured_media":745102,"comment_status":"open","ping_status":"open","sticky":false,"template":"","format":"standard","meta":{"_display_image":"","footnotes":""},"categories":[1185],"tags":[1158,1077,1165,1178,1111,1069,1075],"class_list":["post-745101","post","type-post","status-publish","format-standard","has-post-thumbnail","hentry","category-politica-in-ungheria","tag-budapest","tag-guerra-in-ucraina","tag-manifestazione","tag-russia","tag-stati-uniti","tag-ungheria","tag-unione-europea"],"blocksy_meta":[],"author_username":"ugyelet","telegram_post":"","public_post_metadata":{"breaking_news":"","important":"","csempe":"","center_tile":"","disable_thumbnail":"","target_lang":"","_featured_image_style":"","telegram_post":"","_xlat_group_id":""},"public_rank_math_data":{"title":"%titolo% %sep% %nomesito%","description":"La minoranza ucraina in Ungheria ha scritto subito una lettera aperta in cui chiedeva alla polizia ungherese di revocare il permesso dell'evento.","focus_keyword":"filo-russo","canonical_url":"","robots":"","primary_category":"1185","breadcrumb_title":"","facebook_title":"","facebook_description":"","facebook_image":"","facebook_image_id":"","twitter_title":"","twitter_description":"","twitter_image":"","twitter_image_id":"","twitter_card_type":"","twitter_use_facebook":"","advanced_robots":"","pillar_content":"","seo_score":"71","contentai_score":"","rich_snippet":""},"_links":{"self":[{"href":"https:\/\/dailynewshungary.com\/it\/wp-json\/wp\/v2\/posts\/745101","targetHints":{"allow":["GET"]}}],"collection":[{"href":"https:\/\/dailynewshungary.com\/it\/wp-json\/wp\/v2\/posts"}],"about":[{"href":"https:\/\/dailynewshungary.com\/it\/wp-json\/wp\/v2\/types\/post"}],"author":[{"embeddable":true,"href":"https:\/\/dailynewshungary.com\/it\/wp-json\/wp\/v2\/users\/33"}],"replies":[{"embeddable":true,"href":"https:\/\/dailynewshungary.com\/it\/wp-json\/wp\/v2\/comments?post=745101"}],"version-history":[{"count":0,"href":"https:\/\/dailynewshungary.com\/it\/wp-json\/wp\/v2\/posts\/745101\/revisions"}],"wp:featuredmedia":[{"embeddable":true,"href":"https:\/\/dailynewshungary.com\/it\/wp-json\/wp\/v2\/media\/745102"}],"wp:attachment":[{"href":"https:\/\/dailynewshungary.com\/it\/wp-json\/wp\/v2\/media?parent=745101"}],"wp:term":[{"taxonomy":"category","embeddable":true,"href":"https:\/\/dailynewshungary.com\/it\/wp-json\/wp\/v2\/categories?post=745101"},{"taxonomy":"post_tag","embeddable":true,"href":"https:\/\/dailynewshungary.com\/it\/wp-json\/wp\/v2\/tags?post=745101"}],"curies":[{"name":"wp","href":"https:\/\/api.w.org\/{rel}","templated":true}]}}