{"id":745115,"date":"2022-04-22T22:55:00","date_gmt":"2022-04-22T20:55:00","guid":{"rendered":"https:\/\/dailynewshungary.com\/it\/rimuginazione-del-governo-per-ampliare-la-portata-dellordinamento-giuridico-speciale\/"},"modified":"2022-04-22T22:55:00","modified_gmt":"2022-04-22T20:55:00","slug":"rimuginazione-del-governo-per-ampliare-la-portata-dellordinamento-giuridico-speciale","status":"publish","type":"post","link":"https:\/\/dailynewshungary.com\/it\/rimuginazione-del-governo-per-ampliare-la-portata-dellordinamento-giuridico-speciale\/","title":{"rendered":"Rimuginazione del governo per ampliare la portata dell\u2019ordinamento giuridico speciale"},"content":{"rendered":"<p><strong>Il governo sta rimuginando un emendamento alla Legge Fondamentale, per ampliare la portata dell&#8217;ordinamento giuridico speciale per includere le catastrofi umanitarie e la guerra in un paese vicino, ha detto venerd\u00ec al canale di notizie M1 la portavoce del governo Alexandra Szentkir\u00e1lyi.<\/strong><\/p>\n<p>L\u2019ordinamento giuridico speciale \u00e8 stato originariamente introdotto perch\u00e9 la pandemia di coronavirus ha reso necessario che il governo fosse in grado di agire rapidamente, ha detto Szentkir\u00e1lyi. Quel mandato scadr\u00e0 il 31 maggio, ha detto, ma il governo sta anticipando altre situazioni che spingono a un intervento rapido, ha detto.<\/p>\n<blockquote>\n<p>Finora, il governo ungherese ha speso 40 miliardi di fiorini (107,8 milioni di euro) per aiutare i rifugiati in fuga dalla guerra, e ha ricevuto solo il 2% di tale somma dall&#8217;Unione Europea<\/p>\n<\/blockquote>\n<p>ha detto. \u201cQuesto non \u00e8 inaspettato, poich\u00e9 il governo ha ricevuto solo 4 miliardi di fiorini di finanziamenti per la protezione delle frontiere, dopo aver speso 600 miliardi, ha detto\u201d.<\/p>\n<p>Szentkir\u00e1lyi ha invitato l\u2019UE a farsi carico di una parte maggiore del peso che l\u2019Ungheria si sta assumendo per conto dell\u2019intero blocco.<\/p>\n<ul>\n<li>Leggi anche: <a href=\"https:\/\/dailynewshungary.com\/it\/nessuno-vorrebbe-evitare-di-essere-coinvolto-nella-guerra-in-ucraina-piu-degli-ungheresi\/\">Nessuno vorrebbe evitare di essere coinvolto nella guerra in Ucraina pi\u00f9 degli ungheresi!<\/a><\/li>\n<\/ul>\n<p>I limiti di prezzo sugli alimenti di base e sul carburante, introdotti dal governo all\u2019inizio di quest\u2019anno, sono di enorme aiuto per gli ungheresi e hanno frenato l\u2019inflazione, ha affermato,\u201d. Senza i limiti di prezzo e i tagli alle tariffe dei servizi pubblici, l\u2019inflazione sarebbe attualmente vicina al 13% anzich\u00e9 all\u20198,6%, ha detto.<\/p>\n<blockquote>\n<p>Il governo non intende introdurre misure di austerit\u00e0 e continuer\u00e0 a sostenere le famiglie,<\/p>\n<\/blockquote>\n<p>lei disse.<\/p>\n<p>Intervenendo sull&#8217;emittente pubblica Kossuth R\u00e1di\u00f3, Szentkir\u00e1lyi ha affermato che l&#8217;economia ungherese \u00e8 abbastanza robusta da sostenere i limiti dei prezzi perch\u00e9 il governo delle \u201c ha gestito bene i fondi pubblici\u201d. La crescente inflazione \u00e8 causata principalmente dall&#8217;impennata dei prezzi dell&#8217;energia, una tendenza globale piuttosto che nazionale, ha affermato. L\u2019inflazione ungherese \u00e8 ancora inferiore di 0,1 punti percentuali rispetto a quella degli Stati Uniti, ha aggiunto.<\/p>\n<p>Mentre l\u2019Ungheria continua a contare su risorse dell\u2019UE dovute al popolo ungherese\u201d, il paese non dovr\u00e0 ricorrere a misure di austerit\u00e0 o a un prestito del FMI se non arrivano, perch\u00e9 l\u2019economia non \u00e8 cos\u00ec stretta come lo era prima del 2008, lei disse.<\/p>\n","protected":false},"excerpt":{"rendered":"<p>Il governo sta rimuginando un emendamento alla Legge Fondamentale, per ampliare la portata dell&#8217;ordinamento giuridico speciale per includere le catastrofi umanitarie e la guerra in un paese vicino, ha detto venerd\u00ec al canale di notizie M1 la portavoce del governo Alexandra Szentkir\u00e1lyi. L\u2019ordinamento giuridico speciale \u00e8 stato originariamente introdotto perch\u00e9 la pandemia di coronavirus ha [&hellip;]<\/p>\n","protected":false},"author":50,"featured_media":745116,"comment_status":"open","ping_status":"open","sticky":false,"template":"","format":"standard","meta":{"_display_image":"","footnotes":""},"categories":[1185],"tags":[1079,1077,1473,1644,1069],"class_list":["post-745115","post","type-post","status-publish","format-standard","has-post-thumbnail","hentry","category-politica-in-ungheria","tag-governo-ungherese","tag-guerra-in-ucraina","tag-legge","tag-rifugiati-dallucraina","tag-ungheria"],"blocksy_meta":[],"author_username":"dnh","telegram_post":"","public_post_metadata":{"breaking_news":"","important":"","csempe":"","center_tile":"","disable_thumbnail":"","target_lang":"","_featured_image_style":"","telegram_post":"","_xlat_group_id":""},"public_rank_math_data":{"title":"%titolo% %sep% %nomesito%","description":"Il governo sta rimuginando un emendamento alla Legge Fondamentale, per ampliare la portata dell\u2019ordinamento giuridico speciale","focus_keyword":"ordinamento giuridico speciale","canonical_url":"","robots":"","primary_category":"1185","breadcrumb_title":"","facebook_title":"","facebook_description":"","facebook_image":"","facebook_image_id":"","twitter_title":"","twitter_description":"","twitter_image":"","twitter_image_id":"","twitter_card_type":"","twitter_use_facebook":"","advanced_robots":"","pillar_content":"","seo_score":"59","contentai_score":"","rich_snippet":""},"_links":{"self":[{"href":"https:\/\/dailynewshungary.com\/it\/wp-json\/wp\/v2\/posts\/745115","targetHints":{"allow":["GET"]}}],"collection":[{"href":"https:\/\/dailynewshungary.com\/it\/wp-json\/wp\/v2\/posts"}],"about":[{"href":"https:\/\/dailynewshungary.com\/it\/wp-json\/wp\/v2\/types\/post"}],"author":[{"embeddable":true,"href":"https:\/\/dailynewshungary.com\/it\/wp-json\/wp\/v2\/users\/50"}],"replies":[{"embeddable":true,"href":"https:\/\/dailynewshungary.com\/it\/wp-json\/wp\/v2\/comments?post=745115"}],"version-history":[{"count":0,"href":"https:\/\/dailynewshungary.com\/it\/wp-json\/wp\/v2\/posts\/745115\/revisions"}],"wp:featuredmedia":[{"embeddable":true,"href":"https:\/\/dailynewshungary.com\/it\/wp-json\/wp\/v2\/media\/745116"}],"wp:attachment":[{"href":"https:\/\/dailynewshungary.com\/it\/wp-json\/wp\/v2\/media?parent=745115"}],"wp:term":[{"taxonomy":"category","embeddable":true,"href":"https:\/\/dailynewshungary.com\/it\/wp-json\/wp\/v2\/categories?post=745115"},{"taxonomy":"post_tag","embeddable":true,"href":"https:\/\/dailynewshungary.com\/it\/wp-json\/wp\/v2\/tags?post=745115"}],"curies":[{"name":"wp","href":"https:\/\/api.w.org\/{rel}","templated":true}]}}