{"id":745149,"date":"2022-04-21T20:30:00","date_gmt":"2022-04-21T18:30:00","guid":{"rendered":"https:\/\/dailynewshungary.com\/it\/regina-ungherese-nel-medioevo-aoccupazione-pericolosa\/"},"modified":"2022-04-21T20:30:00","modified_gmt":"2022-04-21T18:30:00","slug":"regina-ungherese-nel-medioevo-aoccupazione-pericolosa","status":"publish","type":"post","link":"https:\/\/dailynewshungary.com\/it\/regina-ungherese-nel-medioevo-aoccupazione-pericolosa\/","title":{"rendered":"Regina ungherese nel Medioevo: a\u201coccupazione pericolosa\u201d"},"content":{"rendered":"<p><strong>Essere una regina ungherese nel Medioevo non era di gran lunga cos\u00ec affascinante come si potrebbe pensare oggi Nel corso della sua intera vita, la regina dipendeva dai capricci e dalle fantasie del marito, poteva godere di poca o nessuna indipendenza Oltre a ci\u00f2, era considerata una straniera nel suo paese Il suo dovere pi\u00f9 importante era quello di avere un figlio per continuare la linea imperiale Inoltre, essere una regina ungherese vedova era particolarmente pericoloso durante la fase successiva del Medioevo Diverse regine ungheresi cercarono di spingere i loro limiti e ottenere pi\u00f9 dalla loro vita di quanto non fosse, per gli standard sociali, destinata a Mentre alcune di loro riuscirono, altre ebbero una fine raccapricciante Vi mostreremo tre esempi di quest&#8217;ultima.<\/strong><\/p>\n<h2><b>La regina ungherese che si trasform\u00f2 in una vipera arrabbiata<\/b><\/h2>\n<p><span style=\"font-weight: 400;\">Gisela di Baviera (<\/span><span style=\"font-weight: 400;\">c. 985 7 maggio 1065) fu la prima regina consorte d&#8217;Ungheria per matrimonio con il re Stefano. <\/span><span style=\"font-weight: 400;\">Secondo il <a href=\"https:\/\/hellomagyar.hu\/2022\/04\/18\/magyar-kiralyne-a-kozepkorban-egy-veszelyes-foglalkozas\/\" target=\"_blank\" rel=\"noopener\">Ciao Magyar<\/a>, la regina Gisela fu una figura controversa nella storia ungherese Da un lato, fu beatificata e dichiarata beata dalla Chiesa cattolica poich\u00e9 senza dubbio ebbe un ruolo importante dalla parte del re Santo Stefano per stabilire lo stato cristiano d&#8217;Ungheria D&#8217;altra parte, fu malvagia dalle cronache medievali per aver accecato Vazul (cugino di Stefano) e scacciato i suoi figli, Era spesso raffigurata sulle pagine come una vipera arrabbiata Oltre a ci\u00f2, negli ultimi tempi, \u00e8 stata vista anche come la figura di punta dei tentativi di germanizzazione in Ungheria.<\/span><\/p>\n<blockquote>\n<p><span style=\"font-weight: 400;\">Secondo le prime fonti, Gisela sembra una tipica regina cristiana medievale che fece generose donazioni a diverse entit\u00e0 religiose.&nbsp;<\/span><\/p>\n<\/blockquote>\n<p><span style=\"font-weight: 400;\">La sua vita fu per\u00f2 oscurata dalle devastanti morti precoci dei figli, tra cui il principe Emerico che fu ucciso da un cinghiale durante la caccia, Gisela sopravvisse anche a re Stefano il che significava che dovette affrontare alcune reali difficolt\u00e0 Le regine medievali vedove furono spesso viste come persona non grata dopo la morte dei mariti Dopo che il re Pietro il Veneziano, nipote del re Stefano, fu incoronato, Gisella fu privata di tutte le sue terre e ricchezze, fu praticamente esiliata e rinchiusa in un castello che era sorvegliato dai soldati, ricevette un trattamento migliore dal re successivo, Samuel Aba, tuttavia, non fu ancora presa come alleata Alla fine, Gisela lasci\u00f2 il paese quando il re Pietro riconquist\u00f2 il trono e and\u00f2 a Passau per unirsi al convento di Niederburg, dove mor\u00ec nel 1065.<\/span><\/p>\n<figure id=\"attachment_485141\" aria-describedby=\"caption-attachment-485141\" style=\"width: 604px\" class=\"wp-caption alignnone\"><img loading=\"lazy\" decoding=\"async\" class=\"wp-image-485141 size-full\" src=\"https:\/\/contentf5.dailynewshungary.com\/wp-content\/uploads\/2022\/04\/Hungarian-queen.jpg\" alt=\"Regina ungherese nel Medioevo un'occupazione pericolosa\" width=\"604\" height=\"782\" srcset=\"https:\/\/contentf5.dailynewshungary.com\/wp-content\/uploads\/2022\/04\/Hungarian-queen.jpg 604w, https:\/\/contentf5.dailynewshungary.com\/wp-content\/uploads\/2022\/04\/Hungarian-queen-350x453.jpg 350w, https:\/\/contentf5.dailynewshungary.com\/wp-content\/uploads\/2022\/04\/Hungarian-queen-248x321.jpg 248w, https:\/\/contentf5.dailynewshungary.com\/wp-content\/uploads\/2022\/04\/Hungarian-queen-113x146.jpg 113w, https:\/\/contentf5.dailynewshungary.com\/wp-content\/uploads\/2022\/04\/Hungarian-queen-39x50.jpg 39w, https:\/\/contentf5.dailynewshungary.com\/wp-content\/uploads\/2022\/04\/Hungarian-queen-58x75.jpg 58w\" sizes=\"auto, (max-width: 604px) 100vw, 604px\"><figcaption id=\"caption-attachment-485141\" class=\"wp-caption-text\">Un&#8217;illustrazione del Chronicon Pictum raffigurante il re Stefano I. e la regina Gisela (Wikipedia)<\/figcaption><\/figure>\n<p style=\"text-align: center;\">Leggi anche: <a href=\"https:\/\/dailynewshungary.com\/it\/linfedelta-della-nuora-ungherese-di-clemenceau-ha-causato-trianon\/\">L&#8217;infedelt\u00e0 della nuora ungherese di Clemenceau ha causato Trianon?<\/a><\/p>\n<h2 style=\"text-align: left;\"><strong>La regina ungherese che fu assassinata&nbsp;<\/strong><\/h2>\n<p><span style=\"font-weight: 400;\">Secondo gli storici, le cronache medievali che dipinsero la regina Gisela in una luce negativa in realt\u00e0 intendevano rappresentare un&#8217;altra regina ungherese, Gertrude di Merania (c. 1185 il 28 settembre 1213) Era la moglie di Andrea II d&#8217;Ungheria, noto anche come Andrea di Gerusalemme Potrebbe essere familiare da B\u00e1nk B\u00e1n, la famosa opera del compositore ungherese Ferenc Erkel, nei panni della regina di vimini che proveniva da una terra lontana e fa vari piani per avvantaggiare finanziariamente i suoi stessi parenti Tuttavia, la realt\u00e0 \u00e8 pi\u00f9 complessa di quanto ci dice l&#8217;opera Anche se il re Andrea II possedeva effettivamente una vasta terra, i parenti di Gertrude in Merania non riuscirono a mettere le mani su gran parte di essa Solo Bertoldo, il fratello di Gertrude, ricevette alcune terre e fu eletto vescovo di Kalocsa, che in quel momento dovette essere giudicato alcune persone. <\/span><\/p>\n<blockquote>\n<p><span style=\"font-weight: 400;\">Mentre re Andrea stava conducendo una campagna <\/span><span style=\"font-weight: 400;\">Galizia<\/span><span style=\"font-weight: 400;\">, i nobili ungheresi, guidati da <\/span><span style=\"font-weight: 400;\">Pietro, <\/span><span style=\"font-weight: 400;\">deciso di sbarazzarsi della regina.<\/span><\/p>\n<\/blockquote>\n<p><span style=\"font-weight: 400;\"> Nel 1213, a caccia con Bertoldo e il loro ospite Duca <\/span><span style=\"font-weight: 400;\">Leopoldo VI d&#8217;Austria<\/span><span style=\"font-weight: 400;\"> a Pilisszentkereszt presso il <\/span><span style=\"font-weight: 400;\">Monti Pilis<\/span><span style=\"font-weight: 400;\">, fu uccisa Il corpo di Gertrude fu fatto a pezzi, suo fratello e il duca Leopoldo fuggirono per un pelo con la vita, a causa del clima allora politico, l&#8217;atto dei suoi assassini rimase impunito durante il governo di Andrea II Ordin\u00f2 solo di far impalare Pietro Il re costru\u00ec un monastero cistercense nel luogo dove sua moglie fu assassinata.<\/span><\/p>\n<figure id=\"attachment_485145\" aria-describedby=\"caption-attachment-485145\" style=\"width: 940px\" class=\"wp-caption alignnone\"><img loading=\"lazy\" decoding=\"async\" class=\"size-full wp-image-485145\" src=\"https:\/\/contentf5.dailynewshungary.com\/wp-content\/uploads\/2022\/04\/Hungarian-queen-Gertrude-.jpg\" alt=\"Regina ungherese Gertrude\" width=\"940\" height=\"788\" srcset=\"https:\/\/contentf5.dailynewshungary.com\/wp-content\/uploads\/2022\/04\/Hungarian-queen-Gertrude-.jpg 940w, https:\/\/contentf5.dailynewshungary.com\/wp-content\/uploads\/2022\/04\/Hungarian-queen-Gertrude--768x644.jpg 768w, https:\/\/contentf5.dailynewshungary.com\/wp-content\/uploads\/2022\/04\/Hungarian-queen-Gertrude--350x293.jpg 350w, https:\/\/contentf5.dailynewshungary.com\/wp-content\/uploads\/2022\/04\/Hungarian-queen-Gertrude--248x208.jpg 248w, https:\/\/contentf5.dailynewshungary.com\/wp-content\/uploads\/2022\/04\/Hungarian-queen-Gertrude--174x146.jpg 174w, https:\/\/contentf5.dailynewshungary.com\/wp-content\/uploads\/2022\/04\/Hungarian-queen-Gertrude--50x42.jpg 50w, https:\/\/contentf5.dailynewshungary.com\/wp-content\/uploads\/2022\/04\/Hungarian-queen-Gertrude--89x75.jpg 89w\" sizes=\"auto, (max-width: 940px) 100vw, 940px\"><figcaption id=\"caption-attachment-485145\" class=\"wp-caption-text\">La regina Gertrude su un&#8217;antica illustrazione manoscritta (Wikipedia)<\/figcaption><\/figure>\n<h2><strong>La regina ungherese che fu esiliata dal suo stesso figlio<\/strong><\/h2>\n<p><span style=\"font-weight: 400;\">Euphrosyne di Kiev c. (1009 104) aveva solo 16 anni quando spos\u00f2 re G\u00e9za II, a differenza di altre regine medievali, Eufrosina ebbe una certa influenza sul marito poich\u00e9 lo fece intervenire pi\u00f9 volte negli affari interni delle auto russe, non fu per\u00f2 risparmiata da grandi lotte dopo la morte del marito, in primo luogo, suo figlio re Stefano III. fu incoronato nel 1162. mantenne per un po&#8217; lo status di reggenza poich\u00e9 Stefano era ancora minorenne in quel periodo, il suo governo per\u00f2 non dur\u00f2 a lungo. Dovette fuggire a Pozsony (Bratislava) e poi in Austria quando suo zio Ladislao II li attacc\u00f2 con il suo esercito bizantino Per sua fortuna <\/span><span style=\"font-weight: 400;\">Ladislao II mor\u00ec nel giro di un anno e il trono fu dato al re Stefano IV, tuttavia Eufrosina aiut\u00f2 Stefano III. a trovare alleati tedeschi e austriaci, e cos\u00ec riusc\u00ec a sconfiggere il re in una battaglia a Szekesfehervar nel 1164, dopo questi eventi, ci fu un periodo pacifico nella vita di Eufrosina ma non dur\u00f2 a lungo Nel 1172, il re Stefano III. perse improvvisamente la vita e il trono divenne vacante L&#8217;\u00e9lite ungherese era divisa su chi incoronare per essere il successore del re: un&#8217;opzione era il principe B\u00e9la, il fratello maggiore del re Stefano III., ma anche il principe G\u00e9za, il fratello minore, sembrava idoneo, cosa interessante <\/span><span style=\"font-weight: 400;\">Eufrosina appoggi\u00f2 il fratello minore, ebbe dalla sua parte anche Luk\u00e1cs, il vescovo di Esztergom che in precedenza si opponeva fortemente ai regni di Ladislao II e Stefano IV, tuttavia il principe B\u00e9la riusc\u00ec a superarli tutti e ottenne il trono con l&#8217;aiuto del papa. <\/span><\/p>\n<blockquote>\n<p><span style=\"font-weight: 400;\">Il primo atto di B\u00e9la come re fu quello di imprigionare il principe G\u00e9za e anche Eufrosina poich\u00e9 favoriva il fratello maggiore su di lui. <\/span><\/p>\n<\/blockquote>\n<p><span style=\"font-weight: 400;\">Quando Eufrosina fu finalmente liberata, il re B\u00e9la la fece esiliare dal regno. <\/span><span style=\"font-weight: 400;\">Prima, and\u00f2 a Costantinopoli, ma poi si diresse infine a Gerusalemme, dove si un\u00ec al monastero ortodosso di Mar Saba vicino a Betlemme. Secondo <a href=\"https:\/\/epistolae.ctl.columbia.edu\/woman\/26170.html\" target=\"_blank\" rel=\"noopener\">Epistole<\/a>, sappiamo che viveva tra gli Ospitalieri nel 1186 come suora prima della sua morte nel 1193 circa. Una carta della fine del XIII secolo dice che fu sepolta nella chiesa Ospitaliera a Sz\u00e9kesfeh\u00e9rv\u00e1r che aveva completato, quindi il suo corpo potrebbe essere stato riesumato da Gerusalemme e seppellito in Ungheria.<\/span><\/p>\n<figure id=\"attachment_485155\" aria-describedby=\"caption-attachment-485155\" style=\"width: 1409px\" class=\"wp-caption alignnone\"><img loading=\"lazy\" decoding=\"async\" class=\"size-full wp-image-485155\" src=\"https:\/\/contentf5.dailynewshungary.com\/wp-content\/uploads\/2022\/04\/King-Bela-III.jpg\" alt=\"Re Bela III\" width=\"1409\" height=\"1489\" srcset=\"https:\/\/contentf5.dailynewshungary.com\/wp-content\/uploads\/2022\/04\/King-Bela-III.jpg 1409w, https:\/\/contentf5.dailynewshungary.com\/wp-content\/uploads\/2022\/04\/King-Bela-III-768x812.jpg 768w, https:\/\/contentf5.dailynewshungary.com\/wp-content\/uploads\/2022\/04\/King-Bela-III-350x370.jpg 350w, https:\/\/contentf5.dailynewshungary.com\/wp-content\/uploads\/2022\/04\/King-Bela-III-248x262.jpg 248w, https:\/\/contentf5.dailynewshungary.com\/wp-content\/uploads\/2022\/04\/King-Bela-III-1030x1088.jpg 1030w, https:\/\/contentf5.dailynewshungary.com\/wp-content\/uploads\/2022\/04\/King-Bela-III-138x146.jpg 138w, https:\/\/contentf5.dailynewshungary.com\/wp-content\/uploads\/2022\/04\/King-Bela-III-47x50.jpg 47w, https:\/\/contentf5.dailynewshungary.com\/wp-content\/uploads\/2022\/04\/King-Bela-III-71x75.jpg 71w\" sizes=\"auto, (max-width: 1409px) 100vw, 1409px\"><figcaption id=\"caption-attachment-485155\" class=\"wp-caption-text\">L&#8217;illustrazione del re B\u00e9la III nel Chronicon Pictum<\/figcaption><\/figure>\n<p style=\"text-align: center;\">Leggi anche: <a href=\"https:\/\/dailynewshungary.com\/it\/la-storia-degli-ussari-ungheresi-foto\/\">La storia degli ussari ungheresi FOTO<\/a><\/p>\n","protected":false},"excerpt":{"rendered":"<p>Essere una regina ungherese nel Medioevo non era di gran lunga cos\u00ec affascinante come si potrebbe pensare oggi Nel corso della sua intera vita, la regina dipendeva dai capricci e dalle fantasie del marito, poteva godere di poca o nessuna indipendenza Oltre a ci\u00f2, era considerata una straniera nel suo paese Il suo dovere pi\u00f9 [&hellip;]<\/p>\n","protected":false},"author":59,"featured_media":745150,"comment_status":"open","ping_status":"open","sticky":false,"template":"","format":"standard","meta":{"_display_image":"yes","footnotes":""},"categories":[1344],"tags":[1223,1244,1069],"class_list":["post-745149","post","type-post","status-publish","format-standard","has-post-thumbnail","hentry","category-speciale-ungheria","tag-storia","tag-storia-ungherese","tag-ungheria"],"blocksy_meta":[],"author_username":"Jeleonora","telegram_post":"","public_post_metadata":{"breaking_news":"","important":"","csempe":"","center_tile":"","disable_thumbnail":"","target_lang":"","_featured_image_style":"hidden","telegram_post":"","_xlat_group_id":""},"public_rank_math_data":{"title":"%titolo% %sep% %nomesito%","description":"Essere una regina ungherese nel Medioevo non era di gran lunga cos\u00ec affascinante come si potrebbe pensare oggi Ecco alcune storie interessanti.","focus_keyword":"Regina ungherese","canonical_url":"","robots":"","primary_category":"1344","breadcrumb_title":"","facebook_title":"","facebook_description":"","facebook_image":"","facebook_image_id":"","twitter_title":"","twitter_description":"","twitter_image":"","twitter_image_id":"","twitter_card_type":"","twitter_use_facebook":"","advanced_robots":"","pillar_content":"","seo_score":"","contentai_score":"","rich_snippet":""},"_links":{"self":[{"href":"https:\/\/dailynewshungary.com\/it\/wp-json\/wp\/v2\/posts\/745149","targetHints":{"allow":["GET"]}}],"collection":[{"href":"https:\/\/dailynewshungary.com\/it\/wp-json\/wp\/v2\/posts"}],"about":[{"href":"https:\/\/dailynewshungary.com\/it\/wp-json\/wp\/v2\/types\/post"}],"author":[{"embeddable":true,"href":"https:\/\/dailynewshungary.com\/it\/wp-json\/wp\/v2\/users\/59"}],"replies":[{"embeddable":true,"href":"https:\/\/dailynewshungary.com\/it\/wp-json\/wp\/v2\/comments?post=745149"}],"version-history":[{"count":0,"href":"https:\/\/dailynewshungary.com\/it\/wp-json\/wp\/v2\/posts\/745149\/revisions"}],"wp:featuredmedia":[{"embeddable":true,"href":"https:\/\/dailynewshungary.com\/it\/wp-json\/wp\/v2\/media\/745150"}],"wp:attachment":[{"href":"https:\/\/dailynewshungary.com\/it\/wp-json\/wp\/v2\/media?parent=745149"}],"wp:term":[{"taxonomy":"category","embeddable":true,"href":"https:\/\/dailynewshungary.com\/it\/wp-json\/wp\/v2\/categories?post=745149"},{"taxonomy":"post_tag","embeddable":true,"href":"https:\/\/dailynewshungary.com\/it\/wp-json\/wp\/v2\/tags?post=745149"}],"curies":[{"name":"wp","href":"https:\/\/api.w.org\/{rel}","templated":true}]}}