{"id":747281,"date":"2022-02-19T17:00:00","date_gmt":"2022-02-19T16:00:00","guid":{"rendered":"https:\/\/dailynewshungary.com\/it\/lo-sviluppo-nuovissimo-del-parco-rendera-budapest-4-500-m2-piu-verde\/"},"modified":"2022-02-19T17:00:00","modified_gmt":"2022-02-19T16:00:00","slug":"lo-sviluppo-nuovissimo-del-parco-rendera-budapest-4-500-m2-piu-verde","status":"publish","type":"post","link":"https:\/\/dailynewshungary.com\/it\/lo-sviluppo-nuovissimo-del-parco-rendera-budapest-4-500-m2-piu-verde\/","title":{"rendered":"Lo sviluppo nuovissimo del parco render\u00e0 Budapest 4.500 m2 pi\u00f9 verde"},"content":{"rendered":"<p><strong>L&#8217;Ungheria e soprattutto Budapest hanno molti progetti di sviluppo in corso in questo periodo, e uno di questi include il rinnovamento di un parco pubblico nel cuore del distretto IX di Ferencv\u00e1ros con una superficie totale di 9.000 metri quadrati.<\/strong><\/p>\n<p>Tornato a ottobre 2020, <em><a href=\"https:\/\/pestbuda.hu\/cikk\/20201005_kozossegi_tervezessel_ujul_meg_a_ferencvarosi_markusovszky_ter?utm_source=pestbuda&amp;utm_medium=link&amp;utm_campaign=pestbuda_202202\" target=\"_blank\" rel=\"noopener\">Pestbuda<\/a> <\/em>ha riferito che la fase di pianificazione della Piazza Markusovszky, un parco pubblico di 9.000 m2 sar\u00e0 rielaborata poich\u00e9 gli sviluppi precedenti non soddisfacevano il loro scopo.<\/p>\n<p>Ci\u00f2 che rende unico il progetto \u00e8 che, secondo il sito di notizie, i residenti locali sono stati coinvolti nel processo di pianificazione potendo votare in un questionario ci\u00f2 che desideravano vedere nel parco.<\/p>\n<blockquote>\n<p>Pi\u00f9 di 300 persone hanno risposto a un questionario e il 75% di loro immaginava che il parco fosse un&#8217;area in cui le persone possono rilassarsi e trascorrere il tempo libero. Il 62% delle persone che hanno risposto al sondaggio ha menzionato la necessit\u00e0 di un bagno pubblico pulito e moderno e facilmente accessibile nel parco, mentre il 60% di loro voleva che il parco includesse un parco giochi.<\/p>\n<\/blockquote>\n<p>Secondo le esigenze del pubblico, il parco comprender\u00e0 un&#8217;area fitness all&#8217;aperto, un parco per cani, una fontana, un campo sportivo e una stazione BUBI (servizio di noleggio biciclette) <em><a href=\"https:\/\/pestbuda.hu\/cikk\/20220217_megujulhat_a_markusovszky_ter_ferencvarosban\" target=\"_blank\" rel=\"noopener\">Pestbuda<\/a> <\/em>rapporti.<\/p>\n<ul>\n<li>Leggi anche: <strong><a href=\"https:\/\/dailynewshungary.com\/it\/5-budapest-devi-vedere-se-visiti-la-capitale-ungherese-photos-parks\/\">5 Budapest devi vedere se visiti la capitale ungherese PHOTOS parks<\/a><\/strong><\/li>\n<\/ul>\n<p><em><a href=\"https:\/\/www.portfolio.hu\/ingatlan\/20220215\/megujul-ferencvaros-egyik-fontos-koztere-itt-vannak-a-latvanytervek-526859\" target=\"_blank\" rel=\"noopener\">P\u00e9nzcentrum<\/a> <\/em>ha scritto che il comune locale del distretto IX \u00e8 consapevole del problema dei parcheggi intorno alla piazza e ha voluto includere un parcheggio sotterraneo con un totale di 120 posti auto proprio sotto il parco pubblico.<\/p>\n<div id=\"gallery-1\" class=\"gallery galleryid-467131 gallery-columns-2 gallery-size-large\">\n<figure class=\"gallery-item\">\n<div class=\"gallery-icon landscape\">\n\t\t\t\t<a href=\"https:\/\/contentf5.dailynewshungary.com\/wp-content\/uploads\/2022\/02\/Markusovszky-Square-in-Ferencvaros-Budapest-3.webp\" data-pswp-width=\"930\" data-pswp-height=\"523\" data-cropped=\"true\"><img loading=\"lazy\" decoding=\"async\" width=\"930\" height=\"523\" src=\"https:\/\/contentf5.dailynewshungary.com\/wp-content\/uploads\/2022\/02\/Markusovszky-Square-in-Ferencvaros-Budapest-3.webp\" class=\"attachment-large size-large\" alt=\"Piazza Markusovszky a Ferencv\u00e1ros Budapest\" aria-describedby=\"gallery-1-468835\" srcset=\"https:\/\/contentf5.dailynewshungary.com\/wp-content\/uploads\/2022\/02\/Markusovszky-Square-in-Ferencvaros-Budapest-3.webp 930w, https:\/\/contentf5.dailynewshungary.com\/wp-content\/uploads\/2022\/02\/Markusovszky-Square-in-Ferencvaros-Budapest-3-768x432.webp 768w, https:\/\/contentf5.dailynewshungary.com\/wp-content\/uploads\/2022\/02\/Markusovszky-Square-in-Ferencvaros-Budapest-3-350x197.webp 350w, https:\/\/contentf5.dailynewshungary.com\/wp-content\/uploads\/2022\/02\/Markusovszky-Square-in-Ferencvaros-Budapest-3-248x139.webp 248w, https:\/\/contentf5.dailynewshungary.com\/wp-content\/uploads\/2022\/02\/Markusovszky-Square-in-Ferencvaros-Budapest-3-260x146.webp 260w, https:\/\/contentf5.dailynewshungary.com\/wp-content\/uploads\/2022\/02\/Markusovszky-Square-in-Ferencvaros-Budapest-3-50x28.webp 50w, https:\/\/contentf5.dailynewshungary.com\/wp-content\/uploads\/2022\/02\/Markusovszky-Square-in-Ferencvaros-Budapest-3-133x75.webp 133w\" sizes=\"auto, (max-width: 930px) 100vw, 930px\"><\/a>\n\t\t\t<\/div><figcaption class=\"wp-caption-text gallery-caption\" id=\"gallery-1-468835\">\n\t\t\t\tFonte: Gruppo TSPC<br \/>\n\t\t\t\t<\/figcaption><\/figure>\n<figure class=\"gallery-item\">\n<div class=\"gallery-icon landscape\">\n\t\t\t\t<a href=\"https:\/\/contentf5.dailynewshungary.com\/wp-content\/uploads\/2022\/02\/Markusovszky-Square-in-Ferencvaros-Budapest-5.webp\" data-pswp-width=\"930\" data-pswp-height=\"523\" data-cropped=\"true\"><img loading=\"lazy\" decoding=\"async\" width=\"930\" height=\"523\" src=\"https:\/\/contentf5.dailynewshungary.com\/wp-content\/uploads\/2022\/02\/Markusovszky-Square-in-Ferencvaros-Budapest-5.webp\" class=\"attachment-large size-large\" alt=\"Piazza Markusovszky a Ferencv\u00e1ros Budapest\" aria-describedby=\"gallery-1-468837\" srcset=\"https:\/\/contentf5.dailynewshungary.com\/wp-content\/uploads\/2022\/02\/Markusovszky-Square-in-Ferencvaros-Budapest-5.webp 930w, https:\/\/contentf5.dailynewshungary.com\/wp-content\/uploads\/2022\/02\/Markusovszky-Square-in-Ferencvaros-Budapest-5-768x432.webp 768w, https:\/\/contentf5.dailynewshungary.com\/wp-content\/uploads\/2022\/02\/Markusovszky-Square-in-Ferencvaros-Budapest-5-350x197.webp 350w, https:\/\/contentf5.dailynewshungary.com\/wp-content\/uploads\/2022\/02\/Markusovszky-Square-in-Ferencvaros-Budapest-5-248x139.webp 248w, https:\/\/contentf5.dailynewshungary.com\/wp-content\/uploads\/2022\/02\/Markusovszky-Square-in-Ferencvaros-Budapest-5-260x146.webp 260w, https:\/\/contentf5.dailynewshungary.com\/wp-content\/uploads\/2022\/02\/Markusovszky-Square-in-Ferencvaros-Budapest-5-50x28.webp 50w, https:\/\/contentf5.dailynewshungary.com\/wp-content\/uploads\/2022\/02\/Markusovszky-Square-in-Ferencvaros-Budapest-5-133x75.webp 133w\" sizes=\"auto, (max-width: 930px) 100vw, 930px\"><\/a>\n\t\t\t<\/div><figcaption class=\"wp-caption-text gallery-caption\" id=\"gallery-1-468837\">\n\t\t\t\tFonte: Gruppo TSPC<br \/>\n\t\t\t\t<\/figcaption><\/figure>\n<\/p><\/div>\n<blockquote>\n<p>Inoltre, per renderlo pi\u00f9 facilmente accessibile, la rinnovata Piazza Markusovszky avr\u00e0 24 rastrelliere per biciclette intorno al parco e la suddetta stazione BUBI ospiter\u00e0 11 biciclette noleggiabili.<\/p>\n<\/blockquote>\n<p>Con la ricostruzione del parco, il progettista prevede di piantare nuovi alberi e di innalzare l&#8217;area verde funzionale del parco a 4.500 metri quadrati.<\/p>\n<div id=\"gallery-2\" class=\"gallery galleryid-467131 gallery-columns-2 gallery-size-large\">\n<figure class=\"gallery-item\">\n<div class=\"gallery-icon landscape\">\n\t\t\t\t<a href=\"https:\/\/contentf5.dailynewshungary.com\/wp-content\/uploads\/2022\/02\/Markusovszky-Square-in-Ferencvaros-Budapest-2.webp\" data-pswp-width=\"930\" data-pswp-height=\"523\" data-cropped=\"true\"><img loading=\"lazy\" decoding=\"async\" width=\"930\" height=\"523\" src=\"https:\/\/contentf5.dailynewshungary.com\/wp-content\/uploads\/2022\/02\/Markusovszky-Square-in-Ferencvaros-Budapest-2.webp\" class=\"attachment-large size-large\" alt=\"Piazza Markusovszky a Ferencv\u00e1ros Budapest\" aria-describedby=\"gallery-2-468834\" srcset=\"https:\/\/contentf5.dailynewshungary.com\/wp-content\/uploads\/2022\/02\/Markusovszky-Square-in-Ferencvaros-Budapest-2.webp 930w, https:\/\/contentf5.dailynewshungary.com\/wp-content\/uploads\/2022\/02\/Markusovszky-Square-in-Ferencvaros-Budapest-2-768x432.webp 768w, https:\/\/contentf5.dailynewshungary.com\/wp-content\/uploads\/2022\/02\/Markusovszky-Square-in-Ferencvaros-Budapest-2-350x197.webp 350w, https:\/\/contentf5.dailynewshungary.com\/wp-content\/uploads\/2022\/02\/Markusovszky-Square-in-Ferencvaros-Budapest-2-248x139.webp 248w, https:\/\/contentf5.dailynewshungary.com\/wp-content\/uploads\/2022\/02\/Markusovszky-Square-in-Ferencvaros-Budapest-2-260x146.webp 260w, https:\/\/contentf5.dailynewshungary.com\/wp-content\/uploads\/2022\/02\/Markusovszky-Square-in-Ferencvaros-Budapest-2-50x28.webp 50w, https:\/\/contentf5.dailynewshungary.com\/wp-content\/uploads\/2022\/02\/Markusovszky-Square-in-Ferencvaros-Budapest-2-133x75.webp 133w\" sizes=\"auto, (max-width: 930px) 100vw, 930px\"><\/a>\n\t\t\t<\/div><figcaption class=\"wp-caption-text gallery-caption\" id=\"gallery-2-468834\">\n\t\t\t\tFonte: Gruppo TSPC<br \/>\n\t\t\t\t<\/figcaption><\/figure>\n<figure class=\"gallery-item\">\n<div class=\"gallery-icon landscape\">\n\t\t\t\t<a href=\"https:\/\/contentf5.dailynewshungary.com\/wp-content\/uploads\/2022\/02\/Markusovszky-Square-in-Ferencvaros-Budapest-4.webp\" data-pswp-width=\"930\" data-pswp-height=\"523\" data-cropped=\"true\"><img loading=\"lazy\" decoding=\"async\" width=\"930\" height=\"523\" src=\"https:\/\/contentf5.dailynewshungary.com\/wp-content\/uploads\/2022\/02\/Markusovszky-Square-in-Ferencvaros-Budapest-4.webp\" class=\"attachment-large size-large\" alt=\"Piazza Markusovszky a Ferencv\u00e1ros Budapest\" aria-describedby=\"gallery-2-468836\" srcset=\"https:\/\/contentf5.dailynewshungary.com\/wp-content\/uploads\/2022\/02\/Markusovszky-Square-in-Ferencvaros-Budapest-4.webp 930w, https:\/\/contentf5.dailynewshungary.com\/wp-content\/uploads\/2022\/02\/Markusovszky-Square-in-Ferencvaros-Budapest-4-768x432.webp 768w, https:\/\/contentf5.dailynewshungary.com\/wp-content\/uploads\/2022\/02\/Markusovszky-Square-in-Ferencvaros-Budapest-4-350x197.webp 350w, https:\/\/contentf5.dailynewshungary.com\/wp-content\/uploads\/2022\/02\/Markusovszky-Square-in-Ferencvaros-Budapest-4-248x139.webp 248w, https:\/\/contentf5.dailynewshungary.com\/wp-content\/uploads\/2022\/02\/Markusovszky-Square-in-Ferencvaros-Budapest-4-260x146.webp 260w, https:\/\/contentf5.dailynewshungary.com\/wp-content\/uploads\/2022\/02\/Markusovszky-Square-in-Ferencvaros-Budapest-4-50x28.webp 50w, https:\/\/contentf5.dailynewshungary.com\/wp-content\/uploads\/2022\/02\/Markusovszky-Square-in-Ferencvaros-Budapest-4-133x75.webp 133w\" sizes=\"auto, (max-width: 930px) 100vw, 930px\"><\/a>\n\t\t\t<\/div><figcaption class=\"wp-caption-text gallery-caption\" id=\"gallery-2-468836\">\n\t\t\t\tFonte: Gruppo TSPC<br \/>\n\t\t\t\t<\/figcaption><\/figure>\n<\/p><\/div>\n<p>Come <em><a href=\"https:\/\/www.portfolio.hu\/ingatlan\/20220215\/megujul-ferencvaros-egyik-fontos-koztere-itt-vannak-a-latvanytervek-526859\" target=\"_blank\" rel=\"noopener\">P\u00e9nzcentrum<\/a> <\/em>secondo quanto riferito, i piani di piazza Markusovszky situata tra le strade Kinizsi, K\u00f6ztelek, Biblia e \u00dcll\u0151i sono resi dal <em><a href=\"https:\/\/www.tspc.hu\/\" target=\"_blank\" rel=\"noopener\">Gruppo TSPC<\/a><\/em> che \u00e8 ben noto per i suoi principali sviluppi di pianificazione in citt\u00e0.<\/p>\n<blockquote>\n<p>Il Gruppo TSPC \u00e8 stato quello che ha progettato il parco straordinariamente moderno Sz\u00e9llkapu, il pi\u00f9 grande parco ricreativo pubblico dell&#8217;Europa centrale con oltre 26.000 metri quadrati di area verde.<\/p>\n<\/blockquote>\n<ul>\n<li>Leggi anche: <strong><a href=\"https:\/\/dailynewshungary.com\/it\/tutto-quello-che-devi-sapere-sul-nuovo-parco-di-budapest-photos\/\">Tutto quello che devi sapere sul nuovo parco di Budapest (PHOTOS)<\/a><\/strong><\/li>\n<\/ul>\n<p><iframe loading=\"lazy\" title=\"A TSPC csoport bemutatja: Millen\u00e1ris Sz\u00e9llkapu Park\" width=\"1480\" height=\"833\" src=\"https:\/\/www.youtube.com\/embed\/PCQAfwwryXw?feature=oembed\" frameborder=\"0\" allow=\"accelerometer; autoplay; clipboard-write; encrypted-media; gyroscope; picture-in-picture; web-share\" referrerpolicy=\"strict-origin-when-cross-origin\" allowfullscreen=\"\"><\/iframe><\/p>\n<p>La societ\u00e0 di ingegneria elenca nel suo portafoglio anche la progettazione di <strong><a href=\"https:\/\/dailynewshungary.com\/it\/la-piu-grande-terrazza-sportiva-universitaria-deuropa-sara-costruita-in-ungheria\/\">La pi\u00f9 grande terrazza sportiva universitaria d&#8217;Europa,<\/a><\/strong>&nbsp;costruito sulla cima della nuova Universit\u00e0 di Educazione Fisica.<\/p>\n<blockquote>\n<p><span style=\"font-size: revert; color: initial;\">Si spera che i piani saranno attuati con la stessa precisione come nel caso del Parco Sz\u00e9llkapu e la capitale ungherese sar\u00e0 arricchita da un altro punto verde nel cuore della citt\u00e0.<\/span><\/p>\n<\/blockquote>\n","protected":false},"excerpt":{"rendered":"<p>L&#8217;Ungheria e soprattutto Budapest hanno molti progetti di sviluppo in corso in questo periodo, e uno di questi include il rinnovamento di un parco pubblico nel cuore del distretto IX di Ferencv\u00e1ros con una superficie totale di 9.000 metri quadrati. Tornato a ottobre 2020, Pestbuda ha riferito che la fase di pianificazione della Piazza Markusovszky, [&hellip;]<\/p>\n","protected":false},"author":28,"featured_media":747282,"comment_status":"open","ping_status":"open","sticky":false,"template":"","format":"standard","meta":{"_display_image":"","footnotes":""},"categories":[1207],"tags":[1158,1270,1188,1069],"class_list":["post-747281","post","type-post","status-publish","format-standard","has-post-thumbnail","hentry","category-societa-in-ungheria","tag-budapest","tag-natura","tag-sviluppo","tag-ungheria"],"blocksy_meta":[],"author_username":"Theecchipete","telegram_post":"","public_post_metadata":{"breaking_news":"","important":"","csempe":"","center_tile":"","disable_thumbnail":"","target_lang":"","_featured_image_style":"","telegram_post":"","_xlat_group_id":""},"public_rank_math_data":{"title":"%titolo% %sep% %nomesito%","description":"Con la ricostruzione della piazza Markusovszky del quartiere IX di Budapest, la citt\u00e0 sar\u00e0 pi\u00f9 verde e vivibile.","focus_keyword":"parco pubblico","canonical_url":"","robots":"","primary_category":"1207","breadcrumb_title":"","facebook_title":"","facebook_description":"","facebook_image":"","facebook_image_id":"","twitter_title":"","twitter_description":"","twitter_image":"","twitter_image_id":"","twitter_card_type":"","twitter_use_facebook":"","advanced_robots":"","pillar_content":"","seo_score":"29","contentai_score":"","rich_snippet":""},"_links":{"self":[{"href":"https:\/\/dailynewshungary.com\/it\/wp-json\/wp\/v2\/posts\/747281","targetHints":{"allow":["GET"]}}],"collection":[{"href":"https:\/\/dailynewshungary.com\/it\/wp-json\/wp\/v2\/posts"}],"about":[{"href":"https:\/\/dailynewshungary.com\/it\/wp-json\/wp\/v2\/types\/post"}],"author":[{"embeddable":true,"href":"https:\/\/dailynewshungary.com\/it\/wp-json\/wp\/v2\/users\/28"}],"replies":[{"embeddable":true,"href":"https:\/\/dailynewshungary.com\/it\/wp-json\/wp\/v2\/comments?post=747281"}],"version-history":[{"count":0,"href":"https:\/\/dailynewshungary.com\/it\/wp-json\/wp\/v2\/posts\/747281\/revisions"}],"wp:featuredmedia":[{"embeddable":true,"href":"https:\/\/dailynewshungary.com\/it\/wp-json\/wp\/v2\/media\/747282"}],"wp:attachment":[{"href":"https:\/\/dailynewshungary.com\/it\/wp-json\/wp\/v2\/media?parent=747281"}],"wp:term":[{"taxonomy":"category","embeddable":true,"href":"https:\/\/dailynewshungary.com\/it\/wp-json\/wp\/v2\/categories?post=747281"},{"taxonomy":"post_tag","embeddable":true,"href":"https:\/\/dailynewshungary.com\/it\/wp-json\/wp\/v2\/tags?post=747281"}],"curies":[{"name":"wp","href":"https:\/\/api.w.org\/{rel}","templated":true}]}}