{"id":748030,"date":"2022-01-27T23:10:00","date_gmt":"2022-01-27T22:10:00","guid":{"rendered":"https:\/\/dailynewshungary.com\/it\/questo-paese-africano-ricevera-200-mila-jab-dallungheria\/"},"modified":"2022-01-27T23:10:00","modified_gmt":"2022-01-27T22:10:00","slug":"questo-paese-africano-ricevera-200-mila-jab-dallungheria","status":"publish","type":"post","link":"https:\/\/dailynewshungary.com\/it\/questo-paese-africano-ricevera-200-mila-jab-dallungheria\/","title":{"rendered":"Questo paese africano ricever\u00e0 200 mila jab dall\u2019Ungheria"},"content":{"rendered":"<div class=\"leadNews\"><strong><span id=\"ctl00_ContentPlaceHolder1_ctrlNewsControl_lbLead\">L\u2019Ungheria doner\u00e0 200.000 vaccini contro il coronavirus AstraZeneca al Sudan, ha detto gioved\u00ec il ministro degli Esteri P\u00e9ter Szijj\u00e1rt\u00f3.<\/span><\/strong><\/div>\n<div>&nbsp;<\/div>\n<div class=\"leadNews\"><span id=\"ctl00_ContentPlaceHolder1_ctrlNewsControl_lbBody\">Il Sudan \u00e8 il settimo paese africano a ricevere questa forma di aiuto dall\u2019Ungheria, consentendo loro di combattere meglio la pandemia, ha detto Szijj\u00e1rt\u00f3 a MTI.<\/span><\/div>\n<div>&nbsp;<\/div>\n<div class=\"leadNews\"><span id=\"ctl00_ContentPlaceHolder1_ctrlNewsControl_lbBody\">Grazie alla donazione, il Sudan sar\u00e0 in grado di accelerare la sua campagna di vaccinazione e aumentare il tasso di vaccinazione che dovrebbe ridurre le possibilit\u00e0 di comparsa di nuove varianti, ha affermato.<\/span><\/div>\n<div>&nbsp;<\/div>\n<div class=\"leadNews\"><span id=\"ctl00_ContentPlaceHolder1_ctrlNewsControl_lbBody\">L\u2019Ungheria ha preso una parte equa nella lotta globale contro la pandemia, avendo donato finora 2,6 milioni di vaccini contro il coronavirus ai paesi africani, ha affermato il ministro degli Esteri.<br \/><\/span><\/div>\n","protected":false},"excerpt":{"rendered":"<p>L\u2019Ungheria doner\u00e0 200.000 vaccini contro il coronavirus AstraZeneca al Sudan, ha detto gioved\u00ec il ministro degli Esteri P\u00e9ter Szijj\u00e1rt\u00f3. &nbsp; Il Sudan \u00e8 il settimo paese africano a ricevere questa forma di aiuto dall\u2019Ungheria, consentendo loro di combattere meglio la pandemia, ha detto Szijj\u00e1rt\u00f3 a MTI. &nbsp; Grazie alla donazione, il Sudan sar\u00e0 in grado [&hellip;]<\/p>\n","protected":false},"author":50,"featured_media":748031,"comment_status":"open","ping_status":"open","sticky":false,"template":"","format":"standard","meta":{"_display_image":"yes","footnotes":""},"categories":[1197],"tags":[1338,1590,1079,1069,1792],"class_list":["post-748030","post","type-post","status-publish","format-standard","has-post-thumbnail","hentry","category-mondo","tag-africa","tag-coronavirus-in-ungheria","tag-governo-ungherese","tag-ungheria","tag-vaccino-contro-il-coronavirus-in-ungheria"],"blocksy_meta":[],"author_username":"dnh","telegram_post":"","public_post_metadata":{"breaking_news":"","important":"","csempe":"","center_tile":"","disable_thumbnail":"","target_lang":"","_featured_image_style":"hidden","telegram_post":"","_xlat_group_id":""},"public_rank_math_data":{"title":"%titolo% %sep% %nomesito%","description":"","focus_keyword":"","canonical_url":"","robots":"","primary_category":"1197","breadcrumb_title":"","facebook_title":"","facebook_description":"","facebook_image":"","facebook_image_id":"","twitter_title":"","twitter_description":"","twitter_image":"","twitter_image_id":"","twitter_card_type":"","twitter_use_facebook":"","advanced_robots":"","pillar_content":"","seo_score":"","contentai_score":"","rich_snippet":""},"_links":{"self":[{"href":"https:\/\/dailynewshungary.com\/it\/wp-json\/wp\/v2\/posts\/748030","targetHints":{"allow":["GET"]}}],"collection":[{"href":"https:\/\/dailynewshungary.com\/it\/wp-json\/wp\/v2\/posts"}],"about":[{"href":"https:\/\/dailynewshungary.com\/it\/wp-json\/wp\/v2\/types\/post"}],"author":[{"embeddable":true,"href":"https:\/\/dailynewshungary.com\/it\/wp-json\/wp\/v2\/users\/50"}],"replies":[{"embeddable":true,"href":"https:\/\/dailynewshungary.com\/it\/wp-json\/wp\/v2\/comments?post=748030"}],"version-history":[{"count":0,"href":"https:\/\/dailynewshungary.com\/it\/wp-json\/wp\/v2\/posts\/748030\/revisions"}],"wp:featuredmedia":[{"embeddable":true,"href":"https:\/\/dailynewshungary.com\/it\/wp-json\/wp\/v2\/media\/748031"}],"wp:attachment":[{"href":"https:\/\/dailynewshungary.com\/it\/wp-json\/wp\/v2\/media?parent=748030"}],"wp:term":[{"taxonomy":"category","embeddable":true,"href":"https:\/\/dailynewshungary.com\/it\/wp-json\/wp\/v2\/categories?post=748030"},{"taxonomy":"post_tag","embeddable":true,"href":"https:\/\/dailynewshungary.com\/it\/wp-json\/wp\/v2\/tags?post=748030"}],"curies":[{"name":"wp","href":"https:\/\/api.w.org\/{rel}","templated":true}]}}