{"id":748547,"date":"2022-01-13T19:00:00","date_gmt":"2022-01-13T18:00:00","guid":{"rendered":"https:\/\/dailynewshungary.com\/it\/europarlamentare-ungherese-lafrica-ha-bisogno-di-partenariato-non-di-lezioni\/"},"modified":"2022-01-13T19:00:00","modified_gmt":"2022-01-13T18:00:00","slug":"europarlamentare-ungherese-lafrica-ha-bisogno-di-partenariato-non-di-lezioni","status":"publish","type":"post","link":"https:\/\/dailynewshungary.com\/it\/europarlamentare-ungherese-lafrica-ha-bisogno-di-partenariato-non-di-lezioni\/","title":{"rendered":"Europarlamentare ungherese: l\u2019Africa ha bisogno di partenariato, non di \u201clezioni\u201d"},"content":{"rendered":"<div class=\"leadNews\"><strong><span id=\"ctl00_ContentPlaceHolder1_ctrlNewsControl_lbLead\">\u00c8 necessario un cambiamento nella politica africana dell&#8217;Unione europea perch\u00e9 ci\u00f2 di cui il continente ha bisogno \u00e8 un partenariato di \u201c piuttosto che una lectures\u201d, ha detto gioved\u00ec l&#8217;eurodeputato co-governatore dei Democratici Cristiani Gy\u00f6rgy H\u00f6lv\u00e9nyi.<\/span><\/strong><\/div>\n<div>&nbsp;<\/div>\n<div class=\"leadNews\"><span id=\"ctl00_ContentPlaceHolder1_ctrlNewsControl_lbBody\">H\u00f6lv\u00e9nyi ha citato un&#8217;audizione tenuta dal gruppo parlamentare europeo del Partito popolare europeo sulle politiche africane e ha affermato che per ottenere un cambiamento \u00e8 necessario esprimere una posizione di destra ben definita.<\/span><\/div>\n<div>&nbsp;<\/div>\n<div class=\"leadNews\"><span id=\"ctl00_ContentPlaceHolder1_ctrlNewsControl_lbBody\">La famiglia del partito approver\u00e0 presto un documento \u201cche avr\u00e0 un effetto significativo nei prossimi anni\u201d, ha aggiunto. \u201cLa politica di sviluppo \u00e8 stata dirottata dalle forze politiche liberali e di sinistra negli ultimi trent&#8217;anni, ha detto\u201d.<\/span><\/div>\n<div>&nbsp;<\/div>\n<blockquote>\n<div class=\"leadNews\"><span id=\"ctl00_ContentPlaceHolder1_ctrlNewsControl_lbBody\">\u201cNoi in Ungheria abbiamo gi\u00e0 riconosciuto che la migrazione non \u00e8 una soluzione. Occorre invece sforzarsi di offrire aiuto direttamente sul posto e a chi ne ha bisogno,\u201d <\/span><\/div>\n<\/blockquote>\n<div>&nbsp;<\/div>\n<div class=\"leadNews\"><span id=\"ctl00_ContentPlaceHolder1_ctrlNewsControl_lbBody\">ha aggiunto.<\/span><\/div>\n<div>&nbsp;<\/div>\n<ul>\n<li>Leggi anche: <a href=\"https:\/\/dailynewshungary.com\/it\/fortunato-paese-africano-riceve-400-000-vaccini-dallungheria\/\">Fortunato paese africano riceve 400.000 vaccini dall&#8217;Ungheria<\/a><\/li>\n<\/ul>\n<div>&nbsp;<\/div>\n<div class=\"leadNews\"><span id=\"ctl00_ContentPlaceHolder1_ctrlNewsControl_lbBody\">Si devono trovare tutti i mezzi possibili per aiutare le persone ad avere successo nelle loro terre d&#8217;origine in modo che non siano costrette a lasciarlo, ha detto Oltre alla pace e alla sicurezza, l&#8217;istruzione e i partenariati economici sono i mezzi migliori, ha aggiunto.<\/span><\/div>\n<div>&nbsp;<\/div>\n<div class=\"leadNews\"><span id=\"ctl00_ContentPlaceHolder1_ctrlNewsControl_lbBody\">Il gruppo PPE al PE prevede di pubblicare la sua posizione sulle politiche africane in vista del vertice UE-Unione africana del 17-18 febbraio, ha affermato.<\/span><\/div>\n","protected":false},"excerpt":{"rendered":"<p>\u00c8 necessario un cambiamento nella politica africana dell&#8217;Unione europea perch\u00e9 ci\u00f2 di cui il continente ha bisogno \u00e8 un partenariato di \u201c piuttosto che una lectures\u201d, ha detto gioved\u00ec l&#8217;eurodeputato co-governatore dei Democratici Cristiani Gy\u00f6rgy H\u00f6lv\u00e9nyi. &nbsp; H\u00f6lv\u00e9nyi ha citato un&#8217;audizione tenuta dal gruppo parlamentare europeo del Partito popolare europeo sulle politiche africane e ha [&hellip;]<\/p>\n","protected":false},"author":50,"featured_media":748548,"comment_status":"open","ping_status":"open","sticky":false,"template":"","format":"standard","meta":{"_display_image":"yes","footnotes":""},"categories":[1185],"tags":[1338,1069,1075],"class_list":["post-748547","post","type-post","status-publish","format-standard","has-post-thumbnail","hentry","category-politica-in-ungheria","tag-africa","tag-ungheria","tag-unione-europea"],"blocksy_meta":[],"author_username":"dnh","telegram_post":"","public_post_metadata":{"breaking_news":"","important":"","csempe":"","center_tile":"","disable_thumbnail":"","target_lang":"","_featured_image_style":"hidden","telegram_post":"","_xlat_group_id":""},"public_rank_math_data":{"title":"%titolo% %sep% %nomesito%","description":"","focus_keyword":"Africa ungherese","canonical_url":"","robots":"","primary_category":"1185","breadcrumb_title":"","facebook_title":"","facebook_description":"","facebook_image":"","facebook_image_id":"","twitter_title":"","twitter_description":"","twitter_image":"","twitter_image_id":"","twitter_card_type":"","twitter_use_facebook":"","advanced_robots":"","pillar_content":"","seo_score":"6","contentai_score":"","rich_snippet":""},"_links":{"self":[{"href":"https:\/\/dailynewshungary.com\/it\/wp-json\/wp\/v2\/posts\/748547","targetHints":{"allow":["GET"]}}],"collection":[{"href":"https:\/\/dailynewshungary.com\/it\/wp-json\/wp\/v2\/posts"}],"about":[{"href":"https:\/\/dailynewshungary.com\/it\/wp-json\/wp\/v2\/types\/post"}],"author":[{"embeddable":true,"href":"https:\/\/dailynewshungary.com\/it\/wp-json\/wp\/v2\/users\/50"}],"replies":[{"embeddable":true,"href":"https:\/\/dailynewshungary.com\/it\/wp-json\/wp\/v2\/comments?post=748547"}],"version-history":[{"count":0,"href":"https:\/\/dailynewshungary.com\/it\/wp-json\/wp\/v2\/posts\/748547\/revisions"}],"wp:featuredmedia":[{"embeddable":true,"href":"https:\/\/dailynewshungary.com\/it\/wp-json\/wp\/v2\/media\/748548"}],"wp:attachment":[{"href":"https:\/\/dailynewshungary.com\/it\/wp-json\/wp\/v2\/media?parent=748547"}],"wp:term":[{"taxonomy":"category","embeddable":true,"href":"https:\/\/dailynewshungary.com\/it\/wp-json\/wp\/v2\/categories?post=748547"},{"taxonomy":"post_tag","embeddable":true,"href":"https:\/\/dailynewshungary.com\/it\/wp-json\/wp\/v2\/tags?post=748547"}],"curies":[{"name":"wp","href":"https:\/\/api.w.org\/{rel}","templated":true}]}}