{"id":749234,"date":"2021-12-22T09:30:00","date_gmt":"2021-12-22T08:30:00","guid":{"rendered":"https:\/\/dailynewshungary.com\/it\/lungheria-dona-530-000-dosi-di-astrazeneca-al-bangladesh\/"},"modified":"2021-12-22T09:30:00","modified_gmt":"2021-12-22T08:30:00","slug":"lungheria-dona-530-000-dosi-di-astrazeneca-al-bangladesh","status":"publish","type":"post","link":"https:\/\/dailynewshungary.com\/it\/lungheria-dona-530-000-dosi-di-astrazeneca-al-bangladesh\/","title":{"rendered":"L\u2019Ungheria dona 530.000 dosi di AstraZeneca al Bangladesh"},"content":{"rendered":"<div class=\"leadNews\"><strong><span id=\"ctl00_ContentPlaceHolder1_ctrlNewsControl_lbLead\">L&#8217;Ungheria doner\u00e0 530.000 dosi del vaccino AstraZeneca covid al Bangladesh per sostenere la campagna di immunizzazione di quel paese, ha detto il ministro degli Esteri P\u00e9ter Szijj\u00e1rt\u00f3 in un video pubblicato mercoled\u00ec su Facebook.<\/span><\/strong><\/div>\n<div>&nbsp;<\/div>\n<div class=\"leadNews\"><span id=\"ctl00_ContentPlaceHolder1_ctrlNewsControl_lbBody\">Szijj\u00e1rt\u00f3 ha affermato che l&#8217;Ungheria ha in riserva \u201cmolti milioni di dosi, facilitando che tutti possano ricevere la prima, la seconda o anche la terza shot\u201d. \u201cPossiamo anche aiutare gli altri&#8230; pi\u00f9 velocemente \u00e8 la campagna di vaccinazione in altri paesi, pi\u00f9 siamo sicuri noi stessi, ha detto il ministro. Ha detto che \u00e8 particolarmente importante in termini di paesi con una grande popolazione e da cui sono state effettuate molte visite in Europa.<\/span><\/div>\n<div>&nbsp;<\/div>\n<div class=\"leadNews\"><span id=\"ctl00_ContentPlaceHolder1_ctrlNewsControl_lbBody\">Szijj\u00e1rt\u00f3 lo ha notato <\/span><\/div>\n<div>&nbsp;<\/div>\n<div>&nbsp;<\/div>\n<blockquote>\n<div class=\"leadNews\"><span id=\"ctl00_ContentPlaceHolder1_ctrlNewsControl_lbBody\">la donazione del vaccino \u00e8 stata la seconda pi\u00f9 grande mai effettuata finora dall\u2019Ungheria.<\/span><\/div>\n<\/blockquote>\n<div>&nbsp;<\/div>\n<div class=\"leadNews\"><span id=\"ctl00_ContentPlaceHolder1_ctrlNewsControl_lbBody\">Per quanto riguarda i legami bilaterali, Szijj\u00e1rt\u00f3 ha sottolineato \u201csoprattutto una buona cooperazione politica ed economica.<\/span><\/div>\n","protected":false},"excerpt":{"rendered":"<p>L&#8217;Ungheria doner\u00e0 530.000 dosi del vaccino AstraZeneca covid al Bangladesh per sostenere la campagna di immunizzazione di quel paese, ha detto il ministro degli Esteri P\u00e9ter Szijj\u00e1rt\u00f3 in un video pubblicato mercoled\u00ec su Facebook. &nbsp; Szijj\u00e1rt\u00f3 ha affermato che l&#8217;Ungheria ha in riserva \u201cmolti milioni di dosi, facilitando che tutti possano ricevere la prima, la [&hellip;]<\/p>\n","protected":false},"author":50,"featured_media":749235,"comment_status":"open","ping_status":"open","sticky":false,"template":"","format":"standard","meta":{"_display_image":"yes","footnotes":""},"categories":[1185],"tags":[1157,1590,1079,1854,1069,1792],"class_list":["post-749234","post","type-post","status-publish","format-standard","has-post-thumbnail","hentry","category-politica-in-ungheria","tag-asia","tag-coronavirus-in-ungheria","tag-governo-ungherese","tag-ministero-degli-affari-esteri-dellungheria-2","tag-ungheria","tag-vaccino-contro-il-coronavirus-in-ungheria"],"blocksy_meta":[],"author_username":"dnh","telegram_post":"","public_post_metadata":{"breaking_news":"","important":"","csempe":"","center_tile":"","disable_thumbnail":"","target_lang":"","_featured_image_style":"hidden","telegram_post":"","_xlat_group_id":""},"public_rank_math_data":{"title":"%titolo% %sep% %nomesito%","description":"Szijj\u00e1rt\u00f3 ha osservato che la donazione di vaccini al paese asiatico \u00e8 stata \"la seconda pi\u00f9 grande mai realizzata finora dall\u2019Ungheria\".","focus_keyword":"Ungheria","canonical_url":"","robots":"","primary_category":"1185","breadcrumb_title":"","facebook_title":"","facebook_description":"","facebook_image":"","facebook_image_id":"","twitter_title":"","twitter_description":"","twitter_image":"","twitter_image_id":"","twitter_card_type":"","twitter_use_facebook":"","advanced_robots":"","pillar_content":"","seo_score":"58","contentai_score":"","rich_snippet":""},"_links":{"self":[{"href":"https:\/\/dailynewshungary.com\/it\/wp-json\/wp\/v2\/posts\/749234","targetHints":{"allow":["GET"]}}],"collection":[{"href":"https:\/\/dailynewshungary.com\/it\/wp-json\/wp\/v2\/posts"}],"about":[{"href":"https:\/\/dailynewshungary.com\/it\/wp-json\/wp\/v2\/types\/post"}],"author":[{"embeddable":true,"href":"https:\/\/dailynewshungary.com\/it\/wp-json\/wp\/v2\/users\/50"}],"replies":[{"embeddable":true,"href":"https:\/\/dailynewshungary.com\/it\/wp-json\/wp\/v2\/comments?post=749234"}],"version-history":[{"count":0,"href":"https:\/\/dailynewshungary.com\/it\/wp-json\/wp\/v2\/posts\/749234\/revisions"}],"wp:featuredmedia":[{"embeddable":true,"href":"https:\/\/dailynewshungary.com\/it\/wp-json\/wp\/v2\/media\/749235"}],"wp:attachment":[{"href":"https:\/\/dailynewshungary.com\/it\/wp-json\/wp\/v2\/media?parent=749234"}],"wp:term":[{"taxonomy":"category","embeddable":true,"href":"https:\/\/dailynewshungary.com\/it\/wp-json\/wp\/v2\/categories?post=749234"},{"taxonomy":"post_tag","embeddable":true,"href":"https:\/\/dailynewshungary.com\/it\/wp-json\/wp\/v2\/tags?post=749234"}],"curies":[{"name":"wp","href":"https:\/\/api.w.org\/{rel}","templated":true}]}}