{"id":749449,"date":"2021-12-15T16:00:00","date_gmt":"2021-12-15T15:00:00","guid":{"rendered":"https:\/\/dailynewshungary.com\/it\/sondaggio-identita-nazionale-piu-diffusa-in-finlandia-ungheria-portogallo\/"},"modified":"2021-12-15T16:00:00","modified_gmt":"2021-12-15T15:00:00","slug":"sondaggio-identita-nazionale-piu-diffusa-in-finlandia-ungheria-portogallo","status":"publish","type":"post","link":"https:\/\/dailynewshungary.com\/it\/sondaggio-identita-nazionale-piu-diffusa-in-finlandia-ungheria-portogallo\/","title":{"rendered":"Sondaggio: identit\u00e0 nazionale pi\u00f9 diffusa in Finlandia, Ungheria, Portogallo"},"content":{"rendered":"<div class=\"leadNews\"><strong><span id=\"ctl00_ContentPlaceHolder1_ctrlNewsControl_lbLead\">I cittadini dei paesi europei si aspettano che l&#8217;Unione europea sia pi\u00f9 efficace e trasparente, secondo un sondaggio condotto dalla Fondazione Sz\u00e1zadv\u00e9g in 30 paesi all&#8217;inizio di quest&#8217;anno.<\/span><\/strong><\/div>\n<div>&nbsp;<\/div>\n<div class=\"leadNews\"><span id=\"ctl00_ContentPlaceHolder1_ctrlNewsControl_lbBody\">L&#8217;indagine condotta telefonicamente con 30.000 intervistati negli Stati membri dell&#8217;UE, nel Regno Unito, in Norvegia e in Svizzera ha sondato l&#8217;atteggiamento del pubblico sull&#8217;identit\u00e0 nazionale ed europea, la sovranit\u00e0 degli Stati membri, la responsabilit\u00e0 e la politica dei funzionari dell&#8217;UE e il funzionamento dell&#8217;UE.<\/span><\/div>\n<div>&nbsp;<\/div>\n<div class=\"leadNews\"><span id=\"ctl00_ContentPlaceHolder1_ctrlNewsControl_lbBody\">I risultati pubblicati mercoled\u00ec hanno mostrato che l&#8217;84 per cento degli intervistati <\/span><\/div>\n<div>&nbsp;<\/div>\n<blockquote>\n<div class=\"leadNews\"><span id=\"ctl00_ContentPlaceHolder1_ctrlNewsControl_lbBody\">voleva che il funzionamento dell&#8217;UE fosse pi\u00f9 semplice e trasparente<\/span><\/div>\n<\/blockquote>\n<div>&nbsp;<\/div>\n<div class=\"leadNews\"><span id=\"ctl00_ContentPlaceHolder1_ctrlNewsControl_lbBody\"> in aumento del 2% rispetto al 2020.<\/span><\/div>\n<div>&nbsp;<\/div>\n<div class=\"leadNews\"><span id=\"ctl00_ContentPlaceHolder1_ctrlNewsControl_lbBody\">La maggioranza degli intervistati in 29 paesi dei 30 intervistati vorrebbe vedere la leadership dell&#8217;UE dimettersi se il blocco non riuscisse a rispondere rapidamente alle situazioni di crisi, ha detto Sz\u00e1zadv\u00e9g La media delle persone che si aspettano che la leadership di Bruxelles si assuma la responsabilit\u00e0 \u00e8 stata del 74% nel 2021, rispetto al 71% dell&#8217;anno scorso, ha detto il sondaggista. I rapporti pi\u00f9 alti su questo tema sono stati misurati in Croazia (90%), seguita da Ungheria (85%) e Spagna (84%).<\/span><\/div>\n<div>&nbsp;<\/div>\n<ul>\n<li>Leggi anche: <a href=\"https:\/\/dailynewshungary.com\/it\/ministro-lungheria-continuera-a-bloccare-ladesione-dellucraina-alla-nato\/\">Ministro: L&#8217;Ungheria continuer\u00e0 a bloccare l&#8217;adesione dell&#8217;Ucraina alla NATO!<\/a><\/li>\n<\/ul>\n<div>&nbsp;<\/div>\n<div class=\"leadNews\"><span id=\"ctl00_ContentPlaceHolder1_ctrlNewsControl_lbBody\">Per quanto riguarda l&#8217;identit\u00e0 nazionale ed europea, Sz\u00e1zadv\u00e9g ha scoperto che <\/span><\/div>\n<div>&nbsp;<\/div>\n<blockquote>\n<div class=\"leadNews\"><span id=\"ctl00_ContentPlaceHolder1_ctrlNewsControl_lbBody\">tre quarti degli intervistati si sono identificati pi\u00f9 come membri del proprio stato nazionale che come europei.<\/span><\/div>\n<\/blockquote>\n<div>&nbsp;<\/div>\n<div class=\"leadNews\"><span id=\"ctl00_ContentPlaceHolder1_ctrlNewsControl_lbBody\"> Circa il 20% degli intervistati mette l\u2019identit\u00e0 europea al primo posto. L\u2019identit\u00e0 nazionale era pi\u00f9 diffusa in Finlandia, Ungheria e Portogallo (86% ciascuno) e meno pronunciata in Germania (66%), Polonia (63%) e Lussemburgo (57%).<\/span><\/div>\n<div>&nbsp;<\/div>\n<div class=\"leadNews\"><span id=\"ctl00_ContentPlaceHolder1_ctrlNewsControl_lbBody\">Completamente il 48% degli intervistati sostiene che gli Stati membri abbiano pi\u00f9 potere sull\u2019Unione Europea, ha detto Sz\u00e1zadv\u00e9g. Quel rapporto era del 54% nei quattro stati membri del Gruppo Visegr\u00e1d e del 52% tra i membri dell\u2019ex blocco socialista, ha detto il sondaggista. <\/span><\/div>\n<div>&nbsp;<\/div>\n<blockquote>\n<div class=\"leadNews\"><span id=\"ctl00_ContentPlaceHolder1_ctrlNewsControl_lbBody\">La percentuale di coloro che sostengono una maggiore concentrazione di potere a Bruxelles \u00e8 superiore al 50% solo in Slovenia (56%) e Spagna (54%), e in media al 36% nell\u2019UE e nel Regno Unito.<\/span><\/div>\n<\/blockquote>\n<div>&nbsp;<\/div>\n<div class=\"leadNews\"><span id=\"ctl00_ContentPlaceHolder1_ctrlNewsControl_lbBody\">La maggioranza degli intervistati in 22 paesi era dell&#8217;opinione che i loro interessi non fossero rappresentati a Bruxelles, ha detto Sz\u00e1zadv\u00e9g. Meno soddisfatti a questo riguardo sono stati gli intervistati cechi (63%) e bulgari (62%), ha mostrato il sondaggio. In Ungheria, il loro rapporto era del 52%, ha detto Sz\u00e1zadv\u00e9g.<\/span><\/div>\n","protected":false},"excerpt":{"rendered":"<p>I cittadini dei paesi europei si aspettano che l&#8217;Unione europea sia pi\u00f9 efficace e trasparente, secondo un sondaggio condotto dalla Fondazione Sz\u00e1zadv\u00e9g in 30 paesi all&#8217;inizio di quest&#8217;anno. &nbsp; L&#8217;indagine condotta telefonicamente con 30.000 intervistati negli Stati membri dell&#8217;UE, nel Regno Unito, in Norvegia e in Svizzera ha sondato l&#8217;atteggiamento del pubblico sull&#8217;identit\u00e0 nazionale ed [&hellip;]<\/p>\n","protected":false},"author":50,"featured_media":749450,"comment_status":"open","ping_status":"open","sticky":false,"template":"","format":"standard","meta":{"_display_image":"yes","footnotes":""},"categories":[1185],"tags":[1079,1069,1075],"class_list":["post-749449","post","type-post","status-publish","format-standard","has-post-thumbnail","hentry","category-politica-in-ungheria","tag-governo-ungherese","tag-ungheria","tag-unione-europea"],"blocksy_meta":[],"author_username":"dnh","telegram_post":"","public_post_metadata":{"breaking_news":"","important":"","csempe":"","center_tile":"","disable_thumbnail":"","target_lang":"","_featured_image_style":"hidden","telegram_post":"","_xlat_group_id":""},"public_rank_math_data":{"title":"%titolo% %sep% %nomesito%","description":"L'identit\u00e0 nazionale \u00e8 stata meno pronunciata in Germania (66%), Polonia (63%) e Lussemburgo (57%).","focus_keyword":"identit\u00e0 nazionale","canonical_url":"","robots":"","primary_category":"1185","breadcrumb_title":"","facebook_title":"","facebook_description":"","facebook_image":"","facebook_image_id":"","twitter_title":"","twitter_description":"","twitter_image":"","twitter_image_id":"","twitter_card_type":"","twitter_use_facebook":"","advanced_robots":"","pillar_content":"","seo_score":"55","contentai_score":"","rich_snippet":""},"_links":{"self":[{"href":"https:\/\/dailynewshungary.com\/it\/wp-json\/wp\/v2\/posts\/749449","targetHints":{"allow":["GET"]}}],"collection":[{"href":"https:\/\/dailynewshungary.com\/it\/wp-json\/wp\/v2\/posts"}],"about":[{"href":"https:\/\/dailynewshungary.com\/it\/wp-json\/wp\/v2\/types\/post"}],"author":[{"embeddable":true,"href":"https:\/\/dailynewshungary.com\/it\/wp-json\/wp\/v2\/users\/50"}],"replies":[{"embeddable":true,"href":"https:\/\/dailynewshungary.com\/it\/wp-json\/wp\/v2\/comments?post=749449"}],"version-history":[{"count":0,"href":"https:\/\/dailynewshungary.com\/it\/wp-json\/wp\/v2\/posts\/749449\/revisions"}],"wp:featuredmedia":[{"embeddable":true,"href":"https:\/\/dailynewshungary.com\/it\/wp-json\/wp\/v2\/media\/749450"}],"wp:attachment":[{"href":"https:\/\/dailynewshungary.com\/it\/wp-json\/wp\/v2\/media?parent=749449"}],"wp:term":[{"taxonomy":"category","embeddable":true,"href":"https:\/\/dailynewshungary.com\/it\/wp-json\/wp\/v2\/categories?post=749449"},{"taxonomy":"post_tag","embeddable":true,"href":"https:\/\/dailynewshungary.com\/it\/wp-json\/wp\/v2\/tags?post=749449"}],"curies":[{"name":"wp","href":"https:\/\/api.w.org\/{rel}","templated":true}]}}