{"id":749672,"date":"2021-12-08T16:30:00","date_gmt":"2021-12-08T15:30:00","guid":{"rendered":"https:\/\/dailynewshungary.com\/it\/governo-preservare-lidentita-nazionale-e-un-diritto-umano\/"},"modified":"2021-12-08T16:30:00","modified_gmt":"2021-12-08T15:30:00","slug":"governo-preservare-lidentita-nazionale-e-un-diritto-umano","status":"publish","type":"post","link":"https:\/\/dailynewshungary.com\/it\/governo-preservare-lidentita-nazionale-e-un-diritto-umano\/","title":{"rendered":"Governo: preservare l\u2019identit\u00e0 nazionale \u00e8 un diritto umano"},"content":{"rendered":"<p><strong>\u00c8 di vitale importanza che la questione delle minoranze nazionali venga mantenuta all&#8217;ordine del giorno del Consiglio d&#8217;Europa (CoE), ha detto alla commissione nazionale per la coesione del parlamento il segretario di Stato del ministero degli Esteri responsabile della politica di sicurezza.<\/strong><\/p>\n<p>Riferendo sui programmi della presidenza ungherese del Consiglio d&#8217;Europa incentrati sulle minoranze nazionali, P\u00e9ter Szt\u00e1ray ha osservato che durante la presidenza ungherese tra maggio e novembre 2021 si sono svolti 50 eventi professionali e 20 eventi culturali sulla rappresentanza e lo sviluppo dei diritti delle minoranze nazionali. Ha aggiunto che la questione delle minoranze nazionali<\/p>\n<blockquote>\n<p>era rimasto bloccato nel Consiglio d&#8217;Europa,<\/p>\n<\/blockquote>\n<p>che ha prestato molta pi\u00f9 attenzione politica alle minoranze non nazionali<\/p>\n<p>Ferenc Andr\u00e1s Kalm\u00e1r, commissario per le relazioni di quartiere, ha affermato che le conferenze tenute per gli istituti di ricerca etnica e le organizzazioni civili si concentrano sulla rappresentanza degli interessi delle comunit\u00e0 di minoranze etniche e delle pratiche legali nelle istituzioni europee, nonch\u00e9 sulle linee guida che determinano il lavoro futuro.<\/p>\n<ul>\n<li style=\"text-align: left;\"><a href=\"https:\/\/dailynewshungary.com\/it\/la-presidenza-ungherese-del-consiglio-deuropa-da-priorita-alla-protezione-delle-minoranze\/\">Leggi anche: La presidenza ungherese del Consiglio d\u2019Europa d\u00e0 priorit\u00e0 alla protezione delle minoranze<\/a><\/li>\n<\/ul>\n<p>Katalin Szili, commissario del primo ministro per i diritti delle minoranze, ha sottolineato la<\/p>\n<blockquote>\n<p>importanza del riconoscimento del diritto a preservare l\u2019identit\u00e0 nazionale<\/p>\n<\/blockquote>\n<p>come diritto umano di \u201cquinta generazione\u201d In una dichiarazione, ha invitato il Parlamento europeo a sancire in una dichiarazione i diritti delle minoranze indigene\u201c\u201d.<\/p>\n","protected":false},"excerpt":{"rendered":"<p>\u00c8 di vitale importanza che la questione delle minoranze nazionali venga mantenuta all&#8217;ordine del giorno del Consiglio d&#8217;Europa (CoE), ha detto alla commissione nazionale per la coesione del parlamento il segretario di Stato del ministero degli Esteri responsabile della politica di sicurezza. Riferendo sui programmi della presidenza ungherese del Consiglio d&#8217;Europa incentrati sulle minoranze nazionali, [&hellip;]<\/p>\n","protected":false},"author":50,"featured_media":749673,"comment_status":"open","ping_status":"open","sticky":false,"template":"","format":"standard","meta":{"_display_image":"","footnotes":""},"categories":[1185],"tags":[1443,1079,1295,1069,1075],"class_list":["post-749672","post","type-post","status-publish","format-standard","has-post-thumbnail","hentry","category-politica-in-ungheria","tag-bacino-dei-carpazi","tag-governo-ungherese","tag-parlamento-ungherese","tag-ungheria","tag-unione-europea"],"blocksy_meta":[],"author_username":"dnh","telegram_post":"","public_post_metadata":{"breaking_news":"","important":"","csempe":"","center_tile":"","disable_thumbnail":"","target_lang":"","_featured_image_style":"","telegram_post":"","_xlat_group_id":""},"public_rank_math_data":{"title":"%titolo% %sep% %nomesito%","description":"\u00c8 di vitale importanza che la questione delle minoranze nazionali venga mantenuta all'ordine del giorno del Consiglio d'Europa, ha affermato il governo.","focus_keyword":"governo","canonical_url":"","robots":"","primary_category":"1185","breadcrumb_title":"","facebook_title":"","facebook_description":"","facebook_image":"","facebook_image_id":"","twitter_title":"","twitter_description":"","twitter_image":"","twitter_image_id":"","twitter_card_type":"","twitter_use_facebook":"","advanced_robots":"","pillar_content":"","seo_score":"53","contentai_score":"","rich_snippet":""},"_links":{"self":[{"href":"https:\/\/dailynewshungary.com\/it\/wp-json\/wp\/v2\/posts\/749672","targetHints":{"allow":["GET"]}}],"collection":[{"href":"https:\/\/dailynewshungary.com\/it\/wp-json\/wp\/v2\/posts"}],"about":[{"href":"https:\/\/dailynewshungary.com\/it\/wp-json\/wp\/v2\/types\/post"}],"author":[{"embeddable":true,"href":"https:\/\/dailynewshungary.com\/it\/wp-json\/wp\/v2\/users\/50"}],"replies":[{"embeddable":true,"href":"https:\/\/dailynewshungary.com\/it\/wp-json\/wp\/v2\/comments?post=749672"}],"version-history":[{"count":0,"href":"https:\/\/dailynewshungary.com\/it\/wp-json\/wp\/v2\/posts\/749672\/revisions"}],"wp:featuredmedia":[{"embeddable":true,"href":"https:\/\/dailynewshungary.com\/it\/wp-json\/wp\/v2\/media\/749673"}],"wp:attachment":[{"href":"https:\/\/dailynewshungary.com\/it\/wp-json\/wp\/v2\/media?parent=749672"}],"wp:term":[{"taxonomy":"category","embeddable":true,"href":"https:\/\/dailynewshungary.com\/it\/wp-json\/wp\/v2\/categories?post=749672"},{"taxonomy":"post_tag","embeddable":true,"href":"https:\/\/dailynewshungary.com\/it\/wp-json\/wp\/v2\/tags?post=749672"}],"curies":[{"name":"wp","href":"https:\/\/api.w.org\/{rel}","templated":true}]}}