{"id":749926,"date":"2021-12-01T08:30:00","date_gmt":"2021-12-01T07:30:00","guid":{"rendered":"https:\/\/dailynewshungary.com\/it\/ecco-come-appare-il-nuovissimo-tram-treno-ungherese-hungarian-tram-train-foto-video\/"},"modified":"2021-12-01T08:30:00","modified_gmt":"2021-12-01T07:30:00","slug":"ecco-come-appare-il-nuovissimo-tram-treno-ungherese-hungarian-tram-train-foto-video","status":"publish","type":"post","link":"https:\/\/dailynewshungary.com\/it\/ecco-come-appare-il-nuovissimo-tram-treno-ungherese-hungarian-tram-train-foto-video\/","title":{"rendered":"Ecco come appare il nuovissimo tram-treno ungherese (Hungarian tram-train) FOTO, VIDEO"},"content":{"rendered":"<p><strong>Il tram-treno tra H\u00f3dmez\u0151v\u00e1s\u00e1rhely e Szeged ha ufficialmente fatto il suo primo viaggio Il veicolo \u00e8 partito dalla stazione alle 3:30 di luned\u00ec, Viaggiare sul tram-treno \u00e8 gratuito fino a met\u00e0 aprile Il progetto \u00e8 stato finanziato con fondi UE ed \u00e8 costato 80 miliardi di fiorini (EUR 217.789.390) Prendendo il tram-treno, le persone possono viaggiare da una citt\u00e0 all&#8217;altra in 35 minuti.<\/strong><\/p>\n<p>N\u00e9 L\u00e1szl\u00f3 Botka, il sindaco di Szeged, n\u00e9 P\u00e9ter M\u00e1rki-Zay, il sindaco di H\u00f3dmez\u0151v\u00e1s\u00e1rhely, sono stati invitati all&#8217;occasione. L\u00e1szl\u00f3 Palkovics, ministro dell&#8217;Innovazione e della Tecnologia, e J\u00e1nos L\u00e1z\u00e1r, commissario governativo per gli investimenti nei trasporti, erano l\u00ec, scrive <a href=\"https:\/\/hvg.hu\/itthon\/20211129_tramtrain_palkovics_laszlo_lazar_janos_elso_ut\" target=\"_blank\" rel=\"noopener\">HVG<\/a>.<\/p>\n<p>I due sindaci inaugurarono il nuovo mezzo di trasporto a Seghedino, P\u00e9ter M\u00e1rki-Zay prese il tram-treno alle 9:30, Cedette poi la linea insieme al sindaco di Seghedino.<\/p>\n<blockquote class=\"wp-block-quote is-layout-flow wp-block-quote-is-layout-flow\">\n<p>L\u00e1szl\u00f3 Palkovics ha affermato che il tram-treno \u00e8 lo sviluppo ferroviario pi\u00f9 innovativo dell&#8217;Ungheria. La prossima linea potrebbe essere sviluppata tra Debrecen e Nagyv\u00e1rad.<\/p>\n<\/blockquote>\n<figure class=\"wp-block-embed is-type-video is-provider-youtube wp-block-embed-youtube wp-embed-aspect-16-9 wp-has-aspect-ratio\">\n<div class=\"wp-block-embed__wrapper\">\n<iframe loading=\"lazy\" title=\"Elindult a tram-train Magyarorsz\u00e1gon\" width=\"1480\" height=\"833\" src=\"https:\/\/www.youtube.com\/embed\/c-v-xYFXoe4?feature=oembed\" frameborder=\"0\" allow=\"accelerometer; autoplay; clipboard-write; encrypted-media; gyroscope; picture-in-picture; web-share\" referrerpolicy=\"strict-origin-when-cross-origin\" allowfullscreen=\"\"><\/iframe>\n<\/div>\n<\/figure>\n<p>Questo investimento avrebbe un aspetto politico ad esso Nagyv\u00e1rad era una citt\u00e0 ungherese, ma dopo alcuni eventi storici, divenne parte della Romania, insieme alla Transilvania e agli ungheresi nella regione. Il tram-treno collegherebbe le citt\u00e0 ma anche gli ungheresi che vivono in Ungheria e gli ungheresi che vivono come gruppo minoritario ufficiale della Romania. Pertanto, il tram-treno avrebbe il significato simbolico di collegare una nazione separata da un confine.<\/p>\n<blockquote class=\"wp-block-quote is-layout-flow wp-block-quote-is-layout-flow\">\n<p>L&#8217;ibrido diesel-elettrico CityLink prodotto da Stadler \u00e8 un veicolo innovativo in Ungheria.<\/p>\n<\/blockquote>\n<p>Il nome indica la funzione Il veicolo funziona come treno e come tram, a seconda della posizione e del percorso Le persone possono viaggiare da una citt\u00e0 all&#8217;altra senza cambiare veicolo, risparmiando cos\u00ec tempo. <a href=\"https:\/\/www.youtube.com\/watch?v=Vi5NHzc4UZE\" target=\"_blank\" rel=\"noopener\">Telex<\/a> segnalato nella prima occasione fu utilizzato il tram-treno.<\/p>\n<figure id=\"attachment_444359\" aria-describedby=\"caption-attachment-444359\" style=\"width: 1200px\" class=\"wp-caption aligncenter\"><img loading=\"lazy\" decoding=\"async\" class=\"size-full wp-image-444359\" src=\"https:\/\/contentf5.dailynewshungary.com\/wp-content\/uploads\/2021\/12\/Tram-train-Hungary.jpg\" alt=\"Tram-treno-Ungheria\" width=\"1200\" height=\"800\" srcset=\"https:\/\/contentf5.dailynewshungary.com\/wp-content\/uploads\/2021\/12\/Tram-train-Hungary.jpg 1200w, https:\/\/contentf5.dailynewshungary.com\/wp-content\/uploads\/2021\/12\/Tram-train-Hungary-768x512.jpg 768w, https:\/\/contentf5.dailynewshungary.com\/wp-content\/uploads\/2021\/12\/Tram-train-Hungary-350x233.jpg 350w, https:\/\/contentf5.dailynewshungary.com\/wp-content\/uploads\/2021\/12\/Tram-train-Hungary-248x165.jpg 248w, https:\/\/contentf5.dailynewshungary.com\/wp-content\/uploads\/2021\/12\/Tram-train-Hungary-1030x687.jpg 1030w, https:\/\/contentf5.dailynewshungary.com\/wp-content\/uploads\/2021\/12\/Tram-train-Hungary-219x146.jpg 219w, https:\/\/contentf5.dailynewshungary.com\/wp-content\/uploads\/2021\/12\/Tram-train-Hungary-50x33.jpg 50w, https:\/\/contentf5.dailynewshungary.com\/wp-content\/uploads\/2021\/12\/Tram-train-Hungary-113x75.jpg 113w\" sizes=\"auto, (max-width: 1200px) 100vw, 1200px\"><figcaption id=\"caption-attachment-444359\" class=\"wp-caption-text\">MTI\/Tibor Rosta<\/figcaption><\/figure>\n<blockquote class=\"wp-block-quote is-layout-flow wp-block-quote-is-layout-flow\">\n<p>Hanno riferito che l&#8217;orario effettivo del tragitto era di 54 minuti Il tram-treno passa su un unico binario, e determinate circostanze possono influenzare il suo programma Se un altro veicolo \u00e8 in ritardo o succede qualcosa, il tragitto potrebbe essere di 60-65 minuti Potrebbe risparmiare tempo se il limite di velocit\u00e0 in determinati punti per i treni sarebbe di 100 km\/h invece degli attuali 80 km\/h.<\/p>\n<\/blockquote>\n<p>Molto comodo il tram-treno, che pu\u00f2 essere commutato in modalit\u00e0 diesel in luoghi dove ottenere l&#8217;elettricit\u00e0 non \u00e8 possibile, Le porte sono anche su misura per adattarsi all&#8217;altezza delle stazioni Nelle stazioni ferroviarie, le porte pi\u00f9 alte si apriranno, mentre in citt\u00e0, le porte pi\u00f9 basse si apriranno Solo la porta che corrisponde all&#8217;altezza della stazione si apre alla rispettiva stazione.<\/p>\n<p>I passeggeri erano generalmente soddisfatti del tram-treno A loro piace il comfort di esso e hanno intenzione di prendere il tram-treno in futuro Il primo giorno, tuttavia, il veicolo era un po &#8216;affollato.<\/p>\n<\/p>\n<div id=\"gallery-1\" class=\"gallery galleryid-444173 gallery-columns-3 gallery-size-thumbnail\">\n<figure class=\"gallery-item\">\n<div class=\"gallery-icon landscape\">\n\t\t\t\t<a href=\"https:\/\/dailynewshungary.com\/it\/ecco-come-appare-il-nuovissimo-tram-treno-ungherese-hungarian-tram-train-foto-video\/\"><img loading=\"lazy\" decoding=\"async\" width=\"282\" height=\"188\" src=\"https:\/\/contentf5.dailynewshungary.com\/wp-content\/uploads\/2021\/12\/DROTI20211129019.jpg\" class=\"attachment-thumbnail size-thumbnail\" alt=\"Treno tramviario Ungheria\" aria-describedby=\"gallery-1-444355\" srcset=\"https:\/\/contentf5.dailynewshungary.com\/wp-content\/uploads\/2021\/12\/DROTI20211129019.jpg 1454w, https:\/\/contentf5.dailynewshungary.com\/wp-content\/uploads\/2021\/12\/DROTI20211129019-768x512.jpg 768w, https:\/\/contentf5.dailynewshungary.com\/wp-content\/uploads\/2021\/12\/DROTI20211129019-350x233.jpg 350w, https:\/\/contentf5.dailynewshungary.com\/wp-content\/uploads\/2021\/12\/DROTI20211129019-248x165.jpg 248w, https:\/\/contentf5.dailynewshungary.com\/wp-content\/uploads\/2021\/12\/DROTI20211129019-1030x686.jpg 1030w, https:\/\/contentf5.dailynewshungary.com\/wp-content\/uploads\/2021\/12\/DROTI20211129019-219x146.jpg 219w, https:\/\/contentf5.dailynewshungary.com\/wp-content\/uploads\/2021\/12\/DROTI20211129019-50x33.jpg 50w, https:\/\/contentf5.dailynewshungary.com\/wp-content\/uploads\/2021\/12\/DROTI20211129019-113x75.jpg 113w\" sizes=\"auto, (max-width: 282px) 100vw, 282px\"><\/a>\n\t\t\t<\/div><figcaption class=\"wp-caption-text gallery-caption\" id=\"gallery-1-444355\">\n\t\t\t\tMTI\/Tibor Rosta<br \/>\n\t\t\t\t<\/figcaption><\/figure>\n<figure class=\"gallery-item\">\n<div class=\"gallery-icon landscape\">\n\t\t\t\t<a href=\"https:\/\/dailynewshungary.com\/it\/ecco-come-appare-il-nuovissimo-tram-treno-ungherese-hungarian-tram-train-foto-video\/\"><img loading=\"lazy\" decoding=\"async\" width=\"282\" height=\"188\" src=\"https:\/\/contentf5.dailynewshungary.com\/wp-content\/uploads\/2021\/12\/DROTI20211129018.jpg\" class=\"attachment-thumbnail size-thumbnail\" alt=\"Treno tramviario Ungheria\" aria-describedby=\"gallery-1-444354\" srcset=\"https:\/\/contentf5.dailynewshungary.com\/wp-content\/uploads\/2021\/12\/DROTI20211129018.jpg 1168w, https:\/\/contentf5.dailynewshungary.com\/wp-content\/uploads\/2021\/12\/DROTI20211129018-768x512.jpg 768w, https:\/\/contentf5.dailynewshungary.com\/wp-content\/uploads\/2021\/12\/DROTI20211129018-350x233.jpg 350w, https:\/\/contentf5.dailynewshungary.com\/wp-content\/uploads\/2021\/12\/DROTI20211129018-248x165.jpg 248w, https:\/\/contentf5.dailynewshungary.com\/wp-content\/uploads\/2021\/12\/DROTI20211129018-1030x687.jpg 1030w, https:\/\/contentf5.dailynewshungary.com\/wp-content\/uploads\/2021\/12\/DROTI20211129018-219x146.jpg 219w, https:\/\/contentf5.dailynewshungary.com\/wp-content\/uploads\/2021\/12\/DROTI20211129018-50x33.jpg 50w, https:\/\/contentf5.dailynewshungary.com\/wp-content\/uploads\/2021\/12\/DROTI20211129018-112x75.jpg 112w\" sizes=\"auto, (max-width: 282px) 100vw, 282px\"><\/a>\n\t\t\t<\/div><figcaption class=\"wp-caption-text gallery-caption\" id=\"gallery-1-444354\">\n\t\t\t\tMTI\/Tibor Rosta<br \/>\n\t\t\t\t<\/figcaption><\/figure>\n<figure class=\"gallery-item\">\n<div class=\"gallery-icon landscape\">\n\t\t\t\t<a href=\"https:\/\/dailynewshungary.com\/it\/ecco-come-appare-il-nuovissimo-tram-treno-ungherese-hungarian-tram-train-foto-video\/\"><img loading=\"lazy\" decoding=\"async\" width=\"282\" height=\"188\" src=\"https:\/\/contentf5.dailynewshungary.com\/wp-content\/uploads\/2021\/12\/DROTI20211129004.jpg\" class=\"attachment-thumbnail size-thumbnail\" alt=\"Treno tramviario Ungheria\" aria-describedby=\"gallery-1-444353\" srcset=\"https:\/\/contentf5.dailynewshungary.com\/wp-content\/uploads\/2021\/12\/DROTI20211129004.jpg 1680w, https:\/\/contentf5.dailynewshungary.com\/wp-content\/uploads\/2021\/12\/DROTI20211129004-768x512.jpg 768w, https:\/\/contentf5.dailynewshungary.com\/wp-content\/uploads\/2021\/12\/DROTI20211129004-1536x1024.jpg 1536w, https:\/\/contentf5.dailynewshungary.com\/wp-content\/uploads\/2021\/12\/DROTI20211129004-350x233.jpg 350w, https:\/\/contentf5.dailynewshungary.com\/wp-content\/uploads\/2021\/12\/DROTI20211129004-248x165.jpg 248w, https:\/\/contentf5.dailynewshungary.com\/wp-content\/uploads\/2021\/12\/DROTI20211129004-1030x687.jpg 1030w, https:\/\/contentf5.dailynewshungary.com\/wp-content\/uploads\/2021\/12\/DROTI20211129004-219x146.jpg 219w, https:\/\/contentf5.dailynewshungary.com\/wp-content\/uploads\/2021\/12\/DROTI20211129004-50x33.jpg 50w, https:\/\/contentf5.dailynewshungary.com\/wp-content\/uploads\/2021\/12\/DROTI20211129004-113x75.jpg 113w\" sizes=\"auto, (max-width: 282px) 100vw, 282px\"><\/a>\n\t\t\t<\/div><figcaption class=\"wp-caption-text gallery-caption\" id=\"gallery-1-444353\">\n\t\t\t\tMTI\/Tibor Rosta<br \/>\n\t\t\t\t<\/figcaption><\/figure>\n<\/p><\/div>\n","protected":false},"excerpt":{"rendered":"<p>Il tram-treno tra H\u00f3dmez\u0151v\u00e1s\u00e1rhely e Szeged ha ufficialmente fatto il suo primo viaggio Il veicolo \u00e8 partito dalla stazione alle 3:30 di luned\u00ec, Viaggiare sul tram-treno \u00e8 gratuito fino a met\u00e0 aprile Il progetto \u00e8 stato finanziato con fondi UE ed \u00e8 costato 80 miliardi di fiorini (EUR 217.789.390) Prendendo il tram-treno, le persone possono [&hellip;]<\/p>\n","protected":false},"author":57,"featured_media":749927,"comment_status":"open","ping_status":"open","sticky":false,"template":"","format":"standard","meta":{"_display_image":"","footnotes":""},"categories":[1207],"tags":[1117,1069,1073],"class_list":["post-749926","post","type-post","status-publish","format-standard","has-post-thumbnail","hentry","category-societa-in-ungheria","tag-trasporti","tag-ungheria","tag-viaggi"],"blocksy_meta":[],"author_username":"abarbara","telegram_post":"","public_post_metadata":{"breaking_news":"","important":"","csempe":"","center_tile":"","disable_thumbnail":"","target_lang":"","_featured_image_style":"","telegram_post":"","_xlat_group_id":""},"public_rank_math_data":{"title":"%titolo% %sep% %nomesito%","description":"Il tram-treno tra H\u00f3dmez\u0151v\u00e1s\u00e1rhely e Szeged ha ufficialmente fatto il suo primo viaggio Ora pu\u00f2 viaggiare da una citt\u00e0 all'altra in 35 minuti.","focus_keyword":"tram-treno","canonical_url":"","robots":"","primary_category":"1207","breadcrumb_title":"","facebook_title":"","facebook_description":"","facebook_image":"","facebook_image_id":"","twitter_title":"","twitter_description":"","twitter_image":"","twitter_image_id":"","twitter_card_type":"","twitter_use_facebook":"","advanced_robots":"","pillar_content":"","seo_score":"67","contentai_score":"","rich_snippet":""},"_links":{"self":[{"href":"https:\/\/dailynewshungary.com\/it\/wp-json\/wp\/v2\/posts\/749926","targetHints":{"allow":["GET"]}}],"collection":[{"href":"https:\/\/dailynewshungary.com\/it\/wp-json\/wp\/v2\/posts"}],"about":[{"href":"https:\/\/dailynewshungary.com\/it\/wp-json\/wp\/v2\/types\/post"}],"author":[{"embeddable":true,"href":"https:\/\/dailynewshungary.com\/it\/wp-json\/wp\/v2\/users\/57"}],"replies":[{"embeddable":true,"href":"https:\/\/dailynewshungary.com\/it\/wp-json\/wp\/v2\/comments?post=749926"}],"version-history":[{"count":0,"href":"https:\/\/dailynewshungary.com\/it\/wp-json\/wp\/v2\/posts\/749926\/revisions"}],"wp:featuredmedia":[{"embeddable":true,"href":"https:\/\/dailynewshungary.com\/it\/wp-json\/wp\/v2\/media\/749927"}],"wp:attachment":[{"href":"https:\/\/dailynewshungary.com\/it\/wp-json\/wp\/v2\/media?parent=749926"}],"wp:term":[{"taxonomy":"category","embeddable":true,"href":"https:\/\/dailynewshungary.com\/it\/wp-json\/wp\/v2\/categories?post=749926"},{"taxonomy":"post_tag","embeddable":true,"href":"https:\/\/dailynewshungary.com\/it\/wp-json\/wp\/v2\/tags?post=749926"}],"curies":[{"name":"wp","href":"https:\/\/api.w.org\/{rel}","templated":true}]}}