{"id":749956,"date":"2021-11-30T12:00:00","date_gmt":"2021-11-30T11:00:00","guid":{"rendered":"https:\/\/dailynewshungary.com\/it\/ministro-leuropa-puo-essere-riformata-solo-se-dominano-i-conservatori\/"},"modified":"2021-11-30T12:00:00","modified_gmt":"2021-11-30T11:00:00","slug":"ministro-leuropa-puo-essere-riformata-solo-se-dominano-i-conservatori","status":"publish","type":"post","link":"https:\/\/dailynewshungary.com\/it\/ministro-leuropa-puo-essere-riformata-solo-se-dominano-i-conservatori\/","title":{"rendered":"Ministro: L\u2019Europa pu\u00f2 essere riformata solo se dominano i conservatori"},"content":{"rendered":"<div class=\"leadNews\"><strong><span id=\"ctl00_ContentPlaceHolder1_ctrlNewsControl_lbLead\">L\u2019unico modo in cui l\u2019Europa pu\u00f2 davvero rinnovarsi \u00e8 se i conservatori possono essere la voce dominante su questioni come l\u2019integrazione e l\u2019eliminazione delle minacce, ha detto luned\u00ec il ministro della Giustizia Judit Varga.<\/span><\/strong><\/div>\n<div>&nbsp;<\/div>\n<div class=\"leadNews\"><span id=\"ctl00_ContentPlaceHolder1_ctrlNewsControl_lbBody\">I sondaggi mostrano che l&#8217;\u00e9lite \u00e8 ormai troppo lontana dal popolo europeo e c&#8217;\u00e8 bisogno di politiche conservatrici, ha detto Varga a una tavola rotonda tenutasi nell&#8217;ambito della conferenza in corso sul futuro dell&#8217;Europa, ha detto che un nuovo movimento conservatore europeo sta prendendo forma, aggiungendo che una vittoria per l&#8217;attuale governo ungherese nelle elezioni del 2022 rafforzerebbe la politica conservatrice, dando a \u201cuna rara opportunit\u00e0 a tutta l&#8217;Europa\u201d.<\/span><\/div>\n<div>&nbsp;<\/div>\n<blockquote>\n<div class=\"leadNews\"><span id=\"ctl00_ContentPlaceHolder1_ctrlNewsControl_lbBody\">\u201cL&#8217;unico modo in cui possiamo veramente rinnovarci, anche come integrazione, ed eliminare le minacce, \u00e8 se queste questioni possono essere dominate dai conservatori,\u201d<\/span><\/div>\n<\/blockquote>\n<div>&nbsp;<\/div>\n<div class=\"leadNews\"><span id=\"ctl00_ContentPlaceHolder1_ctrlNewsControl_lbBody\"> Varga ha detto.<\/span><\/div>\n<div>&nbsp;<\/div>\n<div style=\"text-align: center;\"><a href=\"https:\/\/dailynewshungary.com\/it\/ecco-alcune-abitudini-di-furto-negli-hotel-ungheresi\/\">Ecco alcune abitudini di furto negli hotel ungheresi<\/a><\/div>\n<div>&nbsp;<\/div>\n<div>Intanto, <span style=\"color: initial;\">I salari ungheresi sono cresciuti del 9,1% annuo a settembre, rispetto all\u20198,9% del mese precedente, ha detto marted\u00ec l\u2019Ufficio centrale di statistica (KSH). <\/span><span style=\"color: initial;\">Il salario mensile lordo per i dipendenti a tempo pieno \u00e8 stato in media di 428.100 fiorini (1.165 EUR), secondo i dati relativi alle imprese e alle istituzioni con almeno cinque persone a libro paga, Il salario netto medio \u00e8 stato di 284.700 fiorini.<\/span><\/div>\n<div>&nbsp;<\/div>\n<blockquote>\n<div><span style=\"color: initial;\">Il salario medio lordo era di 349.300 fiorini.<\/span><\/div>\n<\/blockquote>\n<div>&nbsp;<\/div>\n<div><span style=\"color: initial;\">Con un&#8217;inflazione annua del 5,5 per cento a settembre, i salari reali sono aumentati del 3,4 per cento.<\/span><\/div>\n","protected":false},"excerpt":{"rendered":"<p>L\u2019unico modo in cui l\u2019Europa pu\u00f2 davvero rinnovarsi \u00e8 se i conservatori possono essere la voce dominante su questioni come l\u2019integrazione e l\u2019eliminazione delle minacce, ha detto luned\u00ec il ministro della Giustizia Judit Varga. &nbsp; I sondaggi mostrano che l&#8217;\u00e9lite \u00e8 ormai troppo lontana dal popolo europeo e c&#8217;\u00e8 bisogno di politiche conservatrici, ha detto [&hellip;]<\/p>\n","protected":false},"author":50,"featured_media":749957,"comment_status":"open","ping_status":"open","sticky":false,"template":"","format":"standard","meta":{"_display_image":"no","footnotes":""},"categories":[1185],"tags":[1079,1069,1075],"class_list":["post-749956","post","type-post","status-publish","format-standard","has-post-thumbnail","hentry","category-politica-in-ungheria","tag-governo-ungherese","tag-ungheria","tag-unione-europea"],"blocksy_meta":[],"author_username":"dnh","telegram_post":"","public_post_metadata":{"breaking_news":"","important":"","csempe":"","center_tile":"","disable_thumbnail":"","target_lang":"","_featured_image_style":"hidden","telegram_post":"","_xlat_group_id":""},"public_rank_math_data":{"title":"%titolo% %sep% %nomesito%","description":"L\u2019unico modo in cui l\u2019Europa pu\u00f2 davvero rinnovarsi \u00e8 se i conservatori possono essere la voce dominante su questioni come l\u2019integrazione.","focus_keyword":"Europa","canonical_url":"","robots":"","primary_category":"1185","breadcrumb_title":"","facebook_title":"","facebook_description":"","facebook_image":"","facebook_image_id":"","twitter_title":"","twitter_description":"","twitter_image":"","twitter_image_id":"","twitter_card_type":"","twitter_use_facebook":"","advanced_robots":"","pillar_content":"","seo_score":"63","contentai_score":"","rich_snippet":""},"_links":{"self":[{"href":"https:\/\/dailynewshungary.com\/it\/wp-json\/wp\/v2\/posts\/749956","targetHints":{"allow":["GET"]}}],"collection":[{"href":"https:\/\/dailynewshungary.com\/it\/wp-json\/wp\/v2\/posts"}],"about":[{"href":"https:\/\/dailynewshungary.com\/it\/wp-json\/wp\/v2\/types\/post"}],"author":[{"embeddable":true,"href":"https:\/\/dailynewshungary.com\/it\/wp-json\/wp\/v2\/users\/50"}],"replies":[{"embeddable":true,"href":"https:\/\/dailynewshungary.com\/it\/wp-json\/wp\/v2\/comments?post=749956"}],"version-history":[{"count":0,"href":"https:\/\/dailynewshungary.com\/it\/wp-json\/wp\/v2\/posts\/749956\/revisions"}],"wp:featuredmedia":[{"embeddable":true,"href":"https:\/\/dailynewshungary.com\/it\/wp-json\/wp\/v2\/media\/749957"}],"wp:attachment":[{"href":"https:\/\/dailynewshungary.com\/it\/wp-json\/wp\/v2\/media?parent=749956"}],"wp:term":[{"taxonomy":"category","embeddable":true,"href":"https:\/\/dailynewshungary.com\/it\/wp-json\/wp\/v2\/categories?post=749956"},{"taxonomy":"post_tag","embeddable":true,"href":"https:\/\/dailynewshungary.com\/it\/wp-json\/wp\/v2\/tags?post=749956"}],"curies":[{"name":"wp","href":"https:\/\/api.w.org\/{rel}","templated":true}]}}