{"id":749994,"date":"2021-11-29T10:33:34","date_gmt":"2021-11-29T09:33:34","guid":{"rendered":"https:\/\/dailynewshungary.com\/it\/inizia-a-funzionare-il-primo-treno-tram-che-collega-le-citta-ungheresi\/"},"modified":"2021-11-29T10:33:34","modified_gmt":"2021-11-29T09:33:34","slug":"inizia-a-funzionare-il-primo-treno-tram-che-collega-le-citta-ungheresi","status":"publish","type":"post","link":"https:\/\/dailynewshungary.com\/it\/inizia-a-funzionare-il-primo-treno-tram-che-collega-le-citta-ungheresi\/","title":{"rendered":"Inizia a funzionare il primo treno tram che collega le citt\u00e0 ungheresi"},"content":{"rendered":"<p><strong>Il primo treno tranviario in Ungheria, che collega le citt\u00e0 di H\u00f3dmez\u0151v\u00e1s\u00e1rhely e Szeged, ha iniziato a funzionare luned\u00ec alle 4:30.<\/strong><\/p>\n<p>J\u00e1nos L\u00e1z\u00e1r, deputato della regione e commissario governativo per gli investimenti nei trasporti, ha affermato che il treno impiega 35 minuti tra i due centri urbani, \u201ce contribuisce a far s\u00ec che l&#8217;Ungheria sia uno dei posti migliori dell&#8217;Europa centrale.\u201d<\/p>\n<p>Il ministro dell&#8217;Innovazione e della Tecnologia L\u00e1szl\u00f3 Palkovics ha dichiarato<\/p>\n<blockquote>\n<p>il prossimo treno tranviario dovrebbe collegare Debrecen nell&#8217;Ungheria orientale e Oradea (Nagyv\u00e1rad) in Romania, dando all&#8217;investimento una rilevanza politica per gli ungheresi oltre i confini.\u201d<\/p>\n<\/blockquote>\n","protected":false},"excerpt":{"rendered":"<p>Il primo treno tranviario in Ungheria, che collega le citt\u00e0 di H\u00f3dmez\u0151v\u00e1s\u00e1rhely e Szeged, ha iniziato a funzionare luned\u00ec alle 4:30. J\u00e1nos L\u00e1z\u00e1r, deputato della regione e commissario governativo per gli investimenti nei trasporti, ha affermato che il treno impiega 35 minuti tra i due centri urbani, \u201ce contribuisce a far s\u00ec che l&#8217;Ungheria sia [&hellip;]<\/p>\n","protected":false},"author":3,"featured_media":0,"comment_status":"open","ping_status":"open","sticky":false,"template":"","format":"standard","meta":{"_display_image":"","footnotes":""},"categories":[1190],"tags":[1117,1480,1069],"class_list":["post-749994","post","type-post","status-publish","format-standard","hentry","category-notizie-flash","tag-trasporti","tag-treno","tag-ungheria"],"blocksy_meta":[],"author_username":"becsi","telegram_post":"","public_post_metadata":{"breaking_news":"","important":"","csempe":"","center_tile":"","disable_thumbnail":"","target_lang":"","_featured_image_style":"","telegram_post":"","_xlat_group_id":""},"public_rank_math_data":{"title":"%titolo% %sep% %nomesito%","description":"","focus_keyword":"treno tram","canonical_url":"","robots":"","primary_category":"1190","breadcrumb_title":"","facebook_title":"","facebook_description":"","facebook_image":"","facebook_image_id":"","twitter_title":"","twitter_description":"","twitter_image":"","twitter_image_id":"","twitter_card_type":"","twitter_use_facebook":"","advanced_robots":"","pillar_content":"","seo_score":"62","contentai_score":"","rich_snippet":""},"_links":{"self":[{"href":"https:\/\/dailynewshungary.com\/it\/wp-json\/wp\/v2\/posts\/749994","targetHints":{"allow":["GET"]}}],"collection":[{"href":"https:\/\/dailynewshungary.com\/it\/wp-json\/wp\/v2\/posts"}],"about":[{"href":"https:\/\/dailynewshungary.com\/it\/wp-json\/wp\/v2\/types\/post"}],"author":[{"embeddable":true,"href":"https:\/\/dailynewshungary.com\/it\/wp-json\/wp\/v2\/users\/3"}],"replies":[{"embeddable":true,"href":"https:\/\/dailynewshungary.com\/it\/wp-json\/wp\/v2\/comments?post=749994"}],"version-history":[{"count":0,"href":"https:\/\/dailynewshungary.com\/it\/wp-json\/wp\/v2\/posts\/749994\/revisions"}],"wp:attachment":[{"href":"https:\/\/dailynewshungary.com\/it\/wp-json\/wp\/v2\/media?parent=749994"}],"wp:term":[{"taxonomy":"category","embeddable":true,"href":"https:\/\/dailynewshungary.com\/it\/wp-json\/wp\/v2\/categories?post=749994"},{"taxonomy":"post_tag","embeddable":true,"href":"https:\/\/dailynewshungary.com\/it\/wp-json\/wp\/v2\/tags?post=749994"}],"curies":[{"name":"wp","href":"https:\/\/api.w.org\/{rel}","templated":true}]}}