{"id":750122,"date":"2021-11-25T15:30:00","date_gmt":"2021-11-25T14:30:00","guid":{"rendered":"https:\/\/dailynewshungary.com\/it\/un-uomo-ungherese-crea-nuove-razze-animali-in-romania\/"},"modified":"2021-11-25T15:30:00","modified_gmt":"2021-11-25T14:30:00","slug":"un-uomo-ungherese-crea-nuove-razze-animali-in-romania","status":"publish","type":"post","link":"https:\/\/dailynewshungary.com\/it\/un-uomo-ungherese-crea-nuove-razze-animali-in-romania\/","title":{"rendered":"Un uomo ungherese crea nuove razze animali in Romania!"},"content":{"rendered":"<p><strong>Un uomo Szekler ha creato nuove razze animali Si \u00e8 interessato alla genetica fin dalla giovane et\u00e0 e ora sta lavorando alla creazione di animali di cui la gente non ha mai sentito parlare.<\/strong><\/p>\n<p>Zsigmond R\u00e1kossy aveva solo 10 anni quando la sua famiglia si trasfer\u00ec in campagna, Hanno iniziato a tenere gli animali in casa Si interess\u00f2 alla genetica durante i suoi studi e subito dopo concep\u00ec l&#8217;idea di creare una nuova razza animale.<\/p>\n<p>\u201cSono convinto che l&#8217;allevamento sia come l&#8217;arte: si inventa e si crea qualcosa, non solo su tela, ma nella vita reale Tutto \u00e8 in dinamica costante se si sa giocare con i geni.\u201d-ha detto <a href=\"https:\/\/maszol.ro\/eletmod\/Egy-csiki-gazdasag-ahol-szekely-a-nyul-a-baromfi-a-kutya-es-a-juh-uj-allatfajtakat-tenyeszt-a-genetikaszerelmes-gazda\" target=\"_blank\" rel=\"noopener\">maszol.ro<\/a>.<\/p>\n<blockquote>\n<p>Ha continuato a studiare medicina veterinaria Ha scritto la sua tesi sulla genetica e nel 2011 ha gi\u00e0 realizzato la sua prima creazione, un coniglio nero A casa sua, il coniglio, il cane, le pecore, e il pollame sono tutti considerati Szekler All&#8217;inizio, nessuno ha preso sul serio il suo piano Oggi, ha molti animali e sta attualmente lavorando su nuove razze.<\/p>\n<\/blockquote>\n<p>R\u00e1kossy cre\u00f2 i suoi conigli Szekler mescolando razze con cincill\u00e0 o altri conigli. Tuttavia, i conigli della regione di Szekler fornirono la base per tutte le sue creazioni.<\/p>\n<figure class=\"wp-block-image alignnone size-full wp-image-441911\">\n<figure id=\"attachment_441911\" aria-describedby=\"caption-attachment-441911\" style=\"width: 1185px\" class=\"wp-caption alignnone\"><img loading=\"lazy\" decoding=\"async\" class=\"wp-image-441911\" src=\"https:\/\/contentf5.dailynewshungary.com\/wp-content\/uploads\/2021\/11\/Szekely_Nyul_0184kicsi.jpg\" alt=\"coniglio\" width=\"1185\" height=\"784\" srcset=\"https:\/\/contentf5.dailynewshungary.com\/wp-content\/uploads\/2021\/11\/Szekely_Nyul_0184kicsi.jpg 1185w, https:\/\/contentf5.dailynewshungary.com\/wp-content\/uploads\/2021\/11\/Szekely_Nyul_0184kicsi-768x508.jpg 768w, https:\/\/contentf5.dailynewshungary.com\/wp-content\/uploads\/2021\/11\/Szekely_Nyul_0184kicsi-350x232.jpg 350w, https:\/\/contentf5.dailynewshungary.com\/wp-content\/uploads\/2021\/11\/Szekely_Nyul_0184kicsi-248x164.jpg 248w, https:\/\/contentf5.dailynewshungary.com\/wp-content\/uploads\/2021\/11\/Szekely_Nyul_0184kicsi-1030x681.jpg 1030w, https:\/\/contentf5.dailynewshungary.com\/wp-content\/uploads\/2021\/11\/Szekely_Nyul_0184kicsi-221x146.jpg 221w, https:\/\/contentf5.dailynewshungary.com\/wp-content\/uploads\/2021\/11\/Szekely_Nyul_0184kicsi-50x33.jpg 50w, https:\/\/contentf5.dailynewshungary.com\/wp-content\/uploads\/2021\/11\/Szekely_Nyul_0184kicsi-113x75.jpg 113w\" sizes=\"auto, (max-width: 1185px) 100vw, 1185px\"><figcaption id=\"caption-attachment-441911\" class=\"wp-caption-text\">Coniglio Szekler. Foto: szekelynyul.blogspot.com<\/figcaption><\/figure><figcaption><\/figcaption><\/figure>\n<p>I conigli Szekler sono infatti callandre nere, callandre blu e callandre dell&#8217;Avana Hanno colori neri, blu-grigi o beige Un quarto colore su cui R\u00e1kossy sta attualmente lavorando \u00e8 il sallander viola La nuova razza si riveler\u00e0 vincente se i colori verranno tramandati alla prossima generazione di conigli.<\/p>\n<blockquote class=\"wp-block-quote\">\n<p>R\u00e1kossy stava lavorando al suo progetto per 3 o 4 anni Non ha ricevuto sostegno da nessuno Inoltre, la gente pensava che le sue idee fossero folli Nel 2016, ha finalmente ricevuto alcuni crediti per i suoi sforzi in una mostra a Bucarest Ora, si sta preparando per un&#8217;altra mostra in Lussemburgo che si terr\u00e0 nel 2022 Gli standard di razza dei conigli Szekler sono stati pubblicati nei libri standard rumeni e ungheresi.<\/p>\n<\/blockquote>\n<p>I conigli sono tenuti nel loro habitat naturale per quanto sia possibile R\u00e1kossy ha detto che interferisce con la selezione naturale se gli animali sono fin troppo protetti Pu\u00f2 portare a una diminuzione della qualit\u00e0 Attualmente ha 80 conigli, ma in passato ne aveva anche 150-200 Ci sono nuove cucciolate 2 o 3 volte l&#8217;anno Un coniglio pu\u00f2 dare alla luce la prole 5 volte l&#8217;anno, ma R\u00e1kossy non lascia che ci\u00f2 accada per garantire che nascano solo i conigli pi\u00f9 sani Un coniglio ideale pesa 5 o 6,5 chilogrammi Purtroppo questi animali non sono animali domestici ma vengono allevati per il consumo Al giorno d&#8217;oggi, 50 allevatori ufficiali hanno conigli Szekler, una razza la cui creazione ha richiesto 6 anni.<\/p>\n<blockquote>\n<p>R\u00e1kossy ha anche creato il pollame Szekler, dal collo calvo, di tipo viador Tuttavia, questa razza non \u00e8 destinata al consumo Questa razza \u00e8 un animale ornamentale in stile \u201crustic che si presenta nei colori giallo e blu Lo sviluppo di una razza di cane Szekler \u00e8 anche in corso ma richiede pi\u00f9 tempo L&#8217;obiettivo \u00e8 quello di avere una razza di cane che si adatti alle sue esigenze locali in modo che le persone non abbiano acquistare cani importati Ha anche preso in considerazione l&#8217;idea di creare un piccione Szekler, ma come ha detto, \u201ca uomo deve conoscere i suoi limiti\u201d.<\/p>\n<\/blockquote>\n<figure class=\"wp-block-image alignnone size-full wp-image-441912\">\n<figure id=\"attachment_441912\" aria-describedby=\"caption-attachment-441912\" style=\"width: 1172px\" class=\"wp-caption alignnone\"><img loading=\"lazy\" decoding=\"async\" class=\"wp-image-441912\" src=\"https:\/\/contentf5.dailynewshungary.com\/wp-content\/uploads\/2021\/11\/Kopcos-Szekely-Bajnok-Brigi.jpg\" alt=\"coniglio\" width=\"1172\" height=\"879\" srcset=\"https:\/\/contentf5.dailynewshungary.com\/wp-content\/uploads\/2021\/11\/Kopcos-Szekely-Bajnok-Brigi.jpg 1172w, https:\/\/contentf5.dailynewshungary.com\/wp-content\/uploads\/2021\/11\/Kopcos-Szekely-Bajnok-Brigi-768x576.jpg 768w, https:\/\/contentf5.dailynewshungary.com\/wp-content\/uploads\/2021\/11\/Kopcos-Szekely-Bajnok-Brigi-350x263.jpg 350w, https:\/\/contentf5.dailynewshungary.com\/wp-content\/uploads\/2021\/11\/Kopcos-Szekely-Bajnok-Brigi-248x186.jpg 248w, https:\/\/contentf5.dailynewshungary.com\/wp-content\/uploads\/2021\/11\/Kopcos-Szekely-Bajnok-Brigi-1030x773.jpg 1030w, https:\/\/contentf5.dailynewshungary.com\/wp-content\/uploads\/2021\/11\/Kopcos-Szekely-Bajnok-Brigi-195x146.jpg 195w, https:\/\/contentf5.dailynewshungary.com\/wp-content\/uploads\/2021\/11\/Kopcos-Szekely-Bajnok-Brigi-50x38.jpg 50w, https:\/\/contentf5.dailynewshungary.com\/wp-content\/uploads\/2021\/11\/Kopcos-Szekely-Bajnok-Brigi-100x75.jpg 100w, https:\/\/contentf5.dailynewshungary.com\/wp-content\/uploads\/2021\/11\/Kopcos-Szekely-Bajnok-Brigi-960x720.jpg 960w\" sizes=\"auto, (max-width: 1172px) 100vw, 1172px\"><figcaption id=\"caption-attachment-441912\" class=\"wp-caption-text\">szekelynyul.blogspot.com<\/figcaption><\/figure><figcaption><\/figcaption><\/figure>\n","protected":false},"excerpt":{"rendered":"<p>Un uomo Szekler ha creato nuove razze animali Si \u00e8 interessato alla genetica fin dalla giovane et\u00e0 e ora sta lavorando alla creazione di animali di cui la gente non ha mai sentito parlare. Zsigmond R\u00e1kossy aveva solo 10 anni quando la sua famiglia si trasfer\u00ec in campagna, Hanno iniziato a tenere gli animali in [&hellip;]<\/p>\n","protected":false},"author":57,"featured_media":750123,"comment_status":"open","ping_status":"open","sticky":false,"template":"","format":"standard","meta":{"_display_image":"","footnotes":""},"categories":[1344],"tags":[1112,1171,1224,1173,1069],"class_list":["post-750122","post","type-post","status-publish","format-standard","has-post-thumbnail","hentry","category-speciale-ungheria","tag-animali","tag-romania","tag-szeklerland","tag-transilvania","tag-ungheria"],"blocksy_meta":[],"author_username":"abarbara","telegram_post":"","public_post_metadata":{"breaking_news":"","important":"","csempe":"","center_tile":"","disable_thumbnail":"","target_lang":"","_featured_image_style":"","telegram_post":"","_xlat_group_id":""},"public_rank_math_data":{"title":"%titolo% %sep% %nomesito%","description":"Un uomo Szekler ha la passione di creare nuove razze animali I suoi progetti audaci includono conigli, cani e persino piccioni.","focus_keyword":"nuove razze animali","canonical_url":"","robots":"","primary_category":"1344","breadcrumb_title":"","facebook_title":"","facebook_description":"","facebook_image":"","facebook_image_id":"","twitter_title":"","twitter_description":"","twitter_image":"","twitter_image_id":"","twitter_card_type":"","twitter_use_facebook":"","advanced_robots":"","pillar_content":"","seo_score":"64","contentai_score":"","rich_snippet":""},"_links":{"self":[{"href":"https:\/\/dailynewshungary.com\/it\/wp-json\/wp\/v2\/posts\/750122","targetHints":{"allow":["GET"]}}],"collection":[{"href":"https:\/\/dailynewshungary.com\/it\/wp-json\/wp\/v2\/posts"}],"about":[{"href":"https:\/\/dailynewshungary.com\/it\/wp-json\/wp\/v2\/types\/post"}],"author":[{"embeddable":true,"href":"https:\/\/dailynewshungary.com\/it\/wp-json\/wp\/v2\/users\/57"}],"replies":[{"embeddable":true,"href":"https:\/\/dailynewshungary.com\/it\/wp-json\/wp\/v2\/comments?post=750122"}],"version-history":[{"count":0,"href":"https:\/\/dailynewshungary.com\/it\/wp-json\/wp\/v2\/posts\/750122\/revisions"}],"wp:featuredmedia":[{"embeddable":true,"href":"https:\/\/dailynewshungary.com\/it\/wp-json\/wp\/v2\/media\/750123"}],"wp:attachment":[{"href":"https:\/\/dailynewshungary.com\/it\/wp-json\/wp\/v2\/media?parent=750122"}],"wp:term":[{"taxonomy":"category","embeddable":true,"href":"https:\/\/dailynewshungary.com\/it\/wp-json\/wp\/v2\/categories?post=750122"},{"taxonomy":"post_tag","embeddable":true,"href":"https:\/\/dailynewshungary.com\/it\/wp-json\/wp\/v2\/tags?post=750122"}],"curies":[{"name":"wp","href":"https:\/\/api.w.org\/{rel}","templated":true}]}}