{"id":750593,"date":"2021-11-10T09:32:00","date_gmt":"2021-11-10T08:32:00","guid":{"rendered":"https:\/\/dailynewshungary.com\/it\/fidesz-lottiamo-per-la-liberta-con-un-ragionamento-chiaro-invece-che-con-il-sangue\/"},"modified":"2021-11-10T09:32:00","modified_gmt":"2021-11-10T08:32:00","slug":"fidesz-lottiamo-per-la-liberta-con-un-ragionamento-chiaro-invece-che-con-il-sangue","status":"publish","type":"post","link":"https:\/\/dailynewshungary.com\/it\/fidesz-lottiamo-per-la-liberta-con-un-ragionamento-chiaro-invece-che-con-il-sangue\/","title":{"rendered":"Fidesz: lottiamo per la libert\u00e0 con un ragionamento chiaro invece che con il sangue"},"content":{"rendered":"<div class=\"leadNews\"><strong><span id=\"ctl00_ContentPlaceHolder1_ctrlNewsControl_lbLead\">L&#8217;ufficio di rappresentanza di Bruxelles della Fondazione per un&#8217;Ungheria civica ha organizzato una conferenza intitolata Libert\u00e0 nella quale marted\u00ec i membri conservatori e democristiani del Parlamento europeo si sono scambiati la loro opinione a Bruxelles.<\/span><\/strong><\/div>\n<div>&nbsp;<\/div>\n<div class=\"leadNews\"><span id=\"ctl00_ContentPlaceHolder1_ctrlNewsControl_lbBody\">Tam\u00e1s Deutsch, capo della delegazione al potere del Parlamento europeo di Fidesz, ha affermato che gli ungheresi considerano la libert\u00e0 il valore pi\u00f9 importante. \u201cTuteleremo questa libert\u00e0 nello stesso modo in cui l&#8217;abbiamo protetta negli ultimi mille anni, ha affermato\u201d Deutsch.<\/span><\/div>\n<div>&nbsp;<\/div>\n<div class=\"leadNews\"><span id=\"ctl00_ContentPlaceHolder1_ctrlNewsControl_lbBody\">Nel corso della storia, gli altri hanno sempre voluto dirci e imporci come dovremmo vivere, quale religione dovremmo seguire, quale forma di stato dovremmo avere, quale lingua dovremmo imparare come seconda lingua obbligatoria e che tipo di relazioni dovremmo mantenere con altre nazioni, ha aggiunto\u201d.<\/p>\n<p><\/span><\/div>\n<blockquote>\n<div class=\"leadNews\"><span id=\"ctl00_ContentPlaceHolder1_ctrlNewsControl_lbBody\">\u201cAnche nel XXI secolo, ci sono alcuni che pensano di poterci togliere la libert\u00e0, Ci sono ancora alcuni che credono che solo ci\u00f2 che pensano sia giusto,\u201d <\/span><\/div>\n<\/blockquote>\n<div>&nbsp;<\/div>\n<div class=\"leadNews\"><span id=\"ctl00_ContentPlaceHolder1_ctrlNewsControl_lbBody\">Deutsch ha detto.<br \/><\/span><\/div>\n<div>&nbsp;<\/div>\n<div class=\"leadNews\"><span id=\"ctl00_ContentPlaceHolder1_ctrlNewsControl_lbBody\">\u201cIl campo di battaglia per la lotta per la libert\u00e0 \u00e8 cambiato e gli strumenti che utilizzano per esercitare pressioni sono diversi,\u201d, ha affermato. \u201cGli strumenti che utilizzano includono l&#8217;introduzione di condizioni di stato di diritto, l&#8217;organizzazione di udienze a Bruxelles, la societ\u00e0 aperta, l&#8217;introduzione di sanzioni finanziarie e legali, il matrimonio tra persone dello stesso sesso, le campagne delle ONG e l&#8217;indottrinamento in quasi tutti i settori, ha aggiunto\u201d.<\/p>\n<p><\/span><\/div>\n<div class=\"leadNews\"><span id=\"ctl00_ContentPlaceHolder1_ctrlNewsControl_lbBody\">L&#8217;eurodeputato di Fidesz Bal\u00e1zs Hidv\u00e9ghi ha affermato che \u201c30 anni dopo il crollo della dittatura comunista, stanno limitando sempre pi\u00f9 le nostre libert\u00e0 nell&#8217;UE\u201d Lo scopo dell&#8217;UE non \u00e8 chiaro ma ci sono stati nazionali sovrani in Europa che dovrebbero lavorare insieme, ha affermato. \u201cL&#8217;arroganza delle istituzioni dell&#8217;UE, in particolare della Commissione europea e del Parlamento europeo, mina gradualmente la fiducia reciproca, rendendo impossibile la cooperazione, ha affermato Hidveghi ha affermato che la maggioranza crede ancora nell&#8217;importanza delle tradizioni ma l&#8217;ala sinistra le ha abbandonate perch\u00e9 rifiuta le idee radicali.<\/p>\n<p>Kinga G\u00e1l, eurodeputata del governo Fidesz, ha detto <\/span><\/div>\n<div>&nbsp;<\/div>\n<blockquote>\n<div class=\"leadNews\"><span id=\"ctl00_ContentPlaceHolder1_ctrlNewsControl_lbBody\">l\u2019europa centrale \u00e8 stata una regione che ha subito le maggiori perdite nel XX secolo con le sue nazioni incitate l\u2019una contro l\u2019altra. <\/span><\/div>\n<\/blockquote>\n<div>&nbsp;<\/div>\n<div class=\"leadNews\"><span id=\"ctl00_ContentPlaceHolder1_ctrlNewsControl_lbBody\">\u201c<\/span><span id=\"ctl00_ContentPlaceHolder1_ctrlNewsControl_lbBody\">Ma ora, nel 21\u00b0 secolo dobbiamo concentrarci su ci\u00f2 che ci unisce, ha detto il\u201d. I centroeuropei amano la libert\u00e0 e insistono sulla loro cultura e sui loro valori tradizionali, per i quali avevano combattuto in epoca comunista, ha detto Gal.<br \/><\/span><\/div>\n<div>&nbsp;<\/div>\n<div class=\"leadNews\"><span id=\"ctl00_ContentPlaceHolder1_ctrlNewsControl_lbBody\">\u201cVogliamo preservare l&#8217;Europa e mantenerla come l&#8217;abbiamo ereditata, ha detto, definendo politiche di sostegno familiare, forte cooperazione economica e coordinamento degli interessi pilastri instabili, un&#8217;idea di stretta cooperazione tra i quattro paesi del Gruppo Visegr\u00e1d.<\/p>\n<p>Ha chiamato minoranze nazionali indigene<\/span><\/div>\n<div>&nbsp;<\/div>\n<blockquote>\n<div class=\"leadNews\"><span id=\"ctl00_ContentPlaceHolder1_ctrlNewsControl_lbBody\"> \u201cponti tra loro\u201d,<\/span><\/div>\n<\/blockquote>\n<div>&nbsp;<\/div>\n<div class=\"leadNews\"><span id=\"ctl00_ContentPlaceHolder1_ctrlNewsControl_lbBody\"> aggiungendo che l&#8217;Europa centrale come regione deve rappresentare i propri interessi come blocco nelle discussioni sul futuro dell&#8217;Europa.<\/p>\n<p>L&#8217;eurodeputato di Fidesz Enik the Gyriri ha affermato alla conferenza che la libert\u00e0 \u00e8 molto importante per gli europei centrali \u201ccome qualcosa che non pu\u00f2 mai essere dato per scontato, qualcosa per cui bisogna sempre lottare per la\u201d. \u201cQuesto \u00e8 ci\u00f2 che fecero gli ungheresi nel 1956 quando insorsero contro il dominio sovietico, ha detto la\u201d.<\/p>\n<p>\u201cSperiamo che non lo siamo pi\u00f9 <\/span><\/div>\n<div>&nbsp;<\/div>\n<blockquote>\n<div class=\"leadNews\"><span id=\"ctl00_ContentPlaceHolder1_ctrlNewsControl_lbBody\">lottare per la libert\u00e0 con il sangue, ma con un ragionamento chiaro. <\/span><\/div>\n<\/blockquote>\n<div>&nbsp;<\/div>\n<div class=\"leadNews\"><span id=\"ctl00_ContentPlaceHolder1_ctrlNewsControl_lbBody\">Le sfide alla libert\u00e0 europea sono minacciate dall&#8217;immigrazione clandestina e dal terrorismo, ma ci sono anche tentativi interni, come la dittatura di alcuni movimenti.\u201d<\/p>\n<p>\u201cCi sono minacce alla libert\u00e0 dell&#8217;Europa dall&#8217;esterno, come l&#8217;immigrazione clandestina e il terrorismo, poich\u00e9 ci sono anche minacce interne, come la dittatura d&#8217;opinione esercitata da alcuni movimenti, ha detto\u201d Gyori.<\/p>\n<p>Javier Zarzalejos, del gruppo PPE, ha chiesto una rappresentanza pi\u00f9 forte dei valori civici mentre Hermann Tertsch del partito spagnolo VOX ha parlato di \u201cBruxelles e della sinistra politica che diventano pi\u00f9 aggressive, temendo una diversa composizione delle forze nel prossimo Parlamento europeo\u201d.<\/span><\/div>\n<div>&nbsp;<\/div>\n<div class=\"leadNews\" style=\"text-align: center;\"><span id=\"ctl00_ContentPlaceHolder1_ctrlNewsControl_lbBody\"><a href=\"https:\/\/dailynewshungary.com\/it\/le-pen-si-impegna-a-sostenere-orban-e-gli-stati-nazionali-forti\/\">Le Pen si impegna a sostenere Orb\u00e1n e gli &#8220;stati nazionali forti&#8221;<\/a><\/span><\/div>\n<div class=\"leadNews\" style=\"text-align: left;\"><span id=\"ctl00_ContentPlaceHolder1_ctrlNewsControl_lbBody\"><br \/>Harald Vilimsky, eurodeputato del Partito della Libert\u00e0 austriaco, ha affermato che coloro che divergono dal mainstream nell&#8217;UE sono destinati a diventare emarginati. \u201cQuesta non possiamo chiamarla democrazia perch\u00e9 significa limitare la possibilit\u00e0 di qualsiasi dibattito, ha detto\u201d.<\/p>\n<p>&nbsp;&nbsp;&nbsp;&nbsp;Nel suo intervento in chiusura della conferenza, Gyorgy Holvenyi, eurodeputato dei democratici cristiani co-governativi ungheresi, ha affermato che lo strumento pi\u00f9 pratico per vincere la battaglia contro la sinistra radicale \u00e8 difendere i valori di destra\u201d.<\/span><\/div>\n<div>&nbsp;<\/div>\n<div>Immagine in primo piano: illustrazione<\/div>\n","protected":false},"excerpt":{"rendered":"<p>L&#8217;ufficio di rappresentanza di Bruxelles della Fondazione per un&#8217;Ungheria civica ha organizzato una conferenza intitolata Libert\u00e0 nella quale marted\u00ec i membri conservatori e democristiani del Parlamento europeo si sono scambiati la loro opinione a Bruxelles. &nbsp; Tam\u00e1s Deutsch, capo della delegazione al potere del Parlamento europeo di Fidesz, ha affermato che gli ungheresi considerano la [&hellip;]<\/p>\n","protected":false},"author":50,"featured_media":750594,"comment_status":"open","ping_status":"open","sticky":false,"template":"","format":"standard","meta":{"_display_image":"","footnotes":""},"categories":[1185],"tags":[1078,1069,1075],"class_list":["post-750593","post","type-post","status-publish","format-standard","has-post-thumbnail","hentry","category-politica-in-ungheria","tag-fidesz","tag-ungheria","tag-unione-europea"],"blocksy_meta":[],"author_username":"dnh","telegram_post":"","public_post_metadata":{"breaking_news":"","important":"","csempe":"","center_tile":"","disable_thumbnail":"","target_lang":"","_featured_image_style":"","telegram_post":"","_xlat_group_id":""},"public_rank_math_data":{"title":"%titolo% %sep% %nomesito%","description":"Fidesz ha organizzato una conferenza in cui i membri conservatori e democristiani del Parlamento europeo si sono scambiati le loro opinioni sulla libert\u00e0.","focus_keyword":"Fidesz","canonical_url":"","robots":"","primary_category":"1185","breadcrumb_title":"","facebook_title":"","facebook_description":"","facebook_image":"","facebook_image_id":"","twitter_title":"","twitter_description":"","twitter_image":"","twitter_image_id":"","twitter_card_type":"","twitter_use_facebook":"","advanced_robots":"","pillar_content":"","seo_score":"64","contentai_score":"","rich_snippet":""},"_links":{"self":[{"href":"https:\/\/dailynewshungary.com\/it\/wp-json\/wp\/v2\/posts\/750593","targetHints":{"allow":["GET"]}}],"collection":[{"href":"https:\/\/dailynewshungary.com\/it\/wp-json\/wp\/v2\/posts"}],"about":[{"href":"https:\/\/dailynewshungary.com\/it\/wp-json\/wp\/v2\/types\/post"}],"author":[{"embeddable":true,"href":"https:\/\/dailynewshungary.com\/it\/wp-json\/wp\/v2\/users\/50"}],"replies":[{"embeddable":true,"href":"https:\/\/dailynewshungary.com\/it\/wp-json\/wp\/v2\/comments?post=750593"}],"version-history":[{"count":0,"href":"https:\/\/dailynewshungary.com\/it\/wp-json\/wp\/v2\/posts\/750593\/revisions"}],"wp:featuredmedia":[{"embeddable":true,"href":"https:\/\/dailynewshungary.com\/it\/wp-json\/wp\/v2\/media\/750594"}],"wp:attachment":[{"href":"https:\/\/dailynewshungary.com\/it\/wp-json\/wp\/v2\/media?parent=750593"}],"wp:term":[{"taxonomy":"category","embeddable":true,"href":"https:\/\/dailynewshungary.com\/it\/wp-json\/wp\/v2\/categories?post=750593"},{"taxonomy":"post_tag","embeddable":true,"href":"https:\/\/dailynewshungary.com\/it\/wp-json\/wp\/v2\/tags?post=750593"}],"curies":[{"name":"wp","href":"https:\/\/api.w.org\/{rel}","templated":true}]}}