{"id":750626,"date":"2021-11-09T08:32:00","date_gmt":"2021-11-09T07:32:00","guid":{"rendered":"https:\/\/dailynewshungary.com\/it\/la-vaccinazione-obbligatoria-spegnera-i-trasporti-pubblici-ungheresi\/"},"modified":"2021-11-09T08:32:00","modified_gmt":"2021-11-09T07:32:00","slug":"la-vaccinazione-obbligatoria-spegnera-i-trasporti-pubblici-ungheresi","status":"publish","type":"post","link":"https:\/\/dailynewshungary.com\/it\/la-vaccinazione-obbligatoria-spegnera-i-trasporti-pubblici-ungheresi\/","title":{"rendered":"La vaccinazione obbligatoria spegner\u00e0 i trasporti pubblici ungheresi?"},"content":{"rendered":"<p><strong>Molti dipendenti in diversi settori saranno obbligati a prendere il vaccino Prendere il jab diventer\u00e0 obbligatorio per gli operatori sanitari, i dipendenti delle istituzioni statali e delle Forze di Difesa nonch\u00e9 per gli addetti ai trasporti pubblici poich\u00e9 questi gruppi di dipendenti sono particolarmente colpiti.<\/strong><\/p>\n<p>A partire da novembre, i datori di lavoro in Ungheria sono autorizzati a rendere obbligatori i vaccini sul posto di lavoro. Spetta al datore di lavoro se consente alle persone non vaccinate di rimanere sul posto di lavoro o se le mander\u00e0 in congedo non retribuito. Coloro che lavorano presso le Forze di Difesa ungheresi devono prendere il primo vaccino entro il 1\u00b0 dicembre. I dipendenti delle istituzioni statali o municipali devono assumere la prima dose di vaccino entro il 15 dicembre se lavorano a stretto contatto con i clienti. Ma anche i dipendenti che non lavorano a stretto contatto con i clienti saranno tenuti a prendere il jab. La scadenza per loro \u00e8 il 31 gennaio 2022.<\/p>\n<p>Puoi leggere altre normative relative al Covid <a href=\"https:\/\/dailynewshungary.com\/it\/tutto-quello-che-ce-da-sapere-sulle-restrizioni-covid-in-ungheria-a-partire-da-oggi\/\" target=\"_blank\" rel=\"noopener\">in questo articolo<\/a> o dovresti <a href=\"https:\/\/dailynewshungary.com\/it\/attenzione-sono-in-vigore-nuove-norme-covid-anche-nelle-terme-ungheresi\/\" target=\"_blank\" rel=\"noopener\">visita questo link per ulteriori info.<\/a>&nbsp;<a href=\"https:\/\/dailynewshungary.com\/it\/i-dipendenti-statali-dovranno-decidere-tra-vaccinarsi-o-essere-messi-in-congedo-non-retribuito\/\" target=\"_blank\" rel=\"noopener\">In un recente articolo<\/a> abbiamo informato i nostri lettori che<\/p>\n<p>Il primo ministro Viktor Orb\u00e1n ha dichiarato che l&#8217;Ungheria ricever\u00e0 ulteriori 15 milioni di dosi di vaccino contro il coronavirus entro la fine di quest&#8217;anno, inoltre, \u00e8 stato anche affermato che i dipendenti delle istituzioni statali saranno mandati in congedo non retribuito con effetto immediato se si rifiutano di prendere il vaccino.<\/p>\n<blockquote class=\"wp-block-quote\">\n<p>La situazione dei trasporti pubblici probabilmente peggiorer\u00e0 se l&#8217;assunzione del jab diventa obbligatoria Secondo una dichiarazione del Presidente del Sindacato Ferroviario (Vasutas Szakszervezet) e del Presidente dell&#8217;Unione Solidale dei Trasporti Autobus (Szolidarit\u00e0s Aut\u00f3busz-K\u00f6zleked\u00e9si Szakszervezet) data a <a href=\"http:\/\/www.atv.hu\/belfold\/20211102-szakszervezetek-ha-kotelezo-lesz-az-oltas-leall-a-mav-es-a-volan-is\" target=\"_blank\" rel=\"noopener\">ATV <\/a> : \u201cse la vaccinazione diventa obbligatoria, sia M\u00c1V che Vol\u00e1n probabilmente cesseranno di operare\u201d.<\/p>\n<\/blockquote>\n<p>Il numero di ferrovieri vaccinati corrisponde allo standard nazionale Tuttavia, se i numeri sono suddivisi in dipartimenti, la percentuale non \u00e8 cos\u00ec buona Quei dipendenti che prendono attivamente parte al trasporto ferroviario hanno le cifre peggiori per quanto riguarda il tasso di vaccinazione.<\/p>\n<p style=\"text-align: center;\">Leggi anche: <a href=\"https:\/\/dailynewshungary.com\/it\/virologo-ungherese-introdurrebbe-restrizioni-piu-severe-per-le-persone-non-vaccinate\/\" target=\"_blank\" rel=\"noopener\">Virologo ungherese introdurrebbe restrizioni pi\u00f9 severe per le persone non vaccinate!<\/a><\/p>\n<p>Anche la situazione a Vol\u00e1n non \u00e8 promettente. I dipendenti sono arrabbiati per la possibile introduzione della vaccinazione obbligatoria. Detto questo, Istv\u00e1n Dobi, presidente dell&#8217;Unione del trasporto solidale degli autobus, crede ancora che la vaccinazione non sar\u00e0 obbligatoria. Non c&#8217;\u00e8 un numero sufficiente di riserve impiegate in azienda; pertanto, probabilmente cesserebbe l&#8217;attivit\u00e0 di Vol\u00e1n.<\/p>\n<p>Il nuovo regolamento autorizza i datori di lavoro a inviare lavoratori non vaccinati a congedi non retribuiti Questo congedo non retribuito pu\u00f2 durare anche un anno Nei comuni locali, il sindaco \u00e8 il decisore in questo senso L&#8217;unico modo per essere esentati dalla norma \u00e8 fornire un certificato medico ufficiale che dimostri che alla persona non \u00e8 consigliato di prendere il jab.<\/p>\n","protected":false},"excerpt":{"rendered":"<p>Molti dipendenti in diversi settori saranno obbligati a prendere il vaccino Prendere il jab diventer\u00e0 obbligatorio per gli operatori sanitari, i dipendenti delle istituzioni statali e delle Forze di Difesa nonch\u00e9 per gli addetti ai trasporti pubblici poich\u00e9 questi gruppi di dipendenti sono particolarmente colpiti. A partire da novembre, i datori di lavoro in Ungheria [&hellip;]<\/p>\n","protected":false},"author":57,"featured_media":750627,"comment_status":"open","ping_status":"open","sticky":false,"template":"","format":"standard","meta":{"_display_image":"yes","footnotes":""},"categories":[1207],"tags":[1656,1590,1117,1069,1792],"class_list":["post-750626","post","type-post","status-publish","format-standard","has-post-thumbnail","hentry","category-societa-in-ungheria","tag-coronavirus","tag-coronavirus-in-ungheria","tag-trasporti","tag-ungheria","tag-vaccino-contro-il-coronavirus-in-ungheria"],"blocksy_meta":[],"author_username":"abarbara","telegram_post":"","public_post_metadata":{"breaking_news":"","important":"","csempe":"","center_tile":"","disable_thumbnail":"","target_lang":"","_featured_image_style":"hidden","telegram_post":"","_xlat_group_id":""},"public_rank_math_data":{"title":"%titolo% %sep% %nomesito%","description":"Saranno obbligati a sostenere il colpo gli operatori sanitari, i dipendenti delle istituzioni statali e militari, nonch\u00e9 gli operatori dei trasporti pubblici.","focus_keyword":"vaccini obbligatori","canonical_url":"","robots":"","primary_category":"1207","breadcrumb_title":"","facebook_title":"","facebook_description":"","facebook_image":"","facebook_image_id":"","twitter_title":"","twitter_description":"","twitter_image":"","twitter_image_id":"","twitter_card_type":"","twitter_use_facebook":"","advanced_robots":"","pillar_content":"","seo_score":"15","contentai_score":"","rich_snippet":""},"_links":{"self":[{"href":"https:\/\/dailynewshungary.com\/it\/wp-json\/wp\/v2\/posts\/750626","targetHints":{"allow":["GET"]}}],"collection":[{"href":"https:\/\/dailynewshungary.com\/it\/wp-json\/wp\/v2\/posts"}],"about":[{"href":"https:\/\/dailynewshungary.com\/it\/wp-json\/wp\/v2\/types\/post"}],"author":[{"embeddable":true,"href":"https:\/\/dailynewshungary.com\/it\/wp-json\/wp\/v2\/users\/57"}],"replies":[{"embeddable":true,"href":"https:\/\/dailynewshungary.com\/it\/wp-json\/wp\/v2\/comments?post=750626"}],"version-history":[{"count":0,"href":"https:\/\/dailynewshungary.com\/it\/wp-json\/wp\/v2\/posts\/750626\/revisions"}],"wp:featuredmedia":[{"embeddable":true,"href":"https:\/\/dailynewshungary.com\/it\/wp-json\/wp\/v2\/media\/750627"}],"wp:attachment":[{"href":"https:\/\/dailynewshungary.com\/it\/wp-json\/wp\/v2\/media?parent=750626"}],"wp:term":[{"taxonomy":"category","embeddable":true,"href":"https:\/\/dailynewshungary.com\/it\/wp-json\/wp\/v2\/categories?post=750626"},{"taxonomy":"post_tag","embeddable":true,"href":"https:\/\/dailynewshungary.com\/it\/wp-json\/wp\/v2\/tags?post=750626"}],"curies":[{"name":"wp","href":"https:\/\/api.w.org\/{rel}","templated":true}]}}