{"id":750891,"date":"2021-10-29T20:00:00","date_gmt":"2021-10-29T18:00:00","guid":{"rendered":"https:\/\/dailynewshungary.com\/it\/i-burocrati-di-bruxelles-che-chiedono-luscita-dellungheria-dallue-devono-essere-in-grossi-guai-afferma-il-ministro-varga\/"},"modified":"2021-10-29T20:00:00","modified_gmt":"2021-10-29T18:00:00","slug":"i-burocrati-di-bruxelles-che-chiedono-luscita-dellungheria-dallue-devono-essere-in-grossi-guai-afferma-il-ministro-varga","status":"publish","type":"post","link":"https:\/\/dailynewshungary.com\/it\/i-burocrati-di-bruxelles-che-chiedono-luscita-dellungheria-dallue-devono-essere-in-grossi-guai-afferma-il-ministro-varga\/","title":{"rendered":"I burocrati di Bruxelles che chiedono l\u2019uscita dell\u2019Ungheria dall\u2019UE devono essere in grossi guai, afferma il ministro Varga"},"content":{"rendered":"<p><strong>L&#8217;Ungheria, in quanto membro dell&#8217;Unione Europea, non vuole far parte di una \u201csuperpower\u201d ma piuttosto di un&#8217;Europa \u201csmart basata su nazioni forti\u201d, ha detto venerd\u00ec su Facebook il ministro della Giustizia Judit Varga.<\/strong><\/p>\n<p>Nel suo post in lingua inglese, Varga ha osservato che la conferenza sul futuro dell&#8217;Europa era in pieno svolgimento, con l&#8217;Ungheria che ha organizzato per essa 316 dei 3.000 eventi, diventando cos\u00ec il secondo Stato membro pi\u00f9 attivo dietro la Germania.<\/p>\n<p>Varga ha detto che queste cifre mostrano che gli \u201cburocrati e giornalisti di Bruxelles\u201d chiedono l&#8217;uscita dell&#8217;Ungheria dal <a href=\"https:\/\/dailynewshungary.com\/it\/la-grande-rapina-al-treno-britannico-come-una-banda-di-15-uomini-rubo-26-milioni-di-sterline-nel-1963\/\">UE<\/a> \u201cdeve essere in grossi guai, non c&#8217;\u00e8 bisogno di isteria\u201d.<\/p>\n<blockquote>\n<p>\u201cNoi ungheresi ci atteniamo ai nostri valori europei,\u201d<\/p>\n<\/blockquote>\n<p>ha scritto L&#8217;Ungheria vuole appartenere a una comunit\u00e0 a cui un tempo aderiva, non a ci\u00f2 in cui le istituzioni di Bruxelles vogliono trasformarla, ha aggiunto. \u201cCi\u00f2 di cui abbiamo bisogno non \u00e8 una superpotenza ma un&#8217;Europa intelligente basata su nazioni forti!\u201d<\/p>\n<p>Il blocco, ha affermato, dovrebbe essere un\u2019Europa intelligente in cui le istituzioni non possono dettare la revoca agli Stati membri e dove i paesi possono decidere quali poteri vogliono trasferire a Bruxelles e quali rimangono competenze nazionali.<\/p>\n<blockquote>\n<p>\u201cAbbiamo bisogno di una comunit\u00e0 in cui l&#8217;unit\u00e0 sia importante quanto la diversit\u00e0!\u201d<\/p>\n<\/blockquote>\n<p>Varga ha scritto. \u201cEcco perch\u00e9 \u00e8 importante far sentire il pi\u00f9 possibile le nostre voci! diciamo no al trasferimento furtivo dei poteri insieme!\u201d<\/p>\n","protected":false},"excerpt":{"rendered":"<p>L&#8217;Ungheria, in quanto membro dell&#8217;Unione Europea, non vuole far parte di una \u201csuperpower\u201d ma piuttosto di un&#8217;Europa \u201csmart basata su nazioni forti\u201d, ha detto venerd\u00ec su Facebook il ministro della Giustizia Judit Varga. Nel suo post in lingua inglese, Varga ha osservato che la conferenza sul futuro dell&#8217;Europa era in pieno svolgimento, con l&#8217;Ungheria che [&hellip;]<\/p>\n","protected":false},"author":2,"featured_media":0,"comment_status":"open","ping_status":"open","sticky":false,"template":"","format":"standard","meta":{"_display_image":"yes","footnotes":""},"categories":[1185],"tags":[1079,1069,1075],"class_list":["post-750891","post","type-post","status-publish","format-standard","hentry","category-politica-in-ungheria","tag-governo-ungherese","tag-ungheria","tag-unione-europea"],"blocksy_meta":[],"author_username":"alk","telegram_post":"","public_post_metadata":{"breaking_news":"","important":"","csempe":"","center_tile":"","disable_thumbnail":"","target_lang":"","_featured_image_style":"hidden","telegram_post":"","_xlat_group_id":""},"public_rank_math_data":{"title":"%titolo% %sep% %nomesito%","description":"","focus_keyword":"","canonical_url":"","robots":"","primary_category":"1185","breadcrumb_title":"","facebook_title":"","facebook_description":"","facebook_image":"","facebook_image_id":"","twitter_title":"","twitter_description":"","twitter_image":"","twitter_image_id":"","twitter_card_type":"","twitter_use_facebook":"","advanced_robots":"","pillar_content":"","seo_score":"","contentai_score":"","rich_snippet":""},"_links":{"self":[{"href":"https:\/\/dailynewshungary.com\/it\/wp-json\/wp\/v2\/posts\/750891","targetHints":{"allow":["GET"]}}],"collection":[{"href":"https:\/\/dailynewshungary.com\/it\/wp-json\/wp\/v2\/posts"}],"about":[{"href":"https:\/\/dailynewshungary.com\/it\/wp-json\/wp\/v2\/types\/post"}],"author":[{"embeddable":true,"href":"https:\/\/dailynewshungary.com\/it\/wp-json\/wp\/v2\/users\/2"}],"replies":[{"embeddable":true,"href":"https:\/\/dailynewshungary.com\/it\/wp-json\/wp\/v2\/comments?post=750891"}],"version-history":[{"count":0,"href":"https:\/\/dailynewshungary.com\/it\/wp-json\/wp\/v2\/posts\/750891\/revisions"}],"wp:attachment":[{"href":"https:\/\/dailynewshungary.com\/it\/wp-json\/wp\/v2\/media?parent=750891"}],"wp:term":[{"taxonomy":"category","embeddable":true,"href":"https:\/\/dailynewshungary.com\/it\/wp-json\/wp\/v2\/categories?post=750891"},{"taxonomy":"post_tag","embeddable":true,"href":"https:\/\/dailynewshungary.com\/it\/wp-json\/wp\/v2\/tags?post=750891"}],"curies":[{"name":"wp","href":"https:\/\/api.w.org\/{rel}","templated":true}]}}