{"id":751385,"date":"2021-10-15T07:30:00","date_gmt":"2021-10-15T05:30:00","guid":{"rendered":"https:\/\/dailynewshungary.com\/it\/ministro-democrazia-cristiana-inesistente-nelleuropa-occidentale-nel-senso-originario-del-termine\/"},"modified":"2021-10-15T07:30:00","modified_gmt":"2021-10-15T05:30:00","slug":"ministro-democrazia-cristiana-inesistente-nelleuropa-occidentale-nel-senso-originario-del-termine","status":"publish","type":"post","link":"https:\/\/dailynewshungary.com\/it\/ministro-democrazia-cristiana-inesistente-nelleuropa-occidentale-nel-senso-originario-del-termine\/","title":{"rendered":"Ministro: Democrazia cristiana inesistente nell\u2019Europa occidentale nel senso originario del termine"},"content":{"rendered":"<div class=\"leadNews\"><strong><span id=\"ctl00_ContentPlaceHolder1_ctrlNewsControl_lbLead\">Nella vita pubblica europea si stanno compiendo grandi sforzi per negare il diritto di esistere ai valori politici basati sul cristianesimo, e quindi la democrazia cristiana non esiste pi\u00f9 nell&#8217;Europa occidentale nel senso originale del termine, ha detto gioved\u00ec il capo dello staff del primo ministro.<\/span><\/strong><\/div>\n<div>&nbsp;<\/div>\n<div class=\"leadNews\"><span id=\"ctl00_ContentPlaceHolder1_ctrlNewsControl_lbBody\">Gergely Guly\u00e1s ha dichiarato in una conferenza incentrata sulla coesistenza delle comunit\u00e0 religiose in Europa che, mentre trent&#8217;anni fa l&#8217;ex primo ministro J\u00f3zsef Antall diceva giustamente che anche gli atei sono cristiani in Europa\u201d, ormai lo spirito dei tempi, sostenuto dalle istituzioni dell&#8217;Unione europea, mirano a ottenere esattamente il contrario.<\/span><\/div>\n<div>&nbsp;<\/div>\n<blockquote>\n<div class=\"leadNews\"><span id=\"ctl00_ContentPlaceHolder1_ctrlNewsControl_lbBody\">I cristiano-democratici dell\u2019Europa occidentale inizialmente abbandonarono tutti i loro principi per ottenere il potere politico e poi persero quel potere<\/span><\/div>\n<\/blockquote>\n<div>&nbsp;<\/div>\n<div class=\"leadNews\"><span id=\"ctl00_ContentPlaceHolder1_ctrlNewsControl_lbBody\"> ha detto.<\/span><\/div>\n<div>&nbsp;<\/div>\n<div class=\"leadNews\">\n<div style=\"text-align: center;\"><a href=\"https:\/\/dailynewshungary.com\/it\/segretario-di-stato-il-governo-ungherese-aiuta-i-cristiani-perseguitati\/\">Segretario di Stato: il governo ungherese aiuta i cristiani perseguitati<\/a><\/div>\n<div>&nbsp;<\/div>\n<p><span id=\"ctl00_ContentPlaceHolder1_ctrlNewsControl_lbBody\"><\/p>\n<p>Attualmente, non ci sono primi ministri democristiani in Europa a ovest di Vienna, ha detto Guly\u00e1s Durante il periodo in cui la comunit\u00e0 europea era composta da quindici membri, la maggioranza dei primi ministri negli Stati membri era attaccata ai valori democristiani o ai gruppi di partito, ha aggiunto.<\/span><\/div>\n","protected":false},"excerpt":{"rendered":"<p>Nella vita pubblica europea si stanno compiendo grandi sforzi per negare il diritto di esistere ai valori politici basati sul cristianesimo, e quindi la democrazia cristiana non esiste pi\u00f9 nell&#8217;Europa occidentale nel senso originale del termine, ha detto gioved\u00ec il capo dello staff del primo ministro. &nbsp; Gergely Guly\u00e1s ha dichiarato in una conferenza incentrata [&hellip;]<\/p>\n","protected":false},"author":50,"featured_media":751386,"comment_status":"open","ping_status":"open","sticky":false,"template":"","format":"standard","meta":{"_display_image":"no","footnotes":""},"categories":[1185],"tags":[1079,1311,1069,1075],"class_list":["post-751385","post","type-post","status-publish","format-standard","has-post-thumbnail","hentry","category-politica-in-ungheria","tag-governo-ungherese","tag-religione","tag-ungheria","tag-unione-europea"],"blocksy_meta":[],"author_username":"dnh","telegram_post":"","public_post_metadata":{"breaking_news":"","important":"","csempe":"","center_tile":"","disable_thumbnail":"","target_lang":"","_featured_image_style":"hidden","telegram_post":"","_xlat_group_id":""},"public_rank_math_data":{"title":"%titolo% %sep% %nomesito%","description":"Democrazia cristiana inesistente nell'Europa occidentale nel senso originario del termine, ha detto uno dei ministri ungheresi.","focus_keyword":"Democrazia cristiana","canonical_url":"","robots":"","primary_category":"1185","breadcrumb_title":"","facebook_title":"","facebook_description":"","facebook_image":"","facebook_image_id":"","twitter_title":"","twitter_description":"","twitter_image":"","twitter_image_id":"","twitter_card_type":"","twitter_use_facebook":"","advanced_robots":"","pillar_content":"","seo_score":"61","contentai_score":"","rich_snippet":""},"_links":{"self":[{"href":"https:\/\/dailynewshungary.com\/it\/wp-json\/wp\/v2\/posts\/751385","targetHints":{"allow":["GET"]}}],"collection":[{"href":"https:\/\/dailynewshungary.com\/it\/wp-json\/wp\/v2\/posts"}],"about":[{"href":"https:\/\/dailynewshungary.com\/it\/wp-json\/wp\/v2\/types\/post"}],"author":[{"embeddable":true,"href":"https:\/\/dailynewshungary.com\/it\/wp-json\/wp\/v2\/users\/50"}],"replies":[{"embeddable":true,"href":"https:\/\/dailynewshungary.com\/it\/wp-json\/wp\/v2\/comments?post=751385"}],"version-history":[{"count":0,"href":"https:\/\/dailynewshungary.com\/it\/wp-json\/wp\/v2\/posts\/751385\/revisions"}],"wp:featuredmedia":[{"embeddable":true,"href":"https:\/\/dailynewshungary.com\/it\/wp-json\/wp\/v2\/media\/751386"}],"wp:attachment":[{"href":"https:\/\/dailynewshungary.com\/it\/wp-json\/wp\/v2\/media?parent=751385"}],"wp:term":[{"taxonomy":"category","embeddable":true,"href":"https:\/\/dailynewshungary.com\/it\/wp-json\/wp\/v2\/categories?post=751385"},{"taxonomy":"post_tag","embeddable":true,"href":"https:\/\/dailynewshungary.com\/it\/wp-json\/wp\/v2\/tags?post=751385"}],"curies":[{"name":"wp","href":"https:\/\/api.w.org\/{rel}","templated":true}]}}