{"id":751714,"date":"2021-10-04T18:00:00","date_gmt":"2021-10-04T16:00:00","guid":{"rendered":"https:\/\/dailynewshungary.com\/it\/il-ponte-della-liberta-di-budapest-con-la-sua-ricca-storia-compie-oggi-125-anni\/"},"modified":"2021-10-04T18:00:00","modified_gmt":"2021-10-04T16:00:00","slug":"il-ponte-della-liberta-di-budapest-con-la-sua-ricca-storia-compie-oggi-125-anni","status":"publish","type":"post","link":"https:\/\/dailynewshungary.com\/it\/il-ponte-della-liberta-di-budapest-con-la-sua-ricca-storia-compie-oggi-125-anni\/","title":{"rendered":"Il Ponte della Libert\u00e0 di Budapest, con la sua ricca storia, compie oggi 125 anni!"},"content":{"rendered":"<p><strong>Il punto di riferimento architettonico fu inaugurato il 4 ottobre 1896 alla presenza di Francesco Giuseppe Il ponte originariamente prese il nome dall&#8217;imperatore e prese il nuovo nome nel 1946. <\/strong><\/p>\n<p>Nel 1849 fu inaugurato il meraviglioso ponte delle Catene, e nessun altro ponte fu aggiunto al paesaggio per circa 25 anni Poi, dopo il 1867 Budapest inizi\u00f2 a svilupparsi Il traffico divenne presto un motivo per costruire un altro ponte tra due lati della citt\u00e0, Pest e Buda Nel 1876 ponte Margherita, e nel 1877 fu aggiunto un altro ponte Quest&#8217;ultimo era un ponte ferroviario, inadatto al traffico stradale Questo \u00e8 come \u00e8 nato il ponte Liberty scrive <a href=\"https:\/\/index.hu\/kulfold\/2021\/10\/04\/budapesti-hid-evforduloja-szabadsag-hid\/\" target=\"_blank\" rel=\"noopener\">Indice<\/a>.<\/p>\n<blockquote>\n<p>Questa \u00e8 anche la storia del perch\u00e9 l&#8217;ordine dei ponti \u00e8 confuso Liberty Bridge era il quarto in ordine, ma il terzo che poteva essere utilizzato nel traffico stradale.<\/p>\n<\/blockquote>\n<p>Nel 1893 J\u00e1nos Feketeh\u00e1zy e R\u00f3bert Totth gareggiarono con i loro progetti per costruire il ponte. Il loro lavoro guadagn\u00f2 fiducia e apprezzamento. Pertanto i lavori di costruzione iniziarono nel 1894. I due architetti erano professionisti riconosciuti a livello internazionale ai loro tempi.<\/p>\n<p style=\"text-align: center;\"><a href=\"https:\/\/dailynewshungary.com\/it\/il-leone-del-ponte-delle-catene-e-stato-sollevato-video-foto\/\" target=\"_blank\" rel=\"noopener\">Il leone del Ponte delle Catene \u00e8 stato sollevato VIDEO, FOTO<\/a><\/p>\n<p>Virgil Nagy fu una persona importante nella progettazione delle immagini del ponte. Le porte poggianti su pilastri, decorate con lo stemma ungherese e due uccelli ungheresi conosciuti dalle leggende furono una sua idea. Furono installate lampade elettriche e lampade a gas, e il ponte fu dipinto di verde, un colore con un ricco simbolismo ungherese.<\/p>\n<blockquote>\n<p>Il ponte \u00e8 il pi\u00f9 corto con i suoi 334 metri, ma fonti della sua inaugurazione scrivono che l&#8217;imperatore stesso colp\u00ec sul posto l&#8217;ultimo rivetto.<\/p>\n<\/blockquote>\n<p>La seconda guerra mondiale non ebbe piet\u00e0 del ponte, e i nazisti lo fecero saltare in aria nel 1945, in seguito fu ricostruito e inaugurato nuovamente il 20 agosto 1946, il ponte fu anche rimasto a Liberty bridge ma questa volta dipinto di blu Negli anni &#8217;80, il colore originale fu restaurato, e cos\u00ec anche gli elementi decorativi.<\/p>\n<blockquote>\n<p>I cinesi sembrano ammirare davvero il ponte Liberty Hanno persino costruito la copia del ponte all&#8217;interno del campus di Huawei, che \u00e8 stato ispirato dalle meravigliose citt\u00e0 europee. &#8216;scrive <a href=\"https:\/\/www.cnbc.com\/2019\/01\/15\/huawei-new-campus-in-dongguan-china-photos.html?fbclid=IwAR01C4eX1qpemTcX3_PMbqhuclNkrZtlgktAfd0uLsp07H2KUm4x-_lmE_I&amp;utm_source=pestbuda&amp;utm_medium=link&amp;utm_campaign=pestbuda_202110\" target=\"_blank\" rel=\"noopener\">CNBC<\/a>.<\/p>\n<\/blockquote>\n<p>Ci sono molte altre informazioni entusiasmanti e voci sul ponte. Il rivetto su cui colp\u00ec l&#8217;imperatore si perse, poi fu sostituito con un rivetto in alluminio e su di esso fu posta una ciotola di vetro. Ma anche questo rivetto si perse. La struttura del ponte ha reso facile per le persone arrampicarsi su di esso, diventando cos\u00ec un luogo frequentato da persone che volevano saltare nel fiume Danubio, dando la vita. Scrive <a href=\"https:\/\/nullahategy.hu\/hidas\/\" target=\"_blank\" rel=\"noopener\">nullahategy.hu<\/a>.<\/p>\n<p style=\"text-align: center;\"><a href=\"https:\/\/dailynewshungary.com\/it\/demolire-la-struttura-del-binario-del-ponte-delle-catene-e-iniziata-photo-gallery\/\" target=\"_blank\" rel=\"noopener\">Demolire la struttura del binario del Ponte delle Catene \u00e8 iniziata (PHOTO GALLERY)<\/a><\/p>\n","protected":false},"excerpt":{"rendered":"<p>Il punto di riferimento architettonico fu inaugurato il 4 ottobre 1896 alla presenza di Francesco Giuseppe Il ponte originariamente prese il nome dall&#8217;imperatore e prese il nuovo nome nel 1946. Nel 1849 fu inaugurato il meraviglioso ponte delle Catene, e nessun altro ponte fu aggiunto al paesaggio per circa 25 anni Poi, dopo il 1867 [&hellip;]<\/p>\n","protected":false},"author":57,"featured_media":751715,"comment_status":"open","ping_status":"open","sticky":false,"template":"","format":"standard","meta":{"_display_image":"","footnotes":""},"categories":[1344],"tags":[1299,1158,1069],"class_list":["post-751714","post","type-post","status-publish","format-standard","has-post-thumbnail","hentry","category-speciale-ungheria","tag-anniversario","tag-budapest","tag-ungheria"],"blocksy_meta":[],"author_username":"abarbara","telegram_post":"","public_post_metadata":{"breaking_news":"","important":"","csempe":"","center_tile":"","disable_thumbnail":"","target_lang":"","_featured_image_style":"","telegram_post":"","_xlat_group_id":""},"public_rank_math_data":{"title":"%titolo% %sep% %nomesito%","description":"","focus_keyword":"","canonical_url":"","robots":"","primary_category":"1344","breadcrumb_title":"","facebook_title":"","facebook_description":"","facebook_image":"","facebook_image_id":"","twitter_title":"","twitter_description":"","twitter_image":"","twitter_image_id":"","twitter_card_type":"","twitter_use_facebook":"","advanced_robots":"","pillar_content":"","seo_score":"","contentai_score":"","rich_snippet":""},"_links":{"self":[{"href":"https:\/\/dailynewshungary.com\/it\/wp-json\/wp\/v2\/posts\/751714","targetHints":{"allow":["GET"]}}],"collection":[{"href":"https:\/\/dailynewshungary.com\/it\/wp-json\/wp\/v2\/posts"}],"about":[{"href":"https:\/\/dailynewshungary.com\/it\/wp-json\/wp\/v2\/types\/post"}],"author":[{"embeddable":true,"href":"https:\/\/dailynewshungary.com\/it\/wp-json\/wp\/v2\/users\/57"}],"replies":[{"embeddable":true,"href":"https:\/\/dailynewshungary.com\/it\/wp-json\/wp\/v2\/comments?post=751714"}],"version-history":[{"count":0,"href":"https:\/\/dailynewshungary.com\/it\/wp-json\/wp\/v2\/posts\/751714\/revisions"}],"wp:featuredmedia":[{"embeddable":true,"href":"https:\/\/dailynewshungary.com\/it\/wp-json\/wp\/v2\/media\/751715"}],"wp:attachment":[{"href":"https:\/\/dailynewshungary.com\/it\/wp-json\/wp\/v2\/media?parent=751714"}],"wp:term":[{"taxonomy":"category","embeddable":true,"href":"https:\/\/dailynewshungary.com\/it\/wp-json\/wp\/v2\/categories?post=751714"},{"taxonomy":"post_tag","embeddable":true,"href":"https:\/\/dailynewshungary.com\/it\/wp-json\/wp\/v2\/tags?post=751714"}],"curies":[{"name":"wp","href":"https:\/\/api.w.org\/{rel}","templated":true}]}}