{"id":751730,"date":"2021-10-04T10:30:00","date_gmt":"2021-10-04T08:30:00","guid":{"rendered":"https:\/\/dailynewshungary.com\/it\/lungheria-organizzera-una-conferenza-dei-ministri-europei-della-giustizia\/"},"modified":"2021-10-04T10:30:00","modified_gmt":"2021-10-04T08:30:00","slug":"lungheria-organizzera-una-conferenza-dei-ministri-europei-della-giustizia","status":"publish","type":"post","link":"https:\/\/dailynewshungary.com\/it\/lungheria-organizzera-una-conferenza-dei-ministri-europei-della-giustizia\/","title":{"rendered":"L\u2019Ungheria organizzer\u00e0 una conferenza dei ministri europei della Giustizia"},"content":{"rendered":"<p><strong>La digitalizzazione della giustizia e l&#8217;uso dell&#8217;intelligenza artificiale saranno al centro della scena in una conferenza dei ministri della Giustizia europei che l&#8217;Ungheria organizzer\u00e0 questa settimana, ha detto luned\u00ec il ministro della Giustizia Judit Varga.<\/strong><\/p>\n<p>La conferenza che inizier\u00e0 marted\u00ec sar\u00e0 organizzata nell&#8217;ambito della presidenza ungherese del Comitato dei Ministri del Consiglio d&#8217;Europa (CoE) e consentir\u00e0 ai 38 paesi partecipanti di condividere tra loro le loro esperienze in materia di digitalizzazione, ha detto Varga al canale di notizie pubbliche M1.<\/p>\n<p>Il ministro ha affermato che, sebbene la digitalizzazione renda i processi amministrativi pi\u00f9 semplici, \u00e8 fondamentale garantire che non violi i diritti fondamentali e la privacy.<\/p>\n<p>Varga ha detto<\/p>\n<blockquote>\n<p>la pandemia ha contribuito a far avanzare la digitalizzazione della giustizia in Europa, aggiungendo che ci\u00f2 ha dimostrato che esiste un potenziale non sfruttato nella digitalizzazione.<\/p>\n<\/blockquote>\n<h2>Delegazione della commissione per le libert\u00e0 civili del Parlamento europeo (LIBE)<\/h2>\n<p>Nel frattempo, alla domanda sulla visita in Ungheria di una delegazione della commissione per le libert\u00e0 civili del Parlamento europeo (LIBE) la scorsa settimana, Varga ha affermato che la valutazione della delegazione sullo stato dello stato di diritto nel paese fa parte di una caccia alle streghe politica contro il paese. paese, aggiungendo che ci\u00f2 si riflette nella composizione della delegazione.<\/p>\n<p>Ha detto che solo due dei tre membri di destra della delegazione erano in verit\u00e0 di destra, aggiungendo che ci\u00f2 significa che hanno opinioni diverse sulla famiglia e sulla questione dell&#8217;immigrazione.\u201d<\/p>\n<blockquote>\n<p>\u201cIl nostro compito \u00e8 fornire le risposte legali pi\u00f9 precise possibili, indipendentemente dalle accuse, ha affermato\u201d Varga.<\/p>\n<\/blockquote>\n<ul>\n<li><a href=\"https:\/\/dailynewshungary.com\/it\/capo-delegazione-libe-persistono-ancora-riserve-dal-2018-contro-lungheria\/\">Capo delegazione LIBE: persistono ancora riserve dal 2018 contro l&#8217;Ungheria<\/a><\/li>\n<\/ul>\n","protected":false},"excerpt":{"rendered":"<p>La digitalizzazione della giustizia e l&#8217;uso dell&#8217;intelligenza artificiale saranno al centro della scena in una conferenza dei ministri della Giustizia europei che l&#8217;Ungheria organizzer\u00e0 questa settimana, ha detto luned\u00ec il ministro della Giustizia Judit Varga. La conferenza che inizier\u00e0 marted\u00ec sar\u00e0 organizzata nell&#8217;ambito della presidenza ungherese del Comitato dei Ministri del Consiglio d&#8217;Europa (CoE) e [&hellip;]<\/p>\n","protected":false},"author":2,"featured_media":751731,"comment_status":"open","ping_status":"open","sticky":false,"template":"","format":"standard","meta":{"_display_image":"yes","footnotes":""},"categories":[1185],"tags":[1158,1079,1069,1075],"class_list":["post-751730","post","type-post","status-publish","format-standard","has-post-thumbnail","hentry","category-politica-in-ungheria","tag-budapest","tag-governo-ungherese","tag-ungheria","tag-unione-europea"],"blocksy_meta":[],"author_username":"alk","telegram_post":"","public_post_metadata":{"breaking_news":"","important":"","csempe":"","center_tile":"","disable_thumbnail":"","target_lang":"","_featured_image_style":"hidden","telegram_post":"","_xlat_group_id":""},"public_rank_math_data":{"title":"%titolo% %sep% %nomesito%","description":"","focus_keyword":"","canonical_url":"","robots":"","primary_category":"1185","breadcrumb_title":"","facebook_title":"","facebook_description":"","facebook_image":"","facebook_image_id":"","twitter_title":"","twitter_description":"","twitter_image":"","twitter_image_id":"","twitter_card_type":"","twitter_use_facebook":"","advanced_robots":"","pillar_content":"","seo_score":"","contentai_score":"","rich_snippet":""},"_links":{"self":[{"href":"https:\/\/dailynewshungary.com\/it\/wp-json\/wp\/v2\/posts\/751730","targetHints":{"allow":["GET"]}}],"collection":[{"href":"https:\/\/dailynewshungary.com\/it\/wp-json\/wp\/v2\/posts"}],"about":[{"href":"https:\/\/dailynewshungary.com\/it\/wp-json\/wp\/v2\/types\/post"}],"author":[{"embeddable":true,"href":"https:\/\/dailynewshungary.com\/it\/wp-json\/wp\/v2\/users\/2"}],"replies":[{"embeddable":true,"href":"https:\/\/dailynewshungary.com\/it\/wp-json\/wp\/v2\/comments?post=751730"}],"version-history":[{"count":0,"href":"https:\/\/dailynewshungary.com\/it\/wp-json\/wp\/v2\/posts\/751730\/revisions"}],"wp:featuredmedia":[{"embeddable":true,"href":"https:\/\/dailynewshungary.com\/it\/wp-json\/wp\/v2\/media\/751731"}],"wp:attachment":[{"href":"https:\/\/dailynewshungary.com\/it\/wp-json\/wp\/v2\/media?parent=751730"}],"wp:term":[{"taxonomy":"category","embeddable":true,"href":"https:\/\/dailynewshungary.com\/it\/wp-json\/wp\/v2\/categories?post=751730"},{"taxonomy":"post_tag","embeddable":true,"href":"https:\/\/dailynewshungary.com\/it\/wp-json\/wp\/v2\/tags?post=751730"}],"curies":[{"name":"wp","href":"https:\/\/api.w.org\/{rel}","templated":true}]}}