{"id":751957,"date":"2021-09-26T15:30:00","date_gmt":"2021-09-26T13:30:00","guid":{"rendered":"https:\/\/dailynewshungary.com\/it\/viktor-orban-le-province-sono-non-la-periferia-di-qualcosa-ma-il-centro\/"},"modified":"2021-09-26T15:30:00","modified_gmt":"2021-09-26T13:30:00","slug":"viktor-orban-le-province-sono-non-la-periferia-di-qualcosa-ma-il-centro","status":"publish","type":"post","link":"https:\/\/dailynewshungary.com\/it\/viktor-orban-le-province-sono-non-la-periferia-di-qualcosa-ma-il-centro\/","title":{"rendered":"Viktor Orb\u00e1n: le province sono \u201cnon la periferia di qualcosa ma il centro\u201d"},"content":{"rendered":"<p><strong>Le province ungheresi dovrebbero finalmente ottenere ci\u00f2 a cui hanno diritto, ha detto sabato il primo ministro Viktor Orb\u00e1n a S\u00e1rospatak, nel nord-est dell&#8217;Ungheria.<\/strong><\/p>\n<p>\u00c8 giunto il momento che l\u2019Ungheria saldi il suo debito nei confronti delle province, ripristini la dignit\u00e0 e la forza di cui le campagne sono state private, ha detto Orb\u00e1n alla cerimonia di inaugurazione dell\u2019Universit\u00e0 Tokaj-Hegyalja.<\/p>\n<blockquote>\n<p>\u201c\u00c8 quasi un peccato e decisamente sbagliato che S\u00e1rospatak, dove lo spirito ungherese trov\u00f2 casa molto tempo fa, la citt\u00e0 chiamata Atene sul fiume Bodrog nel corso dei secoli, non abbia avuto finora un&#8217;universit\u00e0, ha detto.<\/p>\n<\/blockquote>\n<p>Nel corso dell&#8217;ultimo secolo, dalla sconfitta nella prima guerra mondiale e dal trattato di pace del Trianon, l&#8217;Ungheria ha dimenticato le province e l&#8217;equilibrio tra la capitale e il resto del paese \u00e8 stato sconvolto, ha detto.<\/p>\n<figure id=\"attachment_425493\" aria-describedby=\"caption-attachment-425493\" style=\"width: 1280px\" class=\"wp-caption aligncenter\"><a href=\"https:\/\/contentf5.dailynewshungary.com\/wp-content\/uploads\/2021\/09\/Viktor-Orban-Tokaj-Hegyalja-2.jpg\" data-pswp-width=\"1280\" data-pswp-height=\"853\" data-cropped=\"true\"><img loading=\"lazy\" decoding=\"async\" class=\"size-full wp-image-425493\" src=\"https:\/\/contentf5.dailynewshungary.com\/wp-content\/uploads\/2021\/09\/Viktor-Orban-Tokaj-Hegyalja-2.jpg\" alt=\"Apertura dell'Universit\u00e0 Viktor Orb\u00e1n Tokaj-Hegyalja 2\" width=\"1280\" height=\"853\" srcset=\"https:\/\/contentf5.dailynewshungary.com\/wp-content\/uploads\/2021\/09\/Viktor-Orban-Tokaj-Hegyalja-2.jpg 1280w, https:\/\/contentf5.dailynewshungary.com\/wp-content\/uploads\/2021\/09\/Viktor-Orban-Tokaj-Hegyalja-2-768x512.jpg 768w, https:\/\/contentf5.dailynewshungary.com\/wp-content\/uploads\/2021\/09\/Viktor-Orban-Tokaj-Hegyalja-2-350x233.jpg 350w, https:\/\/contentf5.dailynewshungary.com\/wp-content\/uploads\/2021\/09\/Viktor-Orban-Tokaj-Hegyalja-2-219x146.jpg 219w, https:\/\/contentf5.dailynewshungary.com\/wp-content\/uploads\/2021\/09\/Viktor-Orban-Tokaj-Hegyalja-2-50x33.jpg 50w, https:\/\/contentf5.dailynewshungary.com\/wp-content\/uploads\/2021\/09\/Viktor-Orban-Tokaj-Hegyalja-2-113x75.jpg 113w\" sizes=\"auto, (max-width: 1280px) 100vw, 1280px\"><\/a><figcaption id=\"caption-attachment-425493\" class=\"wp-caption-text\">Viktor Orb\u00e1n nel campus dell&#8217;Universit\u00e0 Tokaj-Hegyalja a S\u00e1rospatak<br \/>Foto: MTI\/Kosztics\u00e1k Szil\u00e1rd<\/figcaption><\/figure>\n<p style=\"text-align: center;\"><a href=\"https:\/\/dailynewshungary.com\/it\/financial-times-corvinus-budapest-nelle-100-migliori-scuole-di-management-del-mondo\/\" target=\"_blank\" rel=\"noopener\"><strong>Financial Times: Corvinus Budapest nelle 100 migliori scuole di management del mondo!<\/strong><\/a><\/p>\n<p>L&#8217;industrializzazione forzata e l&#8217;urbanizzazione sotto il dominio comunista sono state finanziate a spese delle province, ha affermato, aggiungendo che anche la transizione verso la democrazia non ha posto rimedio alla situazione poich\u00e9 i \u201ccomunisti che ritornano due volte\u201d non hanno mai attribuito alcuna importanza alle idee nazionali, e il divario tra Budapest e le province hanno continuato ad ampliarsi.<\/p>\n<blockquote>\n<p>Per i governi cristiano-democratici le province sono non il confine, non la periferia di qualcosa ma il centro. Per noi la capitale e le province formano un&#8217;unit\u00e0, ha detto\u201d Orb\u00e1n.<\/p>\n<\/blockquote>\n<p>Il primo ministro defin\u00ec S\u00e1rospatak un solido bastione della Riforma ungherese e la culla della moderna lingua ungherese\u201d.<\/p>\n<p>Orb\u00e1n ha affermato che la regione vinicola di Hegyalja vedr\u00e0 l&#8217;avvio di importanti progetti turistici, agricoli e industriali nel prossimo futuro, tra cui la costruzione di strade e la ricostruzione della citt\u00e0.<\/p>\n","protected":false},"excerpt":{"rendered":"<p>Le province ungheresi dovrebbero finalmente ottenere ci\u00f2 a cui hanno diritto, ha detto sabato il primo ministro Viktor Orb\u00e1n a S\u00e1rospatak, nel nord-est dell&#8217;Ungheria. \u00c8 giunto il momento che l\u2019Ungheria saldi il suo debito nei confronti delle province, ripristini la dignit\u00e0 e la forza di cui le campagne sono state private, ha detto Orb\u00e1n alla [&hellip;]<\/p>\n","protected":false},"author":33,"featured_media":751958,"comment_status":"open","ping_status":"open","sticky":false,"template":"","format":"standard","meta":{"_display_image":"","footnotes":""},"categories":[1207],"tags":[1079,1252,1188,1069,1083],"class_list":["post-751957","post","type-post","status-publish","format-standard","has-post-thumbnail","hentry","category-societa-in-ungheria","tag-governo-ungherese","tag-istruzione-superiore","tag-sviluppo","tag-ungheria","tag-viktor-orban"],"blocksy_meta":[],"author_username":"ugyelet","telegram_post":"","public_post_metadata":{"breaking_news":"","important":"","csempe":"","center_tile":"","disable_thumbnail":"","target_lang":"","_featured_image_style":"","telegram_post":"","_xlat_group_id":""},"public_rank_math_data":{"title":"%titolo% %sep% %nomesito%","description":"","focus_keyword":"","canonical_url":"","robots":"","primary_category":"1207","breadcrumb_title":"","facebook_title":"","facebook_description":"","facebook_image":"","facebook_image_id":"","twitter_title":"","twitter_description":"","twitter_image":"","twitter_image_id":"","twitter_card_type":"","twitter_use_facebook":"","advanced_robots":"","pillar_content":"","seo_score":"","contentai_score":"","rich_snippet":""},"_links":{"self":[{"href":"https:\/\/dailynewshungary.com\/it\/wp-json\/wp\/v2\/posts\/751957","targetHints":{"allow":["GET"]}}],"collection":[{"href":"https:\/\/dailynewshungary.com\/it\/wp-json\/wp\/v2\/posts"}],"about":[{"href":"https:\/\/dailynewshungary.com\/it\/wp-json\/wp\/v2\/types\/post"}],"author":[{"embeddable":true,"href":"https:\/\/dailynewshungary.com\/it\/wp-json\/wp\/v2\/users\/33"}],"replies":[{"embeddable":true,"href":"https:\/\/dailynewshungary.com\/it\/wp-json\/wp\/v2\/comments?post=751957"}],"version-history":[{"count":0,"href":"https:\/\/dailynewshungary.com\/it\/wp-json\/wp\/v2\/posts\/751957\/revisions"}],"wp:featuredmedia":[{"embeddable":true,"href":"https:\/\/dailynewshungary.com\/it\/wp-json\/wp\/v2\/media\/751958"}],"wp:attachment":[{"href":"https:\/\/dailynewshungary.com\/it\/wp-json\/wp\/v2\/media?parent=751957"}],"wp:term":[{"taxonomy":"category","embeddable":true,"href":"https:\/\/dailynewshungary.com\/it\/wp-json\/wp\/v2\/categories?post=751957"},{"taxonomy":"post_tag","embeddable":true,"href":"https:\/\/dailynewshungary.com\/it\/wp-json\/wp\/v2\/tags?post=751957"}],"curies":[{"name":"wp","href":"https:\/\/api.w.org\/{rel}","templated":true}]}}