{"id":751961,"date":"2021-09-26T13:30:00","date_gmt":"2021-09-26T11:30:00","guid":{"rendered":"https:\/\/dailynewshungary.com\/it\/papa-francesco-ha-dato-udienza-privata-al-cardinale-ungherese-peter-erd-to\/"},"modified":"2021-09-26T13:30:00","modified_gmt":"2021-09-26T11:30:00","slug":"papa-francesco-ha-dato-udienza-privata-al-cardinale-ungherese-peter-erd-to","status":"publish","type":"post","link":"https:\/\/dailynewshungary.com\/it\/papa-francesco-ha-dato-udienza-privata-al-cardinale-ungherese-peter-erd-to\/","title":{"rendered":"Papa Francesco ha dato udienza privata al cardinale ungherese P\u00e9ter Erd to"},"content":{"rendered":"<p><strong>Papa Francesco ha dato un&#8217;udienza privata al cardinale P\u00e9ter Erd\u0151 sabato, quasi due settimane dopo la sua visita al 52\u00b0 Congresso Eucaristico Internazionale di Budapest, Norbert Nemeth, Rettore dell&#8217;Istituto Papale Ungherese di Roma, ha detto a MTI.<\/strong><\/p>\n<p>Il Santo Padre ha parlato dei compiti che attendono la Chiesa cattolica ungherese e l&#8217;Europa, ha detto.<\/p>\n<blockquote class=\"wp-block-quote is-layout-flow wp-block-quote-is-layout-flow\">\n<p>Il cardinale Erd\u0151, arcivescovo di Esztergom-Budapest, ha espresso i suoi ringraziamenti al papa per la visita del 12 settembre e la sua celebrazione della messa di chiusura del congresso.<\/p>\n<\/blockquote>\n<p>A Budapest Papa Francesco ha incontrato il presidente J\u00e1nos \u00c1der, il primo ministro Viktor Orb\u00e1n, membri della Conferenza episcopale cattolica ungherese e rappresentanti delle Chiese ecumeniche e della comunit\u00e0 ebraica.<\/p>\n<p class=\"has-text-align-center\"><strong><a href=\"https:\/\/dailynewshungary.com\/it\/di-cosa-hanno-parlato-papa-francesco-e-viktor-orban\/\" target=\"_blank\" rel=\"noreferrer noopener\">Di cosa hanno parlato Papa Francesco e Viktor Orb\u00e1n?<\/a><\/strong><\/p>\n<blockquote class=\"wp-block-quote is-layout-flow wp-block-quote-is-layout-flow\">\n<p>Papa Francesco ha sottolineato ancora una volta l&#8217;esperienza positiva maturata in Ungheria e il cordiale colloquio avuto con i leader ungheresi, ha inoltre sottolineato l&#8217;importanza di ritornare ai valori originari dei fondatori dell&#8217;Unione Europea, ha detto N\u00e9meth.<\/p>\n<\/blockquote>\n<p>Sabato sera Erd\u0151 assister\u00e0 alla consacrazione della Saint Stephen House, l&#8217;ostello dei pellegrini ungheresi a Roma, ristrutturato con il sostegno del governo ungherese.<\/p>\n","protected":false},"excerpt":{"rendered":"<p>Papa Francesco ha dato un&#8217;udienza privata al cardinale P\u00e9ter Erd\u0151 sabato, quasi due settimane dopo la sua visita al 52\u00b0 Congresso Eucaristico Internazionale di Budapest, Norbert Nemeth, Rettore dell&#8217;Istituto Papale Ungherese di Roma, ha detto a MTI. Il Santo Padre ha parlato dei compiti che attendono la Chiesa cattolica ungherese e l&#8217;Europa, ha detto. Il [&hellip;]<\/p>\n","protected":false},"author":33,"featured_media":751962,"comment_status":"open","ping_status":"open","sticky":false,"template":"","format":"standard","meta":{"_display_image":"","footnotes":""},"categories":[1207],"tags":[1158,1079,1267,1341,1311,1069,1083],"class_list":["post-751961","post","type-post","status-publish","format-standard","has-post-thumbnail","hentry","category-societa-in-ungheria","tag-budapest","tag-governo-ungherese","tag-italia","tag-presidente-dellungheria","tag-religione","tag-ungheria","tag-viktor-orban"],"blocksy_meta":[],"author_username":"ugyelet","telegram_post":"","public_post_metadata":{"breaking_news":"","important":"","csempe":"","center_tile":"","disable_thumbnail":"","target_lang":"","_featured_image_style":"","telegram_post":"","_xlat_group_id":""},"public_rank_math_data":{"title":"%titolo% %sep% %nomesito%","description":"","focus_keyword":"","canonical_url":"","robots":"","primary_category":"1207","breadcrumb_title":"","facebook_title":"","facebook_description":"","facebook_image":"","facebook_image_id":"","twitter_title":"","twitter_description":"","twitter_image":"","twitter_image_id":"","twitter_card_type":"","twitter_use_facebook":"","advanced_robots":"","pillar_content":"","seo_score":"","contentai_score":"","rich_snippet":""},"_links":{"self":[{"href":"https:\/\/dailynewshungary.com\/it\/wp-json\/wp\/v2\/posts\/751961","targetHints":{"allow":["GET"]}}],"collection":[{"href":"https:\/\/dailynewshungary.com\/it\/wp-json\/wp\/v2\/posts"}],"about":[{"href":"https:\/\/dailynewshungary.com\/it\/wp-json\/wp\/v2\/types\/post"}],"author":[{"embeddable":true,"href":"https:\/\/dailynewshungary.com\/it\/wp-json\/wp\/v2\/users\/33"}],"replies":[{"embeddable":true,"href":"https:\/\/dailynewshungary.com\/it\/wp-json\/wp\/v2\/comments?post=751961"}],"version-history":[{"count":0,"href":"https:\/\/dailynewshungary.com\/it\/wp-json\/wp\/v2\/posts\/751961\/revisions"}],"wp:featuredmedia":[{"embeddable":true,"href":"https:\/\/dailynewshungary.com\/it\/wp-json\/wp\/v2\/media\/751962"}],"wp:attachment":[{"href":"https:\/\/dailynewshungary.com\/it\/wp-json\/wp\/v2\/media?parent=751961"}],"wp:term":[{"taxonomy":"category","embeddable":true,"href":"https:\/\/dailynewshungary.com\/it\/wp-json\/wp\/v2\/categories?post=751961"},{"taxonomy":"post_tag","embeddable":true,"href":"https:\/\/dailynewshungary.com\/it\/wp-json\/wp\/v2\/tags?post=751961"}],"curies":[{"name":"wp","href":"https:\/\/api.w.org\/{rel}","templated":true}]}}