{"id":752115,"date":"2021-09-21T17:00:00","date_gmt":"2021-09-21T15:00:00","guid":{"rendered":"https:\/\/dailynewshungary.com\/it\/gabinetto-orban-stretta-cooperazione-tra-i-paesi-dellue-indispensabile\/"},"modified":"2021-09-21T17:00:00","modified_gmt":"2021-09-21T15:00:00","slug":"gabinetto-orban-stretta-cooperazione-tra-i-paesi-dellue-indispensabile","status":"publish","type":"post","link":"https:\/\/dailynewshungary.com\/it\/gabinetto-orban-stretta-cooperazione-tra-i-paesi-dellue-indispensabile\/","title":{"rendered":"Gabinetto Orb\u00e1n: stretta cooperazione tra i paesi dell\u2019UE \u201cindispensabile\u201d"},"content":{"rendered":"<p><strong>Sebbene l&#8217;Unione europea non sia riuscita a raggiungere i suoi obiettivi negli ultimi anni, la competizione economica globale rende fondamentale per gli Stati membri dell&#8217;UE lottare per la pi\u00f9 stretta cooperazione possibile, ha detto marted\u00ec il capo dello staff del primo ministro.<\/strong><\/p>\n<p>Rivolgendosi a una tavola rotonda alla presentazione di un libro sul futuro dell&#8217;UE, Gergely Guly\u00e1s ha affermato che l&#8217;Europa sta perdendo il suo significato sulla scena globale e ha individuato la Germania come l&#8217;unico stato del continente che pu\u00f2 resistere nell&#8217;economia globale\u201d.<\/p>\n<p>Per quanto riguarda il rapporto dell&#8217;Ungheria con l&#8217;UE, Guly\u00e1s ha affermato che \u00e8 imperativo che il paese si definisca membro del blocco, sostenendo che non esiste alternativa alla cooperazione europea Allo stesso tempo, l&#8217;UE non \u00e8 riuscita a rafforzarsi e a raggiungere i suoi obiettivi negli ultimi anni, ha aggiunto.<\/p>\n<blockquote>\n<p>Guly\u00e1s si \u00e8 lamentato del fatto che il blocco non sia riuscito ad espandere la propria integrazione alla difesa e a istituire un esercito congiunto.<\/p>\n<\/blockquote>\n<p>Guly\u00e1s ha affermato che, sebbene l\u2019integrazione dei paesi dell\u2019Europa centrale e orientale sia sembrata una progressione naturale nella vita dell\u2019UE, persistono ancora divisioni sociali e politiche tra gli stati membri pi\u00f9 vecchi e quelli pi\u00f9 nuovi. E invece di accettarlo, ha detto, gli stati membri pi\u00f9 anziani hanno risposto a questo fenomeno con un\u2019intolleranza totale.<\/p>\n<p>Ha detto<\/p>\n<blockquote>\n<p>L\u2019UE \u00e8 stata una\u201c\u201d che ha rilevato sempre pi\u00f9 poteri dagli Stati membri, portando a conflitti costituzionali.<\/p>\n<\/blockquote>\n<p>Guly\u00e1s ha sottolineato l&#8217;importanza di tenere unito il blocco, aggiungendo, tuttavia, che \u00e8 fondamentale preservare le differenze tra gli Stati membri. Gli Stati membri occidentali devono accettare che l\u2019Europa centrale non si \u00e8 e non vuole adattarsi al loro percorso di sviluppo, ha aggiunto.<\/p>\n<ul>\n<li>leggi anche (leggi anche) (leggi)&nbsp;<a href=\"https:\/\/dailynewshungary.com\/it\/gabinetto-orban-dittatura-liberale-dellopinione-edilizia-tradizionale\/\">Gabinetto Orb\u00e1n: dittatura liberale dell&#8217;opinione edilizia tradizionale<\/a><\/li>\n<\/ul>\n","protected":false},"excerpt":{"rendered":"<p>Sebbene l&#8217;Unione europea non sia riuscita a raggiungere i suoi obiettivi negli ultimi anni, la competizione economica globale rende fondamentale per gli Stati membri dell&#8217;UE lottare per la pi\u00f9 stretta cooperazione possibile, ha detto marted\u00ec il capo dello staff del primo ministro. Rivolgendosi a una tavola rotonda alla presentazione di un libro sul futuro dell&#8217;UE, [&hellip;]<\/p>\n","protected":false},"author":2,"featured_media":752116,"comment_status":"open","ping_status":"open","sticky":false,"template":"","format":"standard","meta":{"_display_image":"yes","footnotes":""},"categories":[1185],"tags":[1079,1069,1075],"class_list":["post-752115","post","type-post","status-publish","format-standard","has-post-thumbnail","hentry","category-politica-in-ungheria","tag-governo-ungherese","tag-ungheria","tag-unione-europea"],"blocksy_meta":[],"author_username":"alk","telegram_post":"","public_post_metadata":{"breaking_news":"","important":"","csempe":"","center_tile":"","disable_thumbnail":"","target_lang":"","_featured_image_style":"hidden","telegram_post":"","_xlat_group_id":""},"public_rank_math_data":{"title":"%titolo% %sep% %nomesito%","description":"","focus_keyword":"","canonical_url":"","robots":"","primary_category":"1185","breadcrumb_title":"","facebook_title":"","facebook_description":"","facebook_image":"","facebook_image_id":"","twitter_title":"","twitter_description":"","twitter_image":"","twitter_image_id":"","twitter_card_type":"","twitter_use_facebook":"","advanced_robots":"","pillar_content":"","seo_score":"","contentai_score":"","rich_snippet":""},"_links":{"self":[{"href":"https:\/\/dailynewshungary.com\/it\/wp-json\/wp\/v2\/posts\/752115","targetHints":{"allow":["GET"]}}],"collection":[{"href":"https:\/\/dailynewshungary.com\/it\/wp-json\/wp\/v2\/posts"}],"about":[{"href":"https:\/\/dailynewshungary.com\/it\/wp-json\/wp\/v2\/types\/post"}],"author":[{"embeddable":true,"href":"https:\/\/dailynewshungary.com\/it\/wp-json\/wp\/v2\/users\/2"}],"replies":[{"embeddable":true,"href":"https:\/\/dailynewshungary.com\/it\/wp-json\/wp\/v2\/comments?post=752115"}],"version-history":[{"count":0,"href":"https:\/\/dailynewshungary.com\/it\/wp-json\/wp\/v2\/posts\/752115\/revisions"}],"wp:featuredmedia":[{"embeddable":true,"href":"https:\/\/dailynewshungary.com\/it\/wp-json\/wp\/v2\/media\/752116"}],"wp:attachment":[{"href":"https:\/\/dailynewshungary.com\/it\/wp-json\/wp\/v2\/media?parent=752115"}],"wp:term":[{"taxonomy":"category","embeddable":true,"href":"https:\/\/dailynewshungary.com\/it\/wp-json\/wp\/v2\/categories?post=752115"},{"taxonomy":"post_tag","embeddable":true,"href":"https:\/\/dailynewshungary.com\/it\/wp-json\/wp\/v2\/tags?post=752115"}],"curies":[{"name":"wp","href":"https:\/\/api.w.org\/{rel}","templated":true}]}}