{"id":752156,"date":"2021-09-20T15:30:00","date_gmt":"2021-09-20T13:30:00","guid":{"rendered":"https:\/\/dailynewshungary.com\/it\/il-governo-rinnova-laccordo-con-la-chiesa-battista\/"},"modified":"2021-09-20T15:30:00","modified_gmt":"2021-09-20T13:30:00","slug":"il-governo-rinnova-laccordo-con-la-chiesa-battista","status":"publish","type":"post","link":"https:\/\/dailynewshungary.com\/it\/il-governo-rinnova-laccordo-con-la-chiesa-battista\/","title":{"rendered":"Il governo rinnova l\u2019accordo con la Chiesa Battista"},"content":{"rendered":"<p><strong>Luned\u00ec il governo ha rinnovato il suo accordo globale con la Chiesa battista ungherese.<\/strong><\/p>\n<p>Il documento \u00e8 stato firmato dal vice primo ministro Zsolt Semj\u00e9n e J\u00e1nos Papp, il capo della chiesa.<\/p>\n<p>All&#8217;evento, Semj\u00e9n ha detto che l&#8217;accordo del 1998 aveva resistito alla prova del tempo e il suo rinnovo era semplicemente reso necessario dai cambiamenti nel contesto giuridico Ha anche detto che<\/p>\n<blockquote>\n<p>accordi simili con le chiese pi\u00f9 grandi venivano rinnovati anche.<\/p>\n<\/blockquote>\n<p>Papp ha detto che<\/p>\n<blockquote>\n<p>circa 300 comunit\u00e0 e diverse centinaia di pastori della sua organizzazione hanno accolto favorevolmente l&#8217;accordo.<\/p>\n<\/blockquote>\n","protected":false},"excerpt":{"rendered":"<p>Luned\u00ec il governo ha rinnovato il suo accordo globale con la Chiesa battista ungherese. Il documento \u00e8 stato firmato dal vice primo ministro Zsolt Semj\u00e9n e J\u00e1nos Papp, il capo della chiesa. All&#8217;evento, Semj\u00e9n ha detto che l&#8217;accordo del 1998 aveva resistito alla prova del tempo e il suo rinnovo era semplicemente reso necessario dai [&hellip;]<\/p>\n","protected":false},"author":3,"featured_media":0,"comment_status":"open","ping_status":"open","sticky":false,"template":"","format":"standard","meta":{"_display_image":"","footnotes":""},"categories":[1190],"tags":[1079,1311,1069],"class_list":["post-752156","post","type-post","status-publish","format-standard","hentry","category-notizie-flash","tag-governo-ungherese","tag-religione","tag-ungheria"],"blocksy_meta":[],"author_username":"becsi","telegram_post":"","public_post_metadata":{"breaking_news":"","important":"","csempe":"","center_tile":"","disable_thumbnail":"","target_lang":"","_featured_image_style":"","telegram_post":"","_xlat_group_id":""},"public_rank_math_data":{"title":"%titolo% %sep% %nomesito%","description":"","focus_keyword":"","canonical_url":"","robots":"","primary_category":"1190","breadcrumb_title":"","facebook_title":"","facebook_description":"","facebook_image":"","facebook_image_id":"","twitter_title":"","twitter_description":"","twitter_image":"","twitter_image_id":"","twitter_card_type":"","twitter_use_facebook":"","advanced_robots":"","pillar_content":"","seo_score":"","contentai_score":"","rich_snippet":""},"_links":{"self":[{"href":"https:\/\/dailynewshungary.com\/it\/wp-json\/wp\/v2\/posts\/752156","targetHints":{"allow":["GET"]}}],"collection":[{"href":"https:\/\/dailynewshungary.com\/it\/wp-json\/wp\/v2\/posts"}],"about":[{"href":"https:\/\/dailynewshungary.com\/it\/wp-json\/wp\/v2\/types\/post"}],"author":[{"embeddable":true,"href":"https:\/\/dailynewshungary.com\/it\/wp-json\/wp\/v2\/users\/3"}],"replies":[{"embeddable":true,"href":"https:\/\/dailynewshungary.com\/it\/wp-json\/wp\/v2\/comments?post=752156"}],"version-history":[{"count":0,"href":"https:\/\/dailynewshungary.com\/it\/wp-json\/wp\/v2\/posts\/752156\/revisions"}],"wp:attachment":[{"href":"https:\/\/dailynewshungary.com\/it\/wp-json\/wp\/v2\/media?parent=752156"}],"wp:term":[{"taxonomy":"category","embeddable":true,"href":"https:\/\/dailynewshungary.com\/it\/wp-json\/wp\/v2\/categories?post=752156"},{"taxonomy":"post_tag","embeddable":true,"href":"https:\/\/dailynewshungary.com\/it\/wp-json\/wp\/v2\/tags?post=752156"}],"curies":[{"name":"wp","href":"https:\/\/api.w.org\/{rel}","templated":true}]}}