{"id":752674,"date":"2021-09-03T19:30:00","date_gmt":"2021-09-03T17:30:00","guid":{"rendered":"https:\/\/dailynewshungary.com\/it\/ecco-quanti-soldi-spende-lungheria-per-un-cancello-fatto-di-dieci-tonnellate-di-corna-di-cervo\/"},"modified":"2021-09-03T19:30:00","modified_gmt":"2021-09-03T17:30:00","slug":"ecco-quanti-soldi-spende-lungheria-per-un-cancello-fatto-di-dieci-tonnellate-di-corna-di-cervo","status":"publish","type":"post","link":"https:\/\/dailynewshungary.com\/it\/ecco-quanti-soldi-spende-lungheria-per-un-cancello-fatto-di-dieci-tonnellate-di-corna-di-cervo\/","title":{"rendered":"Ecco quanti soldi spende l\u2019Ungheria per un cancello fatto di dieci tonnellate di corna di cervo!"},"content":{"rendered":"<p><strong>Il 25 settembre aprir\u00e0 la Mostra \u201cOne With Nature\u201d World of Hunting and Nature, che sar\u00e0 la pi\u00f9 grande mostra sulla natura del 2021, che tratter\u00e0 una vasta gamma di argomenti, come la caccia, la protezione della natura, gli habitat acquatici, la conservazione della natura, la biodiversit\u00e0 e l&#8217;uso sostenibile della natura L&#8217;evento \u00e8 finora costato 77 miliardi di fiorini (~EUR 220.812.872), e una delle principali attrazioni sar\u00e0 un enorme cancello composto da dieci tonnellate di corna di cervo.<\/strong><\/p>\n<p>Oltre a diorami, film, esposizioni di animali vivi e trofei speciali, il <a rel=\"noreferrer noopener\" href=\"https:\/\/onewithnature2021.org\/en\/what-will-i-be-able-to-see-at-the-exhibition\" target=\"_blank\">Esposizione\u201cOne With Nature\u201d<\/a> mostrer\u00e0 e impiegher\u00e0 anche la tecnologia pi\u00f9 recente per presentare gli argomenti sopra menzionati al grande pubblico e al pubblico specializzato di riferimento L&#8217;evento principale della mostra si terr\u00e0 presso HUNGEXPO a Budapest dal 25 settembre al 14 ottobre Oltre a questo, ci saranno diversi altri luoghi fuori dalla capitale, tra cui Hatvan, G\u00f6d\u00f6ll\u0151, Keszthely, e V\u00e1s\u00e1rosnam\u00e9ny Il messaggio pi\u00f9 importante della mostra \u00e8 che la caccia sostenibile \u00e8 la chiave per l&#8217;economia della natura.<\/p>\n<figure class=\"wp-block-image size-large\"><img loading=\"lazy\" decoding=\"async\" width=\"2581\" height=\"1721\" src=\"https:\/\/dailynewshungary.com\/wp-content\/uploads\/2021\/09\/Hungary-hunting-world-exhibition-one-with-nature-1.jpg\" alt=\"Ungheria-caccia-mostra-mondo-uno-con-natura\" class=\"wp-image-419969\" srcset=\"https:\/\/contentf5.dailynewshungary.com\/wp-content\/uploads\/2021\/09\/Hungary-hunting-world-exhibition-one-with-nature-1.jpg 2581w, https:\/\/contentf5.dailynewshungary.com\/wp-content\/uploads\/2021\/09\/Hungary-hunting-world-exhibition-one-with-nature-1-768x512.jpg 768w, https:\/\/contentf5.dailynewshungary.com\/wp-content\/uploads\/2021\/09\/Hungary-hunting-world-exhibition-one-with-nature-1-1536x1024.jpg 1536w, https:\/\/contentf5.dailynewshungary.com\/wp-content\/uploads\/2021\/09\/Hungary-hunting-world-exhibition-one-with-nature-1-2048x1366.jpg 2048w, https:\/\/contentf5.dailynewshungary.com\/wp-content\/uploads\/2021\/09\/Hungary-hunting-world-exhibition-one-with-nature-1-800x533.jpg 800w, https:\/\/contentf5.dailynewshungary.com\/wp-content\/uploads\/2021\/09\/Hungary-hunting-world-exhibition-one-with-nature-1-1160x773.jpg 1160w\" sizes=\"auto, (max-width: 2581px) 100vw, 2581px\"><figcaption>Il vice primo ministro Zsolt Semj\u00e9n, il ministro dell&#8217;Agricoltura Istv\u00e1n Nagy, Zolt\u00e1n Kov\u00e1cs, il segretario di Stato per le relazioni internazionali e le comunicazioni, B\u00e1lint Nagy, B\u00e9la Hidv\u00e9gi, R\u00f3bert P\u00e1link\u00e1s, direttore del Museo del castello di Helikon e Jen the Manninger, membro dell&#8217;Assemblea nazionale per Keszthely all&#8217;inaugurazione della nuova ala del Museo della caccia di Keszthely MTI\/Varga Gy\u00f6rgy<\/figcaption><\/figure>\n<p>Alla fine di marzo \u00e8 stato rivelato che il governo avrebbe realizzato un cancello alto 16 metri e largo 20 metri di dieci tonnellate di corna di cervo (che sar\u00e0 successivamente esposto in un importante sito turistico) per la mostra, scrive <em><a rel=\"noreferrer noopener\" aria-label=\"24.hu (opens in a new tab)\" href=\"https:\/\/24.hu\/kozelet\/2021\/04\/21\/240-millio-forintba-fog-kerulni-a-vadaszati-vilagkiallitas-agancsszobra\/\" target=\"_blank\">24.hu<\/a><\/em>. Realizzata dallo scultore Mikl\u00f3s G\u00e1bor Sz\u2193ke, quest&#8217;opera monumentale e soprattutto il suo prezzo hanno suscitato molto scalpore tra i politici e il pubblico.<\/p>\n<blockquote class=\"wp-block-quote is-layout-flow wp-block-quote-is-layout-flow\">\n<p>Questa attrazione coster\u00e0 240 milioni di fiorini (~EUR 688.557).<\/p>\n<\/blockquote>\n<p>Olivio Kocsis-Cake, membro del partito Dialogo per l&#8217;Ungheria, ha risposto a questa notizia in un <em><a rel=\"noreferrer noopener\" aria-label=\"Facebook post (opens in a new tab)\" href=\"https:\/\/www.facebook.com\/kocsiscakeolivio\/posts\/1736109603227337\" target=\"_blank\">Post su Facebook<\/a><\/em>, commentando le priorit\u00e0 del governo in uno stato di crisi sanitaria ed economica.<\/p>\n<ul class=\"wp-block-list\">\n<li><strong><a href=\"https:\/\/dailynewshungary.com\/it\/5-grandi-eventi-autunnali-in-ungheria\/\" target=\"_blank\" rel=\"noreferrer noopener\" aria-label=\"5 great autumn events in Hungary (opens in a new tab)\">5 grandi eventi autunnali in Ungheria<\/a><\/strong><\/li>\n<\/ul>\n<p>Sorge la questione se sarebbero bastate meno corna, ha detto Mikl\u00f3s G\u00e1bor Sz\u0151ke <em><a rel=\"noreferrer noopener\" aria-label=\"Index (opens in a new tab)\" href=\"https:\/\/index.hu\/kultur\/2021\/05\/06\/az-agancs-sztori-szoke-gabor-miklos-muhelyeben-jartunk\/\" target=\"_blank\">Indice<\/a><\/em> che prima, ha progettato la forma del cancello, e poi ha iniziato a sperimentare con 1 tonnellata di corna per stimare il volume finale Ha sostenuto che non sarebbe stato in grado di dare il cancello una forma di cervo adeguata con meno materiale Molte persone credevano che un gran numero di cervi devono essere uccisi per la costruzione del cancello, ma lo scultore ha spiegato che le associazioni di caccia erano costantemente raccogliere corna nelle foreste.<\/p>\n<p><em>Immagine in primo piano: https:\/\/www.facebook.com\/zoltanspox<\/em><\/p>\n","protected":false},"excerpt":{"rendered":"<p>Il 25 settembre aprir\u00e0 la Mostra \u201cOne With Nature\u201d World of Hunting and Nature, che sar\u00e0 la pi\u00f9 grande mostra sulla natura del 2021, che tratter\u00e0 una vasta gamma di argomenti, come la caccia, la protezione della natura, gli habitat acquatici, la conservazione della natura, la biodiversit\u00e0 e l&#8217;uso sostenibile della natura L&#8217;evento \u00e8 finora [&hellip;]<\/p>\n","protected":false},"author":45,"featured_media":752675,"comment_status":"open","ping_status":"open","sticky":false,"template":"","format":"standard","meta":{"_display_image":"","footnotes":""},"categories":[1207],"tags":[1378,1998,1079,1069],"class_list":["post-752674","post","type-post","status-publish","format-standard","has-post-thumbnail","hentry","category-societa-in-ungheria","tag-caccia","tag-esposizione","tag-governo-ungherese","tag-ungheria"],"blocksy_meta":[],"author_username":"Csecseinori","telegram_post":"","public_post_metadata":{"breaking_news":"","important":"","csempe":"","center_tile":"","disable_thumbnail":"","target_lang":"","_featured_image_style":"","telegram_post":"","_xlat_group_id":""},"public_rank_math_data":{"title":"%titolo% %sep% %nomesito%","description":"","focus_keyword":"","canonical_url":"","robots":"","primary_category":"1207","breadcrumb_title":"","facebook_title":"","facebook_description":"","facebook_image":"","facebook_image_id":"","twitter_title":"","twitter_description":"","twitter_image":"","twitter_image_id":"","twitter_card_type":"","twitter_use_facebook":"","advanced_robots":"","pillar_content":"","seo_score":"","contentai_score":"","rich_snippet":""},"_links":{"self":[{"href":"https:\/\/dailynewshungary.com\/it\/wp-json\/wp\/v2\/posts\/752674","targetHints":{"allow":["GET"]}}],"collection":[{"href":"https:\/\/dailynewshungary.com\/it\/wp-json\/wp\/v2\/posts"}],"about":[{"href":"https:\/\/dailynewshungary.com\/it\/wp-json\/wp\/v2\/types\/post"}],"author":[{"embeddable":true,"href":"https:\/\/dailynewshungary.com\/it\/wp-json\/wp\/v2\/users\/45"}],"replies":[{"embeddable":true,"href":"https:\/\/dailynewshungary.com\/it\/wp-json\/wp\/v2\/comments?post=752674"}],"version-history":[{"count":0,"href":"https:\/\/dailynewshungary.com\/it\/wp-json\/wp\/v2\/posts\/752674\/revisions"}],"wp:featuredmedia":[{"embeddable":true,"href":"https:\/\/dailynewshungary.com\/it\/wp-json\/wp\/v2\/media\/752675"}],"wp:attachment":[{"href":"https:\/\/dailynewshungary.com\/it\/wp-json\/wp\/v2\/media?parent=752674"}],"wp:term":[{"taxonomy":"category","embeddable":true,"href":"https:\/\/dailynewshungary.com\/it\/wp-json\/wp\/v2\/categories?post=752674"},{"taxonomy":"post_tag","embeddable":true,"href":"https:\/\/dailynewshungary.com\/it\/wp-json\/wp\/v2\/tags?post=752674"}],"curies":[{"name":"wp","href":"https:\/\/api.w.org\/{rel}","templated":true}]}}