{"id":752745,"date":"2021-09-01T16:30:00","date_gmt":"2021-09-01T14:30:00","guid":{"rendered":"https:\/\/dailynewshungary.com\/it\/budapest-non-ospitera-i-campionati-di-atletica-in-questo-caso\/"},"modified":"2021-09-01T16:30:00","modified_gmt":"2021-09-01T14:30:00","slug":"budapest-non-ospitera-i-campionati-di-atletica-in-questo-caso","status":"publish","type":"post","link":"https:\/\/dailynewshungary.com\/it\/budapest-non-ospitera-i-campionati-di-atletica-in-questo-caso\/","title":{"rendered":"Budapest non ospiter\u00e0 i campionati di atletica in questo caso!"},"content":{"rendered":"<p><strong>Mercoled\u00ec l&#8217;assemblea metropolitana di Budapest ha approvato una proposta che dichiara che la citt\u00e0 non ospiter\u00e0 i Campionati mondiali di atletica leggera 2023 se il governo approver\u00e0 la costruzione di un campus per l&#8217;Universit\u00e0 cinese di Fudan al posto di un quartiere studentesco nel 9\u00b0 distretto della capitale.<\/strong><\/p>\n<p>La proposta, adottata con 18 voti favorevoli e 13 contrari, impone inoltre al governo di garantire la continuazione del programma Healthy Budapest.<\/p>\n<p>Il sindaco di Budapest Gergely Kar\u00e1csony, che ha presentato la mozione, ha affermato che il consiglio comunale ha approvato la citt\u00e0 che organizza i Campionati mondiali di atletica leggera in un precedente accordo con il governo. Quell&#8217;accordo copriva anche sviluppi come la continuazione del programma Healthy Budapest e la costruzione del quartiere studentesco nel 9\u00b0 distretto, ha detto. Karacsony ha insistito, tuttavia, che<\/p>\n<blockquote>\n<p>il governo aveva violato tale accordo approvando la legge sulla creazione di una fondazione per gestire il campus locale dell&#8217;Universit\u00e0 di Fudan.<\/p>\n<\/blockquote>\n<p>Il sindaco ha detto che tutto ci\u00f2 che il consiglio comunale potrebbe fare in questo caso \u00e8 rendere il pi\u00f9 chiaro possibile il fatto che Budapest onorer\u00e0 l&#8217;accordo con il governo, aggiungendo che l&#8217;abolizione dei piani per costruire il quartiere studentesco innescherebbe un processo irreversibile.<\/p>\n<div style=\"text-align: center;\"><a href=\"https:\/\/dailynewshungary.com\/it\/il-candidato-del-primo-ministro-dellopposizione-vuole-annullare-il-progetto-fudan\/\">Il candidato del Primo Ministro dell&#8217;opposizione vuole annullare il progetto Fudan!<\/a> <\/div>\n<p>Riferendosi ai suoi colloqui con l&#8217;Associazione Internazionale della Federazione di Atletica Leggera (IAAF), Kar\u00e1csony ha detto che \u00e8 chiaro che<\/p>\n<blockquote>\n<p>I campionati mondiali di \u201c non si svolgono in una citt\u00e0 che non supporta l&#8217;evento\u201d.<\/p>\n<\/blockquote>\n<p>L&#8217;assemblea ha autorizzato il sindaco a informare la IAAF della decisione nel caso in cui il governo avesse trasferito il sito su cui dovrebbe essere costruito il complesso studentesco al progetto Fudan. L&#8217;assemblea ha inoltre invitato il governo a non portare avanti il progetto Fudan prima che si tenesse un referendum sul progetto contestato.<\/p>\n<p>I deputati dei partiti al potere hanno affermato che il ritiro del sostegno della citt\u00e0 dai campionati non ha alcuna rilevanza giuridica\u201d.<\/p>\n<blockquote>\n<p>Per quanto riguarda il programma sanitario, hanno affermato che sono in atto i finanziamenti necessari, ma \u201cci sono ritardi nei pagamenti\u201d.<\/p>\n<\/blockquote>\n<div style=\"text-align: center;\"><a href=\"https:\/\/dailynewshungary.com\/it\/richiesta-presentata-per-registrare-la-fondazione-a-sostegno-delluniversita-cinese-di-fudan\/\">Richiesta presentata per registrare la fondazione a sostegno dell&#8217;Universit\u00e0 cinese di Fudan<\/a> <\/div>\n","protected":false},"excerpt":{"rendered":"<p>Mercoled\u00ec l&#8217;assemblea metropolitana di Budapest ha approvato una proposta che dichiara che la citt\u00e0 non ospiter\u00e0 i Campionati mondiali di atletica leggera 2023 se il governo approver\u00e0 la costruzione di un campus per l&#8217;Universit\u00e0 cinese di Fudan al posto di un quartiere studentesco nel 9\u00b0 distretto della capitale. La proposta, adottata con 18 voti favorevoli [&hellip;]<\/p>\n","protected":false},"author":50,"featured_media":752746,"comment_status":"open","ping_status":"open","sticky":false,"template":"","format":"standard","meta":{"_display_image":"","footnotes":""},"categories":[1185],"tags":[1158,1629,1079,1069],"class_list":["post-752745","post","type-post","status-publish","format-standard","has-post-thumbnail","hentry","category-politica-in-ungheria","tag-budapest","tag-campionati-del-mondo-di-atletica-leggera-2023-a-budapest","tag-governo-ungherese","tag-ungheria"],"blocksy_meta":[],"author_username":"dnh","telegram_post":"","public_post_metadata":{"breaking_news":"","important":"","csempe":"","center_tile":"","disable_thumbnail":"","target_lang":"","_featured_image_style":"","telegram_post":"","_xlat_group_id":""},"public_rank_math_data":{"title":"%titolo% %sep% %nomesito%","description":"","focus_keyword":"","canonical_url":"","robots":"","primary_category":"1185","breadcrumb_title":"","facebook_title":"","facebook_description":"","facebook_image":"","facebook_image_id":"","twitter_title":"","twitter_description":"","twitter_image":"","twitter_image_id":"","twitter_card_type":"","twitter_use_facebook":"","advanced_robots":"","pillar_content":"","seo_score":"","contentai_score":"","rich_snippet":""},"_links":{"self":[{"href":"https:\/\/dailynewshungary.com\/it\/wp-json\/wp\/v2\/posts\/752745","targetHints":{"allow":["GET"]}}],"collection":[{"href":"https:\/\/dailynewshungary.com\/it\/wp-json\/wp\/v2\/posts"}],"about":[{"href":"https:\/\/dailynewshungary.com\/it\/wp-json\/wp\/v2\/types\/post"}],"author":[{"embeddable":true,"href":"https:\/\/dailynewshungary.com\/it\/wp-json\/wp\/v2\/users\/50"}],"replies":[{"embeddable":true,"href":"https:\/\/dailynewshungary.com\/it\/wp-json\/wp\/v2\/comments?post=752745"}],"version-history":[{"count":0,"href":"https:\/\/dailynewshungary.com\/it\/wp-json\/wp\/v2\/posts\/752745\/revisions"}],"wp:featuredmedia":[{"embeddable":true,"href":"https:\/\/dailynewshungary.com\/it\/wp-json\/wp\/v2\/media\/752746"}],"wp:attachment":[{"href":"https:\/\/dailynewshungary.com\/it\/wp-json\/wp\/v2\/media?parent=752745"}],"wp:term":[{"taxonomy":"category","embeddable":true,"href":"https:\/\/dailynewshungary.com\/it\/wp-json\/wp\/v2\/categories?post=752745"},{"taxonomy":"post_tag","embeddable":true,"href":"https:\/\/dailynewshungary.com\/it\/wp-json\/wp\/v2\/tags?post=752745"}],"curies":[{"name":"wp","href":"https:\/\/api.w.org\/{rel}","templated":true}]}}