{"id":752879,"date":"2021-08-27T21:15:00","date_gmt":"2021-08-27T19:15:00","guid":{"rendered":"https:\/\/dailynewshungary.com\/it\/il-primo-ministro-calvinista-ungherese-orban-partecipera-allincontro-dei-legislatori-cattolici-a-roma\/"},"modified":"2021-08-27T21:15:00","modified_gmt":"2021-08-27T19:15:00","slug":"il-primo-ministro-calvinista-ungherese-orban-partecipera-allincontro-dei-legislatori-cattolici-a-roma","status":"publish","type":"post","link":"https:\/\/dailynewshungary.com\/it\/il-primo-ministro-calvinista-ungherese-orban-partecipera-allincontro-dei-legislatori-cattolici-a-roma\/","title":{"rendered":"Il primo ministro calvinista ungherese Orb\u00e1n parteciper\u00e0 all\u2019incontro dei legislatori cattolici a Roma"},"content":{"rendered":"<p><strong>Il primo ministro Viktor Orb\u00e1n si \u00e8 recato a Roma per partecipare all&#8217;incontro annuale dei legislatori cattolici, ha detto venerd\u00ec il suo capo della stampa.<\/strong><\/p>\n<p>La dodicesima conferenza annuale \u00e8 organizzata nella capitale italiana e nella vicina citt\u00e0 di Frascati, ha detto Bertalan Havasi.<\/p>\n<p><a class=\"editor-rtfLink\" href=\"https:\/\/assets.4cdn.hu\/kraken\/7dycXjGeqgF0BcFUs.jpeg\" target=\"_blank\" rel=\"noopener noreferrer\"><span data-preserver-spaces=\"true\">444.hu<\/span><\/a><span data-preserver-spaces=\"true\">&nbsp;pubblicato una foto prima di mostrare il PM Orb\u00e1n con la sua famiglia sulla terrazza di un caff\u00e8 a Roma Secondo&nbsp;<\/span><a class=\"editor-rtfLink\" href=\"https:\/\/index.hu\/kulfold\/2021\/08\/27\/orban-viktor-olaszorszg-roma-vkacio-2021\/\" target=\"_blank\" rel=\"noopener noreferrer\"><span data-preserver-spaces=\"true\">indice.hu<\/span><\/a><span data-preserver-spaces=\"true\">, ha preso parte anche al raduno del 2019 della Rete internazionale dei legislatori cattolici. Nel 2020 l\u2019evento non \u00e8 stato organizzato a causa dell\u2019epidemia.<\/span><\/p>\n<div style=\"text-align: center;\"><a href=\"https:\/\/dailynewshungary.com\/it\/opposizione-per-risarcire-il-padrino-di-gaspar-e-rahel-orban\/\">Opposizione per risarcire il padrino di G\u00e1sp\u00e1r e R\u00e1hel Orb\u00e1n!<\/a><\/div>\n<div>&nbsp;<\/div>\n<div>Fonte: MTI<\/div>\n","protected":false},"excerpt":{"rendered":"<p>Il primo ministro Viktor Orb\u00e1n si \u00e8 recato a Roma per partecipare all&#8217;incontro annuale dei legislatori cattolici, ha detto venerd\u00ec il suo capo della stampa. La dodicesima conferenza annuale \u00e8 organizzata nella capitale italiana e nella vicina citt\u00e0 di Frascati, ha detto Bertalan Havasi. 444.hu&nbsp;pubblicato una foto prima di mostrare il PM Orb\u00e1n con la [&hellip;]<\/p>\n","protected":false},"author":70,"featured_media":0,"comment_status":"open","ping_status":"open","sticky":false,"template":"","format":"standard","meta":{"_display_image":"","footnotes":""},"categories":[1190],"tags":[1079,1267,1069,1083],"class_list":["post-752879","post","type-post","status-publish","format-standard","hentry","category-notizie-flash","tag-governo-ungherese","tag-italia","tag-ungheria","tag-viktor-orban"],"blocksy_meta":[],"author_username":"rekan","telegram_post":"","public_post_metadata":{"breaking_news":"","important":"","csempe":"","center_tile":"","disable_thumbnail":"","target_lang":"","_featured_image_style":"","telegram_post":"","_xlat_group_id":""},"public_rank_math_data":{"title":"%titolo% %sep% %nomesito%","description":"","focus_keyword":"","canonical_url":"","robots":"","primary_category":"1190","breadcrumb_title":"","facebook_title":"","facebook_description":"","facebook_image":"","facebook_image_id":"","twitter_title":"","twitter_description":"","twitter_image":"","twitter_image_id":"","twitter_card_type":"","twitter_use_facebook":"","advanced_robots":"","pillar_content":"","seo_score":"","contentai_score":"","rich_snippet":""},"_links":{"self":[{"href":"https:\/\/dailynewshungary.com\/it\/wp-json\/wp\/v2\/posts\/752879","targetHints":{"allow":["GET"]}}],"collection":[{"href":"https:\/\/dailynewshungary.com\/it\/wp-json\/wp\/v2\/posts"}],"about":[{"href":"https:\/\/dailynewshungary.com\/it\/wp-json\/wp\/v2\/types\/post"}],"author":[{"embeddable":true,"href":"https:\/\/dailynewshungary.com\/it\/wp-json\/wp\/v2\/users\/70"}],"replies":[{"embeddable":true,"href":"https:\/\/dailynewshungary.com\/it\/wp-json\/wp\/v2\/comments?post=752879"}],"version-history":[{"count":0,"href":"https:\/\/dailynewshungary.com\/it\/wp-json\/wp\/v2\/posts\/752879\/revisions"}],"wp:attachment":[{"href":"https:\/\/dailynewshungary.com\/it\/wp-json\/wp\/v2\/media?parent=752879"}],"wp:term":[{"taxonomy":"category","embeddable":true,"href":"https:\/\/dailynewshungary.com\/it\/wp-json\/wp\/v2\/categories?post=752879"},{"taxonomy":"post_tag","embeddable":true,"href":"https:\/\/dailynewshungary.com\/it\/wp-json\/wp\/v2\/tags?post=752879"}],"curies":[{"name":"wp","href":"https:\/\/api.w.org\/{rel}","templated":true}]}}