{"id":753629,"date":"2021-07-27T09:30:00","date_gmt":"2021-07-27T07:30:00","guid":{"rendered":"https:\/\/dailynewshungary.com\/it\/i-parlamentari-dellopposizione-chiedono-al-governo-orban-di-dimettersi-alla-manifestazione-di-budapest\/"},"modified":"2021-07-27T09:30:00","modified_gmt":"2021-07-27T07:30:00","slug":"i-parlamentari-dellopposizione-chiedono-al-governo-orban-di-dimettersi-alla-manifestazione-di-budapest","status":"publish","type":"post","link":"https:\/\/dailynewshungary.com\/it\/i-parlamentari-dellopposizione-chiedono-al-governo-orban-di-dimettersi-alla-manifestazione-di-budapest\/","title":{"rendered":"I parlamentari dell\u2019opposizione chiedono al governo Orb\u00e1n di dimettersi alla manifestazione di Budapest"},"content":{"rendered":"<p><strong>Luned\u00ec scorso i legislatori dell&#8217;opposizione hanno tenuto una manifestazione nel centro di Budapest, accusando il governo di spiare le persone \u201c per aver pensato in modo critico al regime e aver posto domande critiche\u201d.<\/strong><\/p>\n<p>Riferendosi alle notizie di stampa secondo cui dietro gli hack spyware dei dispositivi di centinaia di giornalisti, politici e altri personaggi pubblici ungheresi che utilizzano spyware israeliani potrebbe esserci il governo ungherese, Anna Don\u00e1th, eurodeputata del Movimento Momentum, ha dichiarato: \u201cViviamo in un stato di sorveglianza\u201d.<\/p>\n<p>Gergely Arat\u00f3 della Coalizione Democratica ha affermato che un governo che spiava i propri cittadini non aveva dimestichezza con i valori europei. Ha detto che la posta in gioco nelle elezioni generali del 2022 era \u201cOrban o Europe\u201d.<\/p>\n<p>\u00d6rs Tetlak dei liberali ha detto<\/p>\n<blockquote>\n<p>\u201ci responsabili&#8230; dovrebbero essere ritenuti responsabili e questo governo deve andare.\u201d<\/p>\n<\/blockquote>\n<p>D\u00e1niel K\u00e1rp\u00e1t Z di Jobbik ha affermato che il fatto che i legislatori del partito al governo abbiano boicottato una riunione del consiglio di sicurezza nazionale del parlamento, abbandonata luned\u00ec per mancanza del quorum, equivale a una confessione di colpevolezza.\u201d<\/p>\n<p>Lo ha detto il deputato socialista Gergely B\u00e1r\u00e1ndy<\/p>\n<blockquote>\n<p>il caso Pegasus \u00e8 stato un&#8217;altra tappa scandalosa negli sforzi in corso del governo dal 2010 per spingere l&#8217;Ungheria pi\u00f9 vicino ai regimi orientali.\u201d<\/p>\n<\/blockquote>\n<p>D\u00e1vid Dorosz di P\u00e1rbesz\u00e9d ha detto che il governo pagher\u00e0 il prezzo della tratta per lo scandalo nelle elezioni del prossimo anno.<\/p>\n<p>La manifestazione \u00e8 iniziata al Museo della Casa del Terrore in via Andr\u00e1ssy e ha marciato verso il quartier generale di Fidesz in Piazza degli Eroi, con la folla che portava striscioni e cartelli e le bandiere dei partiti di opposizione.<\/p>\n<ul>\n<li>leggi altre notizie su <a href=\"https:\/\/dailynewshungary.com\/it\/la-grande-rapina-al-treno-britannico-come-una-banda-di-15-uomini-rubo-26-milioni-di-sterline-nel-1963\/\" target=\"_blank\" rel=\"noopener noreferrer\">Scandalo spyware di Pegasus<\/a><\/li>\n<\/ul>\n","protected":false},"excerpt":{"rendered":"<p>Luned\u00ec scorso i legislatori dell&#8217;opposizione hanno tenuto una manifestazione nel centro di Budapest, accusando il governo di spiare le persone \u201c per aver pensato in modo critico al regime e aver posto domande critiche\u201d. Riferendosi alle notizie di stampa secondo cui dietro gli hack spyware dei dispositivi di centinaia di giornalisti, politici e altri personaggi [&hellip;]<\/p>\n","protected":false},"author":2,"featured_media":753630,"comment_status":"open","ping_status":"open","sticky":false,"template":"","format":"standard","meta":{"_display_image":"","footnotes":""},"categories":[1185],"tags":[1158,1093,1539,1079,1165,1474,2271,1069],"class_list":["post-753629","post","type-post","status-publish","format-standard","has-post-thumbnail","hentry","category-politica-in-ungheria","tag-budapest","tag-coalizione-democratica","tag-dialogo-per-lungheria","tag-governo-ungherese","tag-manifestazione","tag-movimento-per-lo-slancio","tag-scandalo-dello-spyware-pegasus","tag-ungheria"],"blocksy_meta":[],"author_username":"alk","telegram_post":"","public_post_metadata":{"breaking_news":"","important":"","csempe":"","center_tile":"","disable_thumbnail":"","target_lang":"","_featured_image_style":"","telegram_post":"","_xlat_group_id":""},"public_rank_math_data":{"title":"%titolo% %sep% %nomesito%","description":"","focus_keyword":"","canonical_url":"","robots":"","primary_category":"1185","breadcrumb_title":"","facebook_title":"","facebook_description":"","facebook_image":"","facebook_image_id":"","twitter_title":"","twitter_description":"","twitter_image":"","twitter_image_id":"","twitter_card_type":"","twitter_use_facebook":"","advanced_robots":"","pillar_content":"","seo_score":"","contentai_score":"","rich_snippet":""},"_links":{"self":[{"href":"https:\/\/dailynewshungary.com\/it\/wp-json\/wp\/v2\/posts\/753629","targetHints":{"allow":["GET"]}}],"collection":[{"href":"https:\/\/dailynewshungary.com\/it\/wp-json\/wp\/v2\/posts"}],"about":[{"href":"https:\/\/dailynewshungary.com\/it\/wp-json\/wp\/v2\/types\/post"}],"author":[{"embeddable":true,"href":"https:\/\/dailynewshungary.com\/it\/wp-json\/wp\/v2\/users\/2"}],"replies":[{"embeddable":true,"href":"https:\/\/dailynewshungary.com\/it\/wp-json\/wp\/v2\/comments?post=753629"}],"version-history":[{"count":0,"href":"https:\/\/dailynewshungary.com\/it\/wp-json\/wp\/v2\/posts\/753629\/revisions"}],"wp:featuredmedia":[{"embeddable":true,"href":"https:\/\/dailynewshungary.com\/it\/wp-json\/wp\/v2\/media\/753630"}],"wp:attachment":[{"href":"https:\/\/dailynewshungary.com\/it\/wp-json\/wp\/v2\/media?parent=753629"}],"wp:term":[{"taxonomy":"category","embeddable":true,"href":"https:\/\/dailynewshungary.com\/it\/wp-json\/wp\/v2\/categories?post=753629"},{"taxonomy":"post_tag","embeddable":true,"href":"https:\/\/dailynewshungary.com\/it\/wp-json\/wp\/v2\/tags?post=753629"}],"curies":[{"name":"wp","href":"https:\/\/api.w.org\/{rel}","templated":true}]}}