{"id":754113,"date":"2021-07-11T09:00:00","date_gmt":"2021-07-11T07:00:00","guid":{"rendered":"https:\/\/dailynewshungary.com\/it\/fidesz-sullue-la-democrazia-e-in-pericolo\/"},"modified":"2021-07-11T09:00:00","modified_gmt":"2021-07-11T07:00:00","slug":"fidesz-sullue-la-democrazia-e-in-pericolo","status":"publish","type":"post","link":"https:\/\/dailynewshungary.com\/it\/fidesz-sullue-la-democrazia-e-in-pericolo\/","title":{"rendered":"Fidesz sull\u2019Ue: la democrazia \u00e8 in pericolo"},"content":{"rendered":"<p><strong>Le basi dell&#8217;Unione europea democratica oggi rischiano di essere superate da un&#8217;unione federale, creata senza legittimit\u00e0 e contro la volont\u00e0 degli Stati membri e dei loro cittadini, ha detto l&#8217;eurodeputato di Fidesz L\u00e1szl\u00f3 Tr\u00f3cs\u00e1nyi in un articolo pubblicato sabato sul quotidiano Magyar Nemzet.<\/strong><\/p>\n<p>Tr\u00f3cs\u00e1nyi ha preso atto di una recente lettera aperta sulla Frankfurter Allgemeine Zeitung firmata da 30 giudici costituzionali tedeschi che chiede alla Commissione europea di abbandonare una procedura di infrazione contro la Germania La procedura \u00e8 stata avviata in risposta a una decisione della Corte costituzionale tedesca dello scorso anno, secondo cui le corti costituzionali nazionali dovrebbero mantenere il diritto di rivedere le misure dell&#8217;UE per proteggere la loro identit\u00e0 costituzionale. Altrimenti, l\u2019UE avrebbe mano libera nel privare gradualmente gli Stati membri delle loro competenze, ha affermato.<\/p>\n<p>\u201cAlla fine, ci\u00f2 potrebbe portare all&#8217;emergere di un&#8217;Unione europea federale priva di legittimit\u00e0, contro la volont\u00e0 degli Stati membri e dei loro cittadini Se la CE rifiuta di abbandonare la procedura di infrazione [contro la Germania], i trattati, lo stato di diritto e la democrazia europea, e &#8230;<\/p>\n<blockquote>\n<p>L&#8217;integrazione europea sar\u00e0 messa a rischio,\u201d<\/p>\n<\/blockquote>\n<p>Tr\u00f3cs\u00e1nyi ha detto.<\/p>\n<p>Mentre il diritto europeo deriva da un consenso tra gli Stati membri, il suo primato sulla legislazione statale era qualcosa che la Corte di diritto europea afferm\u00f2 negli anni &#8217;60 per consolidare il proprio potere e preparare il terreno per assumere furtivamente i diritti degli Stati, ha detto\u201d.<\/p>\n<p>Ha affermato che il primato assoluto del diritto dell\u2019UE, tuttavia, porterebbe i tribunali nazionali a trasformarsi in \u201ctiny Luxembourg courts\u201d, il che \u00e8 contrario alla volont\u00e0 degli Stati membri:<\/p>\n<blockquote>\n<p>L\u2019UE \u00e8 stata costruita sul consenso e sulla cooperazione, non sul governo federale<\/p>\n<\/blockquote>\n<p>ha detto. Inoltre, decenni passati hanno dimostrato che la Corte europea non pu\u00f2 garantire che le competenze dell&#8217;UE siano contenute, che prevalga la sussidiariet\u00e0 o che le identit\u00e0 costituzionali degli Stati membri siano rispettate, ha affermato.<\/p>\n<ul>\n<li><a href=\"https:\/\/dailynewshungary.com\/it\/gli-eurodeputati-di-fidesz-hanno-votato-nuovamente-a-favore-della-cina-al-parlamento-europeo\/\">Gli eurodeputati di Fidesz hanno votato nuovamente a favore della Cina al Parlamento europeo<\/a><\/li>\n<\/ul>\n","protected":false},"excerpt":{"rendered":"<p>Le basi dell&#8217;Unione europea democratica oggi rischiano di essere superate da un&#8217;unione federale, creata senza legittimit\u00e0 e contro la volont\u00e0 degli Stati membri e dei loro cittadini, ha detto l&#8217;eurodeputato di Fidesz L\u00e1szl\u00f3 Tr\u00f3cs\u00e1nyi in un articolo pubblicato sabato sul quotidiano Magyar Nemzet. Tr\u00f3cs\u00e1nyi ha preso atto di una recente lettera aperta sulla Frankfurter Allgemeine [&hellip;]<\/p>\n","protected":false},"author":50,"featured_media":754114,"comment_status":"open","ping_status":"open","sticky":false,"template":"","format":"standard","meta":{"_display_image":"","footnotes":""},"categories":[1185],"tags":[1078,1079,1069,1075],"class_list":["post-754113","post","type-post","status-publish","format-standard","has-post-thumbnail","hentry","category-politica-in-ungheria","tag-fidesz","tag-governo-ungherese","tag-ungheria","tag-unione-europea"],"blocksy_meta":[],"author_username":"dnh","telegram_post":"","public_post_metadata":{"breaking_news":"","important":"","csempe":"","center_tile":"","disable_thumbnail":"","target_lang":"","_featured_image_style":"","telegram_post":"","_xlat_group_id":""},"public_rank_math_data":{"title":"%titolo% %sep% %nomesito%","description":"","focus_keyword":"","canonical_url":"","robots":"","primary_category":"1185","breadcrumb_title":"","facebook_title":"","facebook_description":"","facebook_image":"","facebook_image_id":"","twitter_title":"","twitter_description":"","twitter_image":"","twitter_image_id":"","twitter_card_type":"","twitter_use_facebook":"","advanced_robots":"","pillar_content":"","seo_score":"","contentai_score":"","rich_snippet":""},"_links":{"self":[{"href":"https:\/\/dailynewshungary.com\/it\/wp-json\/wp\/v2\/posts\/754113","targetHints":{"allow":["GET"]}}],"collection":[{"href":"https:\/\/dailynewshungary.com\/it\/wp-json\/wp\/v2\/posts"}],"about":[{"href":"https:\/\/dailynewshungary.com\/it\/wp-json\/wp\/v2\/types\/post"}],"author":[{"embeddable":true,"href":"https:\/\/dailynewshungary.com\/it\/wp-json\/wp\/v2\/users\/50"}],"replies":[{"embeddable":true,"href":"https:\/\/dailynewshungary.com\/it\/wp-json\/wp\/v2\/comments?post=754113"}],"version-history":[{"count":0,"href":"https:\/\/dailynewshungary.com\/it\/wp-json\/wp\/v2\/posts\/754113\/revisions"}],"wp:featuredmedia":[{"embeddable":true,"href":"https:\/\/dailynewshungary.com\/it\/wp-json\/wp\/v2\/media\/754114"}],"wp:attachment":[{"href":"https:\/\/dailynewshungary.com\/it\/wp-json\/wp\/v2\/media?parent=754113"}],"wp:term":[{"taxonomy":"category","embeddable":true,"href":"https:\/\/dailynewshungary.com\/it\/wp-json\/wp\/v2\/categories?post=754113"},{"taxonomy":"post_tag","embeddable":true,"href":"https:\/\/dailynewshungary.com\/it\/wp-json\/wp\/v2\/tags?post=754113"}],"curies":[{"name":"wp","href":"https:\/\/api.w.org\/{rel}","templated":true}]}}