{"id":754150,"date":"2021-07-09T19:15:00","date_gmt":"2021-07-09T17:15:00","guid":{"rendered":"https:\/\/dailynewshungary.com\/it\/ecco-i-dettagli-del-nuovo-regolamento-sulluso-della-maschera-in-ungheria\/"},"modified":"2021-07-09T19:15:00","modified_gmt":"2021-07-09T17:15:00","slug":"ecco-i-dettagli-del-nuovo-regolamento-sulluso-della-maschera-in-ungheria","status":"publish","type":"post","link":"https:\/\/dailynewshungary.com\/it\/ecco-i-dettagli-del-nuovo-regolamento-sulluso-della-maschera-in-ungheria\/","title":{"rendered":"Ecco i dettagli del nuovo regolamento sull\u2019uso della maschera in Ungheria"},"content":{"rendered":"<p><strong>Le nuove regole per indossare la maschera sono state ufficialmente pubblicate sulla Gazzetta ungherese Come probabilmente sapete (e vedete), l&#8217;Ungheria ha introdotto un ulteriore allentamento dopo aver superato i 5 milioni di inocculati 5 milioni tra gli altri, non avete pi\u00f9 da indossare una maschera in diversi punti Ecco i dettagli.<\/strong><\/p>\n<p>Le maschere non sono pi\u00f9 obbligatorie all\u2019interno o all\u2019esterno. Inoltre, anche l\u2019uso delle mascherine sui trasporti pubblici non \u00e8 pi\u00f9 obbligatorio, sebbene la norma rimanga in vigore negli ambienti di assistenza sociale e negli ospedali.<\/p>\n<p>Secondo il regolamento, \u201ctutti in un istituto sanitario devono indossare una maschera medica, una maschera di sicurezza o una maschera in tessuto o altro materiale in modo tale da coprire permanentemente il naso e la bocca\u201d.<\/p>\n<blockquote>\n<p>I pazienti in un istituto sanitario non sono tenuti a indossare una maschera nel reparto in cui vengono assistiti.<\/p>\n<\/blockquote>\n<p><a href=\"https:\/\/index.hu\/belfold\/2021\/07\/08\/kijottek-az-uj-maszkviselesi-szabalyok-fontos-reszletek-a-rendeletben\/\" target=\"_blank\" rel=\"noopener\">Indice<\/a> sottolinea che i bambini di et\u00e0 inferiore ai sei anni e le persone con disabilit\u00e0 intellettiva o psicosociale non sono tenuti a indossare una maschera.<\/p>\n<p>Inoltre, gli operatori sanitari non sono tenuti a indossare una maschera nelle stanze non di degenza non aperte al traffico dei pazienti, negli uffici e in altri luoghi di lavoro.<\/p>\n<p>Quando si riceve un visitatore che non \u00e8 una persona protetta in un istituto sociale, i dipendenti (dipendenti) in occasione di programmi comunitari durante il soggiorno in spazi comunitari (&#8220;community spaces&#8221;) e qualsiasi persona presente per altri scopi \u00e8 obbligata a indossare una maschera che copra il naso e la bocca.<\/p>\n<ul>\n<li><strong><a href=\"https:\/\/dailynewshungary.com\/it\/non-buttarli-via-le-maschere-potrebbero-tornare-in-autunno-in-ungheria\/\">Non buttarli via: le maschere potrebbero tornare in autunno in Ungheria?<\/a><\/strong><\/li>\n<\/ul>\n<h4 class=\"titleNews\"><span id=\"ctl00_ContentPlaceHolder1_ctrlNewsControl_lbNewsTitle\">Il governo approva ulteriori proposte per accelerare la ripresa economica<\/span><\/h4>\n<div>\n<p>Il governo ungherese ha approvato altre sette misure per accelerare la ripresa economica, ha detto gioved\u00ec il ministro degli Affari esteri e del commercio P\u00e9ter Szijj\u00e1rt\u00f3 durante una visita ufficiale a Belgrado.<\/p>\n<p>Le misure sono state proposte dal comitato operativo per il coordinamento della ripresa economica, di cui Szijj\u00e1rt\u00f3 \u00e8 a capo.<\/p>\n<blockquote>\n<p>Una misura consente ai lavoratori qualificati provenienti da paesi extra-UE che non sono tra i vicini dell&#8217;Ungheria di lavorare in Ungheria attraverso agenzie di personale temporaneo, ha affermato.<\/p>\n<\/blockquote>\n<p>Un altro elimina tutti gli ostacoli burocratici per l\u2019accesso ai sussidi per la creazione di posti di lavoro se le aziende assumono persone in cerca di lavoro registrate, ha aggiunto.<\/p>\n<p>Le misure riducono inoltre del 50% le spese notarili per le PMI che contraggono prestiti e riducono il costo del lavoro archeologico necessario prima che gli investimenti possano iniziare, ha affermato.<\/p>\n<p>Il governo ha approvato un programma Magyar Eximbank per finanziare le acquisizioni di aziende ungheresi all&#8217;estero e un altro per sostenere investimenti rispettosi dell&#8217;ambiente e sostenibili, ha aggiunto.<\/p>\n<\/div>\n","protected":false},"excerpt":{"rendered":"<p>Le nuove regole per indossare la maschera sono state ufficialmente pubblicate sulla Gazzetta ungherese Come probabilmente sapete (e vedete), l&#8217;Ungheria ha introdotto un ulteriore allentamento dopo aver superato i 5 milioni di inocculati 5 milioni tra gli altri, non avete pi\u00f9 da indossare una maschera in diversi punti Ecco i dettagli. Le maschere non sono [&hellip;]<\/p>\n","protected":false},"author":33,"featured_media":754151,"comment_status":"open","ping_status":"open","sticky":false,"template":"","format":"standard","meta":{"_display_image":"","footnotes":""},"categories":[1207],"tags":[1590,1079,1473,1196,1069,1792,2229],"class_list":["post-754150","post","type-post","status-publish","format-standard","has-post-thumbnail","hentry","category-societa-in-ungheria","tag-coronavirus-in-ungheria","tag-governo-ungherese","tag-legge","tag-sistema-sanitario-ungherese","tag-ungheria","tag-vaccino-contro-il-coronavirus-in-ungheria","tag-vaccino-contro-il-covid-19"],"blocksy_meta":[],"author_username":"ugyelet","telegram_post":"","public_post_metadata":{"breaking_news":"","important":"","csempe":"","center_tile":"","disable_thumbnail":"","target_lang":"","_featured_image_style":"","telegram_post":"","_xlat_group_id":""},"public_rank_math_data":{"title":"%titolo% %sep% %nomesito%","description":"","focus_keyword":"","canonical_url":"","robots":"","primary_category":"1207","breadcrumb_title":"","facebook_title":"","facebook_description":"","facebook_image":"","facebook_image_id":"","twitter_title":"","twitter_description":"","twitter_image":"","twitter_image_id":"","twitter_card_type":"","twitter_use_facebook":"","advanced_robots":"","pillar_content":"","seo_score":"","contentai_score":"","rich_snippet":""},"_links":{"self":[{"href":"https:\/\/dailynewshungary.com\/it\/wp-json\/wp\/v2\/posts\/754150","targetHints":{"allow":["GET"]}}],"collection":[{"href":"https:\/\/dailynewshungary.com\/it\/wp-json\/wp\/v2\/posts"}],"about":[{"href":"https:\/\/dailynewshungary.com\/it\/wp-json\/wp\/v2\/types\/post"}],"author":[{"embeddable":true,"href":"https:\/\/dailynewshungary.com\/it\/wp-json\/wp\/v2\/users\/33"}],"replies":[{"embeddable":true,"href":"https:\/\/dailynewshungary.com\/it\/wp-json\/wp\/v2\/comments?post=754150"}],"version-history":[{"count":0,"href":"https:\/\/dailynewshungary.com\/it\/wp-json\/wp\/v2\/posts\/754150\/revisions"}],"wp:featuredmedia":[{"embeddable":true,"href":"https:\/\/dailynewshungary.com\/it\/wp-json\/wp\/v2\/media\/754151"}],"wp:attachment":[{"href":"https:\/\/dailynewshungary.com\/it\/wp-json\/wp\/v2\/media?parent=754150"}],"wp:term":[{"taxonomy":"category","embeddable":true,"href":"https:\/\/dailynewshungary.com\/it\/wp-json\/wp\/v2\/categories?post=754150"},{"taxonomy":"post_tag","embeddable":true,"href":"https:\/\/dailynewshungary.com\/it\/wp-json\/wp\/v2\/tags?post=754150"}],"curies":[{"name":"wp","href":"https:\/\/api.w.org\/{rel}","templated":true}]}}