{"id":754383,"date":"2021-07-02T11:30:00","date_gmt":"2021-07-02T09:30:00","guid":{"rendered":"https:\/\/dailynewshungary.com\/it\/governo-a-vietare-lesportazione-di-materiali-da-costruzione-da-ottobre\/"},"modified":"2021-07-02T11:30:00","modified_gmt":"2021-07-02T09:30:00","slug":"governo-a-vietare-lesportazione-di-materiali-da-costruzione-da-ottobre","status":"publish","type":"post","link":"https:\/\/dailynewshungary.com\/it\/governo-a-vietare-lesportazione-di-materiali-da-costruzione-da-ottobre\/","title":{"rendered":"Governo a vietare l\u2019esportazione di materiali da costruzione da ottobre"},"content":{"rendered":"<div class=\"leadNews\"><strong><span id=\"ctl00_ContentPlaceHolder1_ctrlNewsControl_lbLead\">Il governo prevede di vietare l&#8217;esportazione di materiali da costruzione a partire da ottobre, ha detto venerd\u00ec il primo ministro Viktor Orb\u00e1n all&#8217;emittente pubblica Kossuth R\u00e1di\u00f3.<\/span><\/strong><\/div>\n<div>&nbsp;<\/div>\n<div class=\"leadNews\"><span id=\"ctl00_ContentPlaceHolder1_ctrlNewsControl_lbBody\">Le esportazioni sono cresciute nel settore di recente, contribuendo a un aumento dei prezzi di alcuni prodotti, ha osservato Orb\u00e1n Il governo notificher\u00e0 a Bruxelles la misura, e la procedura di approvazione dovrebbe durare quattro mesi, ha aggiunto.<\/p>\n<p>L&#8217;esportazione di materiali da costruzione nel frattempo dovr\u00e0 essere segnalata al governo, che avr\u00e0 diritti di pre-acquisto, ha detto. <\/span><\/div>\n<blockquote>\n<div class=\"leadNews\"><span id=\"ctl00_ContentPlaceHolder1_ctrlNewsControl_lbBody\">\u201cStiamo cercando di mantenere i materiali essenziali all&#8217;interno del paese,\u201d <\/span><\/div>\n<\/blockquote>\n<div class=\"leadNews\"><span id=\"ctl00_ContentPlaceHolder1_ctrlNewsControl_lbBody\">Orb\u00e1n ha detto.<\/span><\/div>\n<div>&nbsp;<\/div>\n<div>La misura non sorprende dal momento che il PM\u201c ha notato (gravi problemi)\u201d nel settore edile nel giugno 30, dicendo che i forti aumenti del prezzo dei materiali avevano \u201csyphoned away\u201d sostegno del governo per la ricostruzione della casa da famiglie e nelle tasche dei produttori Contromisure potrebbero essere discussi nel governo non appena questa settimana, ha aggiunto poi.<\/div>\n<div>&nbsp;<\/div>\n<div>L\u00e1szl\u00f3 Koji, presidente dell&#8217;associazione dei costruttori ungheresi, ha detto in precedenza <a href=\"https:\/\/www.portfolio.hu\/befektetes\/20210630\/elszalltak-az-epitoanyagarak-akar-exporttilalmat-vagy-korlatozast-is-bejelenthet-a-kormany-490538#\" target=\"_blank\" rel=\"noopener\">portfolio.hu<\/a> che il forte aumento del prezzo dei materiali da costruzione \u00e8 iniziato a marzo ed \u00e8 ora a circa 25-30 pc. Questo<\/div>\n<blockquote>\n<div>mette in pericolo non solo gli assegni del governo per le famiglie, ma anche l&#8217;ambizioso programma di costruzione di asili nido dell&#8217;amministrazione.<\/div>\n<\/blockquote>\n<div>Koji ha affermato allora che il mercato non sar\u00e0 in grado di trovare una soluzione a questo problema, quindi \u00e8 necessario un intervento urgente da parte dello Stato.<\/div>\n<div>&nbsp;<\/div>\n<ul>\n<li><a href=\"https:\/\/dailynewshungary.com\/it\/e-in-corso-la-seconda-fase-di-ricostruzione-del-ponte-delle-catene\/\">\u00c8 in corso la seconda fase di ricostruzione del Ponte delle Catene<\/a><\/li>\n<\/ul>\n","protected":false},"excerpt":{"rendered":"<p>Il governo prevede di vietare l&#8217;esportazione di materiali da costruzione a partire da ottobre, ha detto venerd\u00ec il primo ministro Viktor Orb\u00e1n all&#8217;emittente pubblica Kossuth R\u00e1di\u00f3. &nbsp; Le esportazioni sono cresciute nel settore di recente, contribuendo a un aumento dei prezzi di alcuni prodotti, ha osservato Orb\u00e1n Il governo notificher\u00e0 a Bruxelles la misura, e [&hellip;]<\/p>\n","protected":false},"author":50,"featured_media":754384,"comment_status":"open","ping_status":"open","sticky":false,"template":"","format":"standard","meta":{"_display_image":"","footnotes":""},"categories":[1314],"tags":[1568,1259,1079,1069,1083],"class_list":["post-754383","post","type-post","status-publish","format-standard","has-post-thumbnail","hentry","category-economia-in-ungheria","tag-costruzioni","tag-edilizia","tag-governo-ungherese","tag-ungheria","tag-viktor-orban"],"blocksy_meta":[],"author_username":"dnh","telegram_post":"","public_post_metadata":{"breaking_news":"","important":"","csempe":"","center_tile":"","disable_thumbnail":"","target_lang":"","_featured_image_style":"","telegram_post":"","_xlat_group_id":""},"public_rank_math_data":{"title":"%titolo% %sep% %nomesito%","description":"","focus_keyword":"","canonical_url":"","robots":"","primary_category":"1314","breadcrumb_title":"","facebook_title":"","facebook_description":"","facebook_image":"","facebook_image_id":"","twitter_title":"","twitter_description":"","twitter_image":"","twitter_image_id":"","twitter_card_type":"","twitter_use_facebook":"","advanced_robots":"","pillar_content":"","seo_score":"","contentai_score":"","rich_snippet":""},"_links":{"self":[{"href":"https:\/\/dailynewshungary.com\/it\/wp-json\/wp\/v2\/posts\/754383","targetHints":{"allow":["GET"]}}],"collection":[{"href":"https:\/\/dailynewshungary.com\/it\/wp-json\/wp\/v2\/posts"}],"about":[{"href":"https:\/\/dailynewshungary.com\/it\/wp-json\/wp\/v2\/types\/post"}],"author":[{"embeddable":true,"href":"https:\/\/dailynewshungary.com\/it\/wp-json\/wp\/v2\/users\/50"}],"replies":[{"embeddable":true,"href":"https:\/\/dailynewshungary.com\/it\/wp-json\/wp\/v2\/comments?post=754383"}],"version-history":[{"count":0,"href":"https:\/\/dailynewshungary.com\/it\/wp-json\/wp\/v2\/posts\/754383\/revisions"}],"wp:featuredmedia":[{"embeddable":true,"href":"https:\/\/dailynewshungary.com\/it\/wp-json\/wp\/v2\/media\/754384"}],"wp:attachment":[{"href":"https:\/\/dailynewshungary.com\/it\/wp-json\/wp\/v2\/media?parent=754383"}],"wp:term":[{"taxonomy":"category","embeddable":true,"href":"https:\/\/dailynewshungary.com\/it\/wp-json\/wp\/v2\/categories?post=754383"},{"taxonomy":"post_tag","embeddable":true,"href":"https:\/\/dailynewshungary.com\/it\/wp-json\/wp\/v2\/tags?post=754383"}],"curies":[{"name":"wp","href":"https:\/\/api.w.org\/{rel}","templated":true}]}}