{"id":754594,"date":"2021-06-25T10:45:00","date_gmt":"2021-06-25T08:45:00","guid":{"rendered":"https:\/\/dailynewshungary.com\/it\/fidesz-lue-dovrebbe-concentrarsi-sulla-creazione-di-un-sistema-efficace-di-protezione-delle-frontiere\/"},"modified":"2021-06-25T10:45:00","modified_gmt":"2021-06-25T08:45:00","slug":"fidesz-lue-dovrebbe-concentrarsi-sulla-creazione-di-un-sistema-efficace-di-protezione-delle-frontiere","status":"publish","type":"post","link":"https:\/\/dailynewshungary.com\/it\/fidesz-lue-dovrebbe-concentrarsi-sulla-creazione-di-un-sistema-efficace-di-protezione-delle-frontiere\/","title":{"rendered":"Fidesz: l\u2019UE dovrebbe concentrarsi sulla creazione di un sistema efficace di protezione delle frontiere"},"content":{"rendered":"<p><strong>L\u2019Unione europea dovrebbe concentrarsi sulla creazione di un efficace sistema di protezione delle frontiere in grado di impedire l\u2019ingresso degli immigrati clandestini nel blocco, ha affermato Barna P\u00e1l Zsigmond, deputato del partito ungherese Fidesz, al potere, dopo aver preso parte a una sessione dell\u2019Assemblea parlamentare del Consiglio d\u2019Europa (PACE) a Strasburgo gioved\u00ec.<\/strong><\/p>\n<p>\u201c\u00c8 triste che l&#8217;\u00e9lite di Bruxelles presenti costantemente nuove proposte riguardanti quote obbligatorie di ridistribuzione dei migranti, che potrebbero imporre agli Stati membri, ha detto Zsigmond a MTI dopo la sessione incentrata sulla migrazione.<\/p>\n<ul>\n<li><strong><a href=\"https:\/\/dailynewshungary.com\/it\/breaking-lungheria-riaprira-i-confini-schengen-dal-24-giugno\/\">BREAKING! L&#8217;Ungheria riaprir\u00e0 i confini Schengen dal 24 giugno<\/a><\/strong><\/li>\n<\/ul>\n<p>L&#8217;Ungheria non ha costruito una recinzione al suo confine per essere isolata dal resto d&#8217;Europa, ma per proteggere i suoi confini e lo stile di vita europeo dagli immigrati clandestini, ha detto Zsigmond.<\/p>\n<blockquote>\n<p>\u201cBruxelles cerca costantemente di mandare in frantumi l&#8217;unit\u00e0 dei paesi che si oppongono all&#8217;immigrazione, ma l&#8217;Ungheria \u00e8 impegnata nella sua politica di fornire aiuto dove \u00e8 necessario piuttosto che importare problemi in Europa, ha detto\u201d.<\/p>\n<\/blockquote>\n<p>Zsigmond ha anche affermato che \u00e8 stata una \u201c\u201d ipocrita della Grecia fare appello all&#8217;UE per ottenere aiuti finanziari per aiutare a combattere la pressione migratoria, aspettandosi che altri Stati membri accolgano i migranti bloccati nel paese.<\/p>\n","protected":false},"excerpt":{"rendered":"<p>L\u2019Unione europea dovrebbe concentrarsi sulla creazione di un efficace sistema di protezione delle frontiere in grado di impedire l\u2019ingresso degli immigrati clandestini nel blocco, ha affermato Barna P\u00e1l Zsigmond, deputato del partito ungherese Fidesz, al potere, dopo aver preso parte a una sessione dell\u2019Assemblea parlamentare del Consiglio d\u2019Europa (PACE) a Strasburgo gioved\u00ec. \u201c\u00c8 triste che [&hellip;]<\/p>\n","protected":false},"author":33,"featured_media":754595,"comment_status":"open","ping_status":"open","sticky":false,"template":"","format":"standard","meta":{"_display_image":"","footnotes":""},"categories":[1185],"tags":[1225,1450,1078,1079,1291,1075],"class_list":["post-754594","post","type-post","status-publish","format-standard","has-post-thumbnail","hentry","category-politica-in-ungheria","tag-controllo-delle-frontiere-ungheresi","tag-diritto","tag-fidesz","tag-governo-ungherese","tag-migrazione","tag-unione-europea"],"blocksy_meta":[],"author_username":"ugyelet","telegram_post":"","public_post_metadata":{"breaking_news":"","important":"","csempe":"","center_tile":"","disable_thumbnail":"","target_lang":"","_featured_image_style":"","telegram_post":"","_xlat_group_id":""},"public_rank_math_data":{"title":"%titolo% %sep% %nomesito%","description":"","focus_keyword":"","canonical_url":"","robots":"","primary_category":"1185","breadcrumb_title":"","facebook_title":"","facebook_description":"","facebook_image":"","facebook_image_id":"","twitter_title":"","twitter_description":"","twitter_image":"","twitter_image_id":"","twitter_card_type":"","twitter_use_facebook":"","advanced_robots":"","pillar_content":"","seo_score":"","contentai_score":"","rich_snippet":""},"_links":{"self":[{"href":"https:\/\/dailynewshungary.com\/it\/wp-json\/wp\/v2\/posts\/754594","targetHints":{"allow":["GET"]}}],"collection":[{"href":"https:\/\/dailynewshungary.com\/it\/wp-json\/wp\/v2\/posts"}],"about":[{"href":"https:\/\/dailynewshungary.com\/it\/wp-json\/wp\/v2\/types\/post"}],"author":[{"embeddable":true,"href":"https:\/\/dailynewshungary.com\/it\/wp-json\/wp\/v2\/users\/33"}],"replies":[{"embeddable":true,"href":"https:\/\/dailynewshungary.com\/it\/wp-json\/wp\/v2\/comments?post=754594"}],"version-history":[{"count":0,"href":"https:\/\/dailynewshungary.com\/it\/wp-json\/wp\/v2\/posts\/754594\/revisions"}],"wp:featuredmedia":[{"embeddable":true,"href":"https:\/\/dailynewshungary.com\/it\/wp-json\/wp\/v2\/media\/754595"}],"wp:attachment":[{"href":"https:\/\/dailynewshungary.com\/it\/wp-json\/wp\/v2\/media?parent=754594"}],"wp:term":[{"taxonomy":"category","embeddable":true,"href":"https:\/\/dailynewshungary.com\/it\/wp-json\/wp\/v2\/categories?post=754594"},{"taxonomy":"post_tag","embeddable":true,"href":"https:\/\/dailynewshungary.com\/it\/wp-json\/wp\/v2\/tags?post=754594"}],"curies":[{"name":"wp","href":"https:\/\/api.w.org\/{rel}","templated":true}]}}