{"id":754819,"date":"2021-06-19T09:45:00","date_gmt":"2021-06-19T07:45:00","guid":{"rendered":"https:\/\/dailynewshungary.com\/it\/la-croazia-apre-le-frontiere-ai-paesi-verdi-dellue-tra-cui-lungheria\/"},"modified":"2021-06-19T09:45:00","modified_gmt":"2021-06-19T07:45:00","slug":"la-croazia-apre-le-frontiere-ai-paesi-verdi-dellue-tra-cui-lungheria","status":"publish","type":"post","link":"https:\/\/dailynewshungary.com\/it\/la-croazia-apre-le-frontiere-ai-paesi-verdi-dellue-tra-cui-lungheria\/","title":{"rendered":"La Croazia apre le frontiere ai paesi \u201cverdi\u201d dell\u2019UE tra cui l\u2019Ungheria"},"content":{"rendered":"<div class=\"leadNews\"><strong><span id=\"ctl00_ContentPlaceHolder1_ctrlNewsControl_lbLead\">La Croazia da gioved\u00ec consentir\u00e0 l\u2019ingresso senza ostacoli dei cittadini dei paesi dell\u2019Unione Europea con bassi tassi di incidenza del coronavirus secondo il Centro europeo per la prevenzione e il controllo delle malattie (ECDC), ha affermato il sito ufficiale koronavirus.hr.<\/span><\/strong><\/div>\n<div>&nbsp;<\/div>\n<div class=\"leadNews\"><span id=\"ctl00_ContentPlaceHolder1_ctrlNewsControl_lbBody\">I viaggiatori provenienti dall&#8217;Ungheria e da altri paesi UE \u201cgreen\u201d, con un tasso di positivit\u00e0 inferiore al 4% e con una lenta crescita dell&#8217;incidenza, non dovranno mostrare certificati di immunit\u00e0 o test negativi per entrare nel paese, afferma il sito web.<\/span><\/div>\n<div>&nbsp;<\/div>\n<blockquote>\n<div class=\"leadNews\"><span id=\"ctl00_ContentPlaceHolder1_ctrlNewsControl_lbBody\">Il consolato ungherese ha affermato, tuttavia, che saranno richiesti certificati di immunit\u00e0 ungheresi per coloro che desiderano tornare in Ungheria dalla Croazia.<\/span><\/div>\n<\/blockquote>\n<div>Come noi <a href=\"https:\/\/dailynewshungary.com\/it\/ufficiale-lungheria-riapre-tutti-i-valichi-di-frontiera-con-uno-dei-suoi-vicini\/\">segnalato prima<\/a>, <span style=\"font-size: inherit; letter-spacing: inherit;\">L&#8217;Ungheria riaprir\u00e0 tutti i valichi di frontiera con la Serbia da mercoled\u00ec prossimo Istv\u00e1n P\u00e1sztor, uno dei leader degli ungheresi che vivono in Serbia (Vajdas\u00e1g), ha annunciato la decisione sui social media Secondo borsonline.hu, i valichi di frontiera riaperti funzioneranno come prima dello scoppio della terza ondata della pandemia dal 23 giugno.<\/span><\/div>\n<ul>\n<li><a href=\"https:\/\/dailynewshungary.com\/it\/vuoi-viaggiare-allestero-dallungheria-4-ecco-tutto-quello-che-ce-da-sapere\/\">Vuoi viaggiare all&#8217;estero dall&#8217;Ungheria? 4 Ecco tutto quello che c&#8217;\u00e8 da sapere<\/a><\/li>\n<\/ul>\n<div><span style=\"font-size: inherit; letter-spacing: inherit;\">Istv\u00e1n P\u00e1sztor ha aggiunto che la nuova decisione riguarda l&#8217;Horgos-R\u00f6szke (attraversamento pubblico), il R\u00e1b\u00e9-Kubekh\u00e1za e i valichi di frontiera Haraszti-B\u00e1csszentgy\u00f6rgy. Horgos-R\u00f6szke (ferrovia) e Kelebia-Tompa erano aperti anche durante la pandemia, mentre Bajmok-B\u00e1csalm\u00e1s, Kir\u00e1lyhalom-\u00c1sotthalom e Gy\u00e1la-Tiszasziget sono stati aperti il 15 giugno. <\/span><\/div>\n<div>&nbsp;<\/div>\n<blockquote>\n<div><span style=\"font-size: inherit; letter-spacing: inherit;\">Questo perch\u00e9 la terza ondata dell\u2019epidemia sta diminuendo sia in Ungheria che in Serbia. <\/span><\/div>\n<\/blockquote>\n<div><span style=\"font-size: inherit; letter-spacing: inherit;\">Il numero totale di persone che hanno contratto l\u2019infezione entro questo venerd\u00ec in Serbia \u00e8 aumentato di 135 e ammonta a 715.442. Nelle ultime 24 ore, cinque persone sono morte a causa del coronavirus.<\/span><\/div>\n","protected":false},"excerpt":{"rendered":"<p>La Croazia da gioved\u00ec consentir\u00e0 l\u2019ingresso senza ostacoli dei cittadini dei paesi dell\u2019Unione Europea con bassi tassi di incidenza del coronavirus secondo il Centro europeo per la prevenzione e il controllo delle malattie (ECDC), ha affermato il sito ufficiale koronavirus.hr. &nbsp; I viaggiatori provenienti dall&#8217;Ungheria e da altri paesi UE \u201cgreen\u201d, con un tasso di [&hellip;]<\/p>\n","protected":false},"author":50,"featured_media":754820,"comment_status":"open","ping_status":"open","sticky":false,"template":"","format":"standard","meta":{"_display_image":"","footnotes":""},"categories":[1207],"tags":[2251,1140,1079,1317,1072,1069,1073],"class_list":["post-754819","post","type-post","status-publish","format-standard","has-post-thumbnail","hentry","category-societa-in-ungheria","tag-certificato-di-immunita-covid-passaporto-vaccinale","tag-croazia","tag-governo-ungherese","tag-serbia","tag-turismo","tag-ungheria","tag-viaggi"],"blocksy_meta":[],"author_username":"dnh","telegram_post":"","public_post_metadata":{"breaking_news":"","important":"","csempe":"","center_tile":"","disable_thumbnail":"","target_lang":"","_featured_image_style":"","telegram_post":"","_xlat_group_id":""},"public_rank_math_data":{"title":"%titolo% %sep% %nomesito%","description":"","focus_keyword":"","canonical_url":"","robots":"","primary_category":"1207","breadcrumb_title":"","facebook_title":"","facebook_description":"","facebook_image":"","facebook_image_id":"","twitter_title":"","twitter_description":"","twitter_image":"","twitter_image_id":"","twitter_card_type":"","twitter_use_facebook":"","advanced_robots":"","pillar_content":"","seo_score":"","contentai_score":"","rich_snippet":""},"_links":{"self":[{"href":"https:\/\/dailynewshungary.com\/it\/wp-json\/wp\/v2\/posts\/754819","targetHints":{"allow":["GET"]}}],"collection":[{"href":"https:\/\/dailynewshungary.com\/it\/wp-json\/wp\/v2\/posts"}],"about":[{"href":"https:\/\/dailynewshungary.com\/it\/wp-json\/wp\/v2\/types\/post"}],"author":[{"embeddable":true,"href":"https:\/\/dailynewshungary.com\/it\/wp-json\/wp\/v2\/users\/50"}],"replies":[{"embeddable":true,"href":"https:\/\/dailynewshungary.com\/it\/wp-json\/wp\/v2\/comments?post=754819"}],"version-history":[{"count":0,"href":"https:\/\/dailynewshungary.com\/it\/wp-json\/wp\/v2\/posts\/754819\/revisions"}],"wp:featuredmedia":[{"embeddable":true,"href":"https:\/\/dailynewshungary.com\/it\/wp-json\/wp\/v2\/media\/754820"}],"wp:attachment":[{"href":"https:\/\/dailynewshungary.com\/it\/wp-json\/wp\/v2\/media?parent=754819"}],"wp:term":[{"taxonomy":"category","embeddable":true,"href":"https:\/\/dailynewshungary.com\/it\/wp-json\/wp\/v2\/categories?post=754819"},{"taxonomy":"post_tag","embeddable":true,"href":"https:\/\/dailynewshungary.com\/it\/wp-json\/wp\/v2\/tags?post=754819"}],"curies":[{"name":"wp","href":"https:\/\/api.w.org\/{rel}","templated":true}]}}