{"id":755308,"date":"2021-06-03T14:50:00","date_gmt":"2021-06-03T12:50:00","guid":{"rendered":"https:\/\/dailynewshungary.com\/it\/la-turchia-si-unisce-ufficialmente-ai-paesi-che-accettano-il-certificato-di-immunita-ungherese\/"},"modified":"2021-06-03T14:50:00","modified_gmt":"2021-06-03T12:50:00","slug":"la-turchia-si-unisce-ufficialmente-ai-paesi-che-accettano-il-certificato-di-immunita-ungherese","status":"publish","type":"post","link":"https:\/\/dailynewshungary.com\/it\/la-turchia-si-unisce-ufficialmente-ai-paesi-che-accettano-il-certificato-di-immunita-ungherese\/","title":{"rendered":"La Turchia si unisce ufficialmente ai paesi che accettano il certificato di immunit\u00e0 ungherese"},"content":{"rendered":"<p><strong>Le relazioni Ungheria-Turchia si sono sviluppate in modo estremamente rapido e si prevede un&#8217;ulteriore crescita in futuro, ha detto gioved\u00ec il capo della commissione per gli affari esteri del parlamento, dopo una visita in Turchia.<\/strong><\/p>\n<p>Zsolt N\u00e9meth ha detto che una delegazione della commissione per gli affari esteri si \u00e8 recata ad Ankara e Izmir e ha incontrato il ministro degli Esteri turco, una delegazione della commissione partner, il capo e i membri della <a href=\"https:\/\/dailynewshungary.com\/it\/la-grande-rapina-al-treno-britannico-come-una-banda-di-15-uomini-rubo-26-milioni-di-sterline-nel-1963\/\">Quello della Turchia<\/a> Delegazione del Consiglio d&#8217;Europa Hanno anche deposto una corona di fiori presso la statua del rivoluzionario ungherese Lajos Kossuth a Izmir e hanno fatto visita al contingente ungherese nel Comando Terrestre Alleato della NATO, ha aggiunto.<\/p>\n<p>L&#8217;argomento principale dei colloqui sono stati i legami bilaterali, ha detto, aggiungendo che i due paesi celebreranno il centenario dell&#8217;instaurazione delle relazioni diplomatiche l&#8217;anno prossimo.<\/p>\n<blockquote>\n<p>Egli ha osservato che i due governi hanno firmato in tempo utile, all&#8217;inizio della stagione turistica, un accordo sull&#8217;accettazione reciproca dei certificati di immunit\u00e0 \u201c\u201d.<\/p>\n<\/blockquote>\n<p>N\u00e9meth ha affermato che l&#8217;Ungheria continua a sostenere l&#8217;adesione della Turchia all&#8217;Unione europea e ritiene importante che la Turchia ottenga il sostegno finanziario che le \u00e8 stato promesso dalla comunit\u00e0 I colloqui devono continuare sulla liberalizzazione dei visti e sul rinnovo dell&#8217;unione doganale, ha aggiunto.<\/p>\n<p>Ha espresso la speranza che il Consiglio turco si riunisca quest&#8217;anno e ha affermato che \u00e8 stato concordato che le commissioni per gli affari esteri avvieranno la cooperazione nel quadro del Consiglio.<\/p>\n","protected":false},"excerpt":{"rendered":"<p>Le relazioni Ungheria-Turchia si sono sviluppate in modo estremamente rapido e si prevede un&#8217;ulteriore crescita in futuro, ha detto gioved\u00ec il capo della commissione per gli affari esteri del parlamento, dopo una visita in Turchia. Zsolt N\u00e9meth ha detto che una delegazione della commissione per gli affari esteri si \u00e8 recata ad Ankara e Izmir [&hellip;]<\/p>\n","protected":false},"author":33,"featured_media":755309,"comment_status":"open","ping_status":"open","sticky":false,"template":"","format":"standard","meta":{"_display_image":"","footnotes":""},"categories":[1185],"tags":[1371,1091,1086,1069,1073],"class_list":["post-755308","post","type-post","status-publish","format-standard","has-post-thumbnail","hentry","category-politica-in-ungheria","tag-commercio","tag-diplomazia","tag-turchia","tag-ungheria","tag-viaggi"],"blocksy_meta":[],"author_username":"ugyelet","telegram_post":"","public_post_metadata":{"breaking_news":"","important":"","csempe":"","center_tile":"","disable_thumbnail":"","target_lang":"","_featured_image_style":"","telegram_post":"","_xlat_group_id":""},"public_rank_math_data":{"title":"%titolo% %sep% %nomesito%","description":"","focus_keyword":"","canonical_url":"","robots":"","primary_category":"1185","breadcrumb_title":"","facebook_title":"","facebook_description":"","facebook_image":"","facebook_image_id":"","twitter_title":"","twitter_description":"","twitter_image":"","twitter_image_id":"","twitter_card_type":"","twitter_use_facebook":"","advanced_robots":"","pillar_content":"","seo_score":"","contentai_score":"","rich_snippet":""},"_links":{"self":[{"href":"https:\/\/dailynewshungary.com\/it\/wp-json\/wp\/v2\/posts\/755308","targetHints":{"allow":["GET"]}}],"collection":[{"href":"https:\/\/dailynewshungary.com\/it\/wp-json\/wp\/v2\/posts"}],"about":[{"href":"https:\/\/dailynewshungary.com\/it\/wp-json\/wp\/v2\/types\/post"}],"author":[{"embeddable":true,"href":"https:\/\/dailynewshungary.com\/it\/wp-json\/wp\/v2\/users\/33"}],"replies":[{"embeddable":true,"href":"https:\/\/dailynewshungary.com\/it\/wp-json\/wp\/v2\/comments?post=755308"}],"version-history":[{"count":0,"href":"https:\/\/dailynewshungary.com\/it\/wp-json\/wp\/v2\/posts\/755308\/revisions"}],"wp:featuredmedia":[{"embeddable":true,"href":"https:\/\/dailynewshungary.com\/it\/wp-json\/wp\/v2\/media\/755309"}],"wp:attachment":[{"href":"https:\/\/dailynewshungary.com\/it\/wp-json\/wp\/v2\/media?parent=755308"}],"wp:term":[{"taxonomy":"category","embeddable":true,"href":"https:\/\/dailynewshungary.com\/it\/wp-json\/wp\/v2\/categories?post=755308"},{"taxonomy":"post_tag","embeddable":true,"href":"https:\/\/dailynewshungary.com\/it\/wp-json\/wp\/v2\/tags?post=755308"}],"curies":[{"name":"wp","href":"https:\/\/api.w.org\/{rel}","templated":true}]}}