{"id":755424,"date":"2021-05-31T12:00:29","date_gmt":"2021-05-31T10:00:29","guid":{"rendered":"https:\/\/dailynewshungary.com\/it\/il-ministro-della-difesa-nomina-ruszin-szendi-capo-dellesercito-ungherese\/"},"modified":"2021-05-31T12:00:29","modified_gmt":"2021-05-31T10:00:29","slug":"il-ministro-della-difesa-nomina-ruszin-szendi-capo-dellesercito-ungherese","status":"publish","type":"post","link":"https:\/\/dailynewshungary.com\/it\/il-ministro-della-difesa-nomina-ruszin-szendi-capo-dellesercito-ungherese\/","title":{"rendered":"Il ministro della Difesa nomina Ruszin-Szendi capo dell\u2019esercito ungherese"},"content":{"rendered":"<p><strong>Il ministro della Difesa Tibor Benk the ha nominato luned\u00ec il maggiore generale Romulusz Ruszin-Szendi comandante delle forze armate ungheresi in una riunione dello staff a Sz\u00e9kesfeh\u00e9rv\u00e1r, nell&#8217;Ungheria occidentale.<\/strong><\/p>\n<p>Ruszin-Szendi sostituir\u00e0 il colonnello generale Ferenc Korom che il ministro ha sollevato dal suo incarico la scorsa settimana.<\/p>\n<blockquote>\n<p>Korom \u00e8 stato sostituito a partire dal 1 giugno su sua richiesta.<\/p>\n<\/blockquote>\n<p>Durante il suo servizio, Korom ha supervisionato la separazione dell&#8217;esercito ungherese dal ministero della Difesa e ha trasferito il suo quartier generale a Sz\u00e9kesfeh\u00e9rv\u00e1r e ha ristrutturato le forze armate. Il mandato di Korom sarebbe dovuto scadere il 15 maggio 2023.<\/p>\n<p>Rivolgendosi allo staff, Benk the ha elogiato Korom per i suoi risultati nello sviluppo delle forze armate dal 2018. ha detto che Korom prester\u00e0 servizio in futuro in una carica diplomatica internazionale.<\/p>\n<blockquote>\n<p>Il candidato, Ruszin-Szendi, \u00e8 nato a Miskolc nel 1973.<\/p>\n<\/blockquote>\n<p>Si \u00e8 laureato presso la Zrinyi Miklos National Defense University nel 2010. successivamente ha conseguito un master in studi strategici presso l&#8217;US Army War College nel 2014.<\/p>\n<p>Ruszin ha iniziato la sua carriera militare nell&#8217;esercito ungherese nel 1995, dove ha ricoperto vari incarichi di comandante tra il 2014 e il 2019. Ha lavorato nel ministero della Difesa in vari incarichi dal 2019.<\/p>\n","protected":false},"excerpt":{"rendered":"<p>Il ministro della Difesa Tibor Benk the ha nominato luned\u00ec il maggiore generale Romulusz Ruszin-Szendi comandante delle forze armate ungheresi in una riunione dello staff a Sz\u00e9kesfeh\u00e9rv\u00e1r, nell&#8217;Ungheria occidentale. Ruszin-Szendi sostituir\u00e0 il colonnello generale Ferenc Korom che il ministro ha sollevato dal suo incarico la scorsa settimana. Korom \u00e8 stato sostituito a partire dal 1 [&hellip;]<\/p>\n","protected":false},"author":3,"featured_media":0,"comment_status":"open","ping_status":"open","sticky":false,"template":"","format":"standard","meta":{"_display_image":"","footnotes":""},"categories":[1190],"tags":[1142,1079,1069],"class_list":["post-755424","post","type-post","status-publish","format-standard","hentry","category-notizie-flash","tag-esercito","tag-governo-ungherese","tag-ungheria"],"blocksy_meta":[],"author_username":"becsi","telegram_post":"","public_post_metadata":{"breaking_news":"","important":"","csempe":"","center_tile":"","disable_thumbnail":"","target_lang":"","_featured_image_style":"","telegram_post":"","_xlat_group_id":""},"public_rank_math_data":{"title":"%titolo% %sep% %nomesito%","description":"","focus_keyword":"","canonical_url":"","robots":"","primary_category":"1190","breadcrumb_title":"","facebook_title":"","facebook_description":"","facebook_image":"","facebook_image_id":"","twitter_title":"","twitter_description":"","twitter_image":"","twitter_image_id":"","twitter_card_type":"","twitter_use_facebook":"","advanced_robots":"","pillar_content":"","seo_score":"","contentai_score":"","rich_snippet":""},"_links":{"self":[{"href":"https:\/\/dailynewshungary.com\/it\/wp-json\/wp\/v2\/posts\/755424","targetHints":{"allow":["GET"]}}],"collection":[{"href":"https:\/\/dailynewshungary.com\/it\/wp-json\/wp\/v2\/posts"}],"about":[{"href":"https:\/\/dailynewshungary.com\/it\/wp-json\/wp\/v2\/types\/post"}],"author":[{"embeddable":true,"href":"https:\/\/dailynewshungary.com\/it\/wp-json\/wp\/v2\/users\/3"}],"replies":[{"embeddable":true,"href":"https:\/\/dailynewshungary.com\/it\/wp-json\/wp\/v2\/comments?post=755424"}],"version-history":[{"count":0,"href":"https:\/\/dailynewshungary.com\/it\/wp-json\/wp\/v2\/posts\/755424\/revisions"}],"wp:attachment":[{"href":"https:\/\/dailynewshungary.com\/it\/wp-json\/wp\/v2\/media?parent=755424"}],"wp:term":[{"taxonomy":"category","embeddable":true,"href":"https:\/\/dailynewshungary.com\/it\/wp-json\/wp\/v2\/categories?post=755424"},{"taxonomy":"post_tag","embeddable":true,"href":"https:\/\/dailynewshungary.com\/it\/wp-json\/wp\/v2\/tags?post=755424"}],"curies":[{"name":"wp","href":"https:\/\/api.w.org\/{rel}","templated":true}]}}