{"id":755823,"date":"2021-05-21T07:20:00","date_gmt":"2021-05-21T05:20:00","guid":{"rendered":"https:\/\/dailynewshungary.com\/it\/divieto-di-visita-in-ospedale-da-revocare-la-prossima-settimana-in-ungheria\/"},"modified":"2021-05-21T07:20:00","modified_gmt":"2021-05-21T05:20:00","slug":"divieto-di-visita-in-ospedale-da-revocare-la-prossima-settimana-in-ungheria","status":"publish","type":"post","link":"https:\/\/dailynewshungary.com\/it\/divieto-di-visita-in-ospedale-da-revocare-la-prossima-settimana-in-ungheria\/","title":{"rendered":"Divieto di visita in ospedale da revocare la prossima settimana in Ungheria"},"content":{"rendered":"<p><strong>L&#8217;Ungheria revocher\u00e0 parzialmente il divieto di visite ospedaliere da luned\u00ec, ha detto il direttore medico.<\/strong><\/p>\n<p>Ai visitatori, tuttavia, non sar\u00e0 ancora consentito visitare i pazienti in cura per Covid-19, ha detto Cec\u00edlia M\u00fcller in una conferenza stampa online.<\/p>\n<blockquote>\n<p>Ai pazienti delle altre unit\u00e0 sar\u00e0 consentito solo un visitatore al giorno, che dovr\u00e0 presentare un certificato di immunit\u00e0 e rimanere per non pi\u00f9 di un&#8217;ora, ha detto.<\/p>\n<\/blockquote>\n<p>Per quanto riguarda i vaccini, M\u00fcller ha detto che l&#8217;Ungheria dovrebbe ricevere 54.800 dosi del jab Moderna gioved\u00ec e 55.200 dosi di AstraZeneca, che devono essere tutte utilizzate come seconde iniezioni.<\/p>\n<ul>\n<li><strong><a href=\"https:\/\/dailynewshungary.com\/it\/governo-ungherese-per-togliere-il-coprifuoco-e-permettere-i-concerti\/\">Governo ungherese per togliere il coprifuoco e permettere i concerti?<\/a><\/strong><\/li>\n<\/ul>\n<h4>Il ministro degli Esteri Szijj\u00e1rt\u00f3: la risposta alla pandemia ungherese ha avuto pi\u00f9 successo in Europa<\/h4>\n<p>I passi tempestivi dell\u2019Ungheria per l\u2019acquisto di vaccini le hanno permesso di organizzare la risposta pi\u00f9 efficace alla pandemia di coronavirus tra tutti i paesi europei, ha detto P\u00e9ter Szijj\u00e1rt\u00f3, ministro degli Affari esteri e del commercio, durante una pausa in un incontro con i suoi omologhi dell\u2019UE a Bruxelles. Gioved\u00ec.<\/p>\n<blockquote>\n<p>\u201cIl motivo per cui siamo al primo posto nelle vaccinazioni in Europa \u00e8 perch\u00e9 abbiamo acquistato abbastanza vaccini in tempo, ha detto\u201d Szijj\u00e1rt\u00f3.<\/p>\n<\/blockquote>\n<p>L&#8217;Ungheria ha abbastanza vaccini in magazzino, ha detto il ministro Il paese avr\u00e0 pi\u00f9 di 10 milioni di dosi di jab orientali e occidentali consegnati entro la fine del prossimo anno, ha detto, aggiungendo che quelle spedizioni sarebbero sufficienti se un terzo colpo diventasse necessario.<\/p>\n<p>Inoltre, l\u2019Ungheria inizier\u00e0 a gestire il proprio impianto di vaccinazione alla fine del 2022, ha affermato Szijjarto, aggiungendo che i jab prodotti l\u00ec sarebbero sufficienti anche per vaccinare tutti coloro che si sono registrati. \u201cCi\u00f2 rende del tutto superfluo l&#8217;acquisto di pi\u00f9 vaccini, ha affermato.<\/p>\n<p>Per quanto riguarda i diritti di propriet\u00e0 intellettuale sui vaccini Covid, Szijj\u00e1rt\u00f3 ha affermato che l\u2019Ungheria ritiene che la cosa pi\u00f9 importante sia produrre quanti pi\u00f9 vaccini possibile.<\/p>\n<blockquote>\n<p>\u201c\u00c8 aumentando continuamente le capacit\u00e0 di produzione di vaccini che possiamo proteggere al meglio il mondo dalla pandemia, e meno attraverso misure burocratiche, ha affermato.<\/p>\n<\/blockquote>\n<p>Per quanto riguarda i passaporti vaccinali previsti dall&#8217;UE, Szijj\u00e1rt\u00f3 ha affermato che qualsiasi dibattito sulla questione \u00e8 prematuro finch\u00e9 il tasso medio di vaccinazione del blocco \u00e8 intorno al 30% e molti Stati membri stanno lottando per creare fiducia pubblica e procurarsi vaccini.<\/p>\n<p>\u201cPrima abbiamo abbastanza vaccini e facciamo vaccinare le persone, ha detto\u201d. L&#8217;Ungheria si opporr\u00e0 alla discriminazione basata sui vaccini quando si tratta dei passaporti dei vaccini e delle regole sull&#8217;ingresso, ha aggiunto.<\/p>\n","protected":false},"excerpt":{"rendered":"<p>L&#8217;Ungheria revocher\u00e0 parzialmente il divieto di visite ospedaliere da luned\u00ec, ha detto il direttore medico. Ai visitatori, tuttavia, non sar\u00e0 ancora consentito visitare i pazienti in cura per Covid-19, ha detto Cec\u00edlia M\u00fcller in una conferenza stampa online. Ai pazienti delle altre unit\u00e0 sar\u00e0 consentito solo un visitatore al giorno, che dovr\u00e0 presentare un certificato [&hellip;]<\/p>\n","protected":false},"author":33,"featured_media":755824,"comment_status":"open","ping_status":"open","sticky":false,"template":"","format":"standard","meta":{"_display_image":"","footnotes":""},"categories":[1207],"tags":[1590,1079,1473,1398,1792,2229],"class_list":["post-755823","post","type-post","status-publish","format-standard","has-post-thumbnail","hentry","category-societa-in-ungheria","tag-coronavirus-in-ungheria","tag-governo-ungherese","tag-legge","tag-ospedale","tag-vaccino-contro-il-coronavirus-in-ungheria","tag-vaccino-contro-il-covid-19"],"blocksy_meta":[],"author_username":"ugyelet","telegram_post":"","public_post_metadata":{"breaking_news":"","important":"","csempe":"","center_tile":"","disable_thumbnail":"","target_lang":"","_featured_image_style":"","telegram_post":"","_xlat_group_id":""},"public_rank_math_data":{"title":"%titolo% %sep% %nomesito%","description":"","focus_keyword":"","canonical_url":"","robots":"","primary_category":"1207","breadcrumb_title":"","facebook_title":"","facebook_description":"","facebook_image":"","facebook_image_id":"","twitter_title":"","twitter_description":"","twitter_image":"","twitter_image_id":"","twitter_card_type":"","twitter_use_facebook":"","advanced_robots":"","pillar_content":"","seo_score":"","contentai_score":"","rich_snippet":""},"_links":{"self":[{"href":"https:\/\/dailynewshungary.com\/it\/wp-json\/wp\/v2\/posts\/755823","targetHints":{"allow":["GET"]}}],"collection":[{"href":"https:\/\/dailynewshungary.com\/it\/wp-json\/wp\/v2\/posts"}],"about":[{"href":"https:\/\/dailynewshungary.com\/it\/wp-json\/wp\/v2\/types\/post"}],"author":[{"embeddable":true,"href":"https:\/\/dailynewshungary.com\/it\/wp-json\/wp\/v2\/users\/33"}],"replies":[{"embeddable":true,"href":"https:\/\/dailynewshungary.com\/it\/wp-json\/wp\/v2\/comments?post=755823"}],"version-history":[{"count":0,"href":"https:\/\/dailynewshungary.com\/it\/wp-json\/wp\/v2\/posts\/755823\/revisions"}],"wp:featuredmedia":[{"embeddable":true,"href":"https:\/\/dailynewshungary.com\/it\/wp-json\/wp\/v2\/media\/755824"}],"wp:attachment":[{"href":"https:\/\/dailynewshungary.com\/it\/wp-json\/wp\/v2\/media?parent=755823"}],"wp:term":[{"taxonomy":"category","embeddable":true,"href":"https:\/\/dailynewshungary.com\/it\/wp-json\/wp\/v2\/categories?post=755823"},{"taxonomy":"post_tag","embeddable":true,"href":"https:\/\/dailynewshungary.com\/it\/wp-json\/wp\/v2\/tags?post=755823"}],"curies":[{"name":"wp","href":"https:\/\/api.w.org\/{rel}","templated":true}]}}