{"id":756081,"date":"2021-05-14T20:30:00","date_gmt":"2021-05-14T18:30:00","guid":{"rendered":"https:\/\/dailynewshungary.com\/it\/v4-potrebbero-essere-vincitori-del-nuovo-ordine-mondiale-post-pandemia-afferma-il-ministro-degli-esteri\/"},"modified":"2021-05-14T20:30:00","modified_gmt":"2021-05-14T18:30:00","slug":"v4-potrebbero-essere-vincitori-del-nuovo-ordine-mondiale-post-pandemia-afferma-il-ministro-degli-esteri","status":"publish","type":"post","link":"https:\/\/dailynewshungary.com\/it\/v4-potrebbero-essere-vincitori-del-nuovo-ordine-mondiale-post-pandemia-afferma-il-ministro-degli-esteri\/","title":{"rendered":"V4 potrebbero essere vincitori del \u2018nuovo ordine mondiale\u2019 post-pandemia, afferma il ministro degli Esteri"},"content":{"rendered":"<p><strong>Attraverso la loro cooperazione, i paesi del Gruppo Visegr\u00e1d potrebbero diventare vincitori di un &#8220;nuovo ordine mondiale&#8221; post-pandemia, ha detto venerd\u00ec il ministro degli Esteri P\u00e9ter Szijj\u00e1rt\u00f3.<\/strong><\/p>\n<p>Parlando dopo una riunione di <a href=\"https:\/\/dailynewshungary.com\/it\/la-grande-rapina-al-treno-britannico-come-una-banda-di-15-uomini-rubo-26-milioni-di-sterline-nel-1963\/\">V4<\/a> i capi della diplomazia a Lodz, nella Polonia centrale, Szijj\u00e1rt\u00f3 hanno dichiarato in una conferenza stampa che l&#8217;alleanza di Repubblica Ceca, Ungheria, Polonia e Slovacchia sta perseguendo strategie di politica economica e di sicurezza basate sul buon senso\u201d Grazie ai loro sforzi congiunti, le quote obbligatorie per la distribuzione dei migranti non sono state applicate nell&#8217;Unione Europea e l&#8217;Europa centrale \u00e8 diventata il target pi\u00f9 attraente per gli investimenti in Europa, ha aggiunto.<\/p>\n<blockquote>\n<p>\u201cCome risultato della pandemia di coronavirus, non \u00e8 esagerato parlare di un nuovo ordine mondiale emergente sia nell\u2019economia che nella politica, ha affermato.<\/p>\n<\/blockquote>\n<p>\u201cLa stretta cooperazione tra i paesi V4 garantisce un rapido rilancio economico in futuro e consente al gruppo di appartenere tra i vincitori del nuovo ordine mondiale, ha aggiunto.<\/p>\n<p>L&#8217;Europa centrale \u00e8 ora diventata un importante fornitore delle industrie tedesche, la spina dorsale dell&#8217;economia europea\u201d, ha detto Szijj\u00e1rt\u00f3, aggiungendo che il fatturato commerciale tra il V4 e la Germania aveva superato i 300 miliardi di euro nel 2019.<\/p>\n<p>Szijj\u00e1rt\u00f3 ha sottolineato la politica fiscale disciplinata della regione e le tasse basse, affermando che l&#8217;\u201cUngheria non sosterr\u00e0 mai l&#8217;introduzione di alcuna tassa minima a livello globale\u201d. \u201cNon aumenteremo le tasse sotto la pressione internazionale; mantenere la politica fiscale come competenza nazionale \u00e8 una garanzia per la nostra competitivit\u00e0, ha affermato\u201d.<\/p>\n<p>In un altro sviluppo, Szijj\u00e1rt\u00f3 ha affermato che il governo ungherese ha insistito sulla sua precedente posizione sulle quote obbligatorie di migranti. \u201cAbbiamo visto che l&#8217;idea di tali quote non \u00e8 stata abbandonata a Bruxelles o a New York\u201d.<\/p>\n<blockquote>\n<p>\u201cDobbiamo stare attenti affinch\u00e9 ci\u00f2 che siamo riusciti a evitare che accadesse una volta, non venga contrabbandato indietro e metta a repentaglio la sicurezza e l&#8217;autodeterminazione dell&#8217;Europa, ha affermato.<\/p>\n<\/blockquote>\n<p>L&#8217;Ungheria \u00e8 interessata a un&#8217;Europa forte, che pu\u00f2 non esistere senza forti valori cristiani e comunit\u00e0\u201d, ha detto Szijj\u00e1rt\u00f3, aggiungendo che il governo ungherese continuerebbe quindi a sostenere i cristiani perseguitati nel mondo e insistere affinch\u00e9 i valori cristiani fondamentali dell&#8217;Europa siano rafforzati.\u201d<\/p>\n<p>Il ministro ha anche espresso la speranza che presto si possano concludere accordi all\u2019interno del gruppo Visegr\u00e1d in base ai quali i certificati di vaccinazione contro il coronavirus vengano accettati di comune accordo.<\/p>\n","protected":false},"excerpt":{"rendered":"<p>Attraverso la loro cooperazione, i paesi del Gruppo Visegr\u00e1d potrebbero diventare vincitori di un &#8220;nuovo ordine mondiale&#8221; post-pandemia, ha detto venerd\u00ec il ministro degli Esteri P\u00e9ter Szijj\u00e1rt\u00f3. Parlando dopo una riunione di V4 i capi della diplomazia a Lodz, nella Polonia centrale, Szijj\u00e1rt\u00f3 hanno dichiarato in una conferenza stampa che l&#8217;alleanza di Repubblica Ceca, Ungheria, [&hellip;]<\/p>\n","protected":false},"author":33,"featured_media":756082,"comment_status":"open","ping_status":"open","sticky":false,"template":"","format":"standard","meta":{"_display_image":"","footnotes":""},"categories":[1185],"tags":[1340,1113,1363],"class_list":["post-756081","post","type-post","status-publish","format-standard","has-post-thumbnail","hentry","category-politica-in-ungheria","tag-europa-centrale","tag-salute","tag-visegrad-quattro"],"blocksy_meta":[],"author_username":"ugyelet","telegram_post":"","public_post_metadata":{"breaking_news":"","important":"","csempe":"","center_tile":"","disable_thumbnail":"","target_lang":"","_featured_image_style":"","telegram_post":"","_xlat_group_id":""},"public_rank_math_data":{"title":"%titolo% %sep% %nomesito%","description":"","focus_keyword":"","canonical_url":"","robots":"","primary_category":"1185","breadcrumb_title":"","facebook_title":"","facebook_description":"","facebook_image":"","facebook_image_id":"","twitter_title":"","twitter_description":"","twitter_image":"","twitter_image_id":"","twitter_card_type":"","twitter_use_facebook":"","advanced_robots":"","pillar_content":"","seo_score":"","contentai_score":"","rich_snippet":""},"_links":{"self":[{"href":"https:\/\/dailynewshungary.com\/it\/wp-json\/wp\/v2\/posts\/756081","targetHints":{"allow":["GET"]}}],"collection":[{"href":"https:\/\/dailynewshungary.com\/it\/wp-json\/wp\/v2\/posts"}],"about":[{"href":"https:\/\/dailynewshungary.com\/it\/wp-json\/wp\/v2\/types\/post"}],"author":[{"embeddable":true,"href":"https:\/\/dailynewshungary.com\/it\/wp-json\/wp\/v2\/users\/33"}],"replies":[{"embeddable":true,"href":"https:\/\/dailynewshungary.com\/it\/wp-json\/wp\/v2\/comments?post=756081"}],"version-history":[{"count":0,"href":"https:\/\/dailynewshungary.com\/it\/wp-json\/wp\/v2\/posts\/756081\/revisions"}],"wp:featuredmedia":[{"embeddable":true,"href":"https:\/\/dailynewshungary.com\/it\/wp-json\/wp\/v2\/media\/756082"}],"wp:attachment":[{"href":"https:\/\/dailynewshungary.com\/it\/wp-json\/wp\/v2\/media?parent=756081"}],"wp:term":[{"taxonomy":"category","embeddable":true,"href":"https:\/\/dailynewshungary.com\/it\/wp-json\/wp\/v2\/categories?post=756081"},{"taxonomy":"post_tag","embeddable":true,"href":"https:\/\/dailynewshungary.com\/it\/wp-json\/wp\/v2\/tags?post=756081"}],"curies":[{"name":"wp","href":"https:\/\/api.w.org\/{rel}","templated":true}]}}