{"id":756172,"date":"2021-05-12T14:45:00","date_gmt":"2021-05-12T12:45:00","guid":{"rendered":"https:\/\/dailynewshungary.com\/it\/la-norvegia-non-utilizzera-il-vaccino-astrazeneca-covid-19-afferma-il-quotidiano-vg\/"},"modified":"2021-05-12T14:45:00","modified_gmt":"2021-05-12T12:45:00","slug":"la-norvegia-non-utilizzera-il-vaccino-astrazeneca-covid-19-afferma-il-quotidiano-vg","status":"publish","type":"post","link":"https:\/\/dailynewshungary.com\/it\/la-norvegia-non-utilizzera-il-vaccino-astrazeneca-covid-19-afferma-il-quotidiano-vg\/","title":{"rendered":"La Norvegia non utilizzer\u00e0 il vaccino AstraZeneca COVID-19, afferma il quotidiano VG"},"content":{"rendered":"<p><strong>La Norvegia non riprender\u00e0 l\u2019uso del vaccino COVID-19 prodotto da AstraZeneca a causa del rischio di effetti collaterali rari ma dannosi, ha riferito mercoled\u00ec il quotidiano VG.<\/strong><\/p>\n<p>Il primo ministro Erna Solberg dovrebbe annunciare alle 16.00 GMT se la Norvegia riprender\u00e0 l&#8217;uso del colpo di AstraZeneca, cos\u00ec come la decisione del governo sull&#8217;inoculazione di Johnson &amp; Johnson.<\/p>\n<p>L&#8217;ufficio del primo ministro e il ministero della sanit\u00e0 non sono stati immediatamente disponibili per un commento.<\/p>\n<p>L\u201911 marzo le autorit\u00e0 hanno sospeso il lancio di AstraZeneca<\/p>\n<blockquote>\n<p>dopo che un piccolo numero di persone pi\u00f9 giovani vaccinate \u00e8 stato ricoverato in ospedale per una combinazione di coaguli di sangue,<\/p>\n<\/blockquote>\n<p>sanguinamento e un basso numero di piastrine, alcune delle quali morirono in seguito.<\/p>\n<p>Uno studio condotto in Danimarca e Norvegia ha rilevato tassi leggermente aumentati di coaguli di sangue venoso tra le persone che hanno ricevuto una prima dose di vaccino AstraZeneca, compresi coaguli nel cervello, rispetto ai tassi attesi nella popolazione generale.<\/p>\n<p>Il 10 maggio, un gruppo pubblico di esperti medici, legali e di altro tipo ha affermato che i due vaccini non dovrebbero essere offerti come parte del programma nazionale di vaccinazione, anche se ai volontari dovrebbe essere consentito di assumerli.<\/p>\n<ul>\n<li><a href=\"https:\/\/dailynewshungary.com\/it\/la-vaccinazione-dei-cittadini-stranieri-iniziera-tra-pochi-giorni\/\">La vaccinazione dei cittadini stranieri inizier\u00e0 tra pochi giorni<\/a><\/li>\n<\/ul>\n","protected":false},"excerpt":{"rendered":"<p>La Norvegia non riprender\u00e0 l\u2019uso del vaccino COVID-19 prodotto da AstraZeneca a causa del rischio di effetti collaterali rari ma dannosi, ha riferito mercoled\u00ec il quotidiano VG. Il primo ministro Erna Solberg dovrebbe annunciare alle 16.00 GMT se la Norvegia riprender\u00e0 l&#8217;uso del colpo di AstraZeneca, cos\u00ec come la decisione del governo sull&#8217;inoculazione di Johnson [&hellip;]<\/p>\n","protected":false},"author":50,"featured_media":756173,"comment_status":"open","ping_status":"open","sticky":false,"template":"","format":"standard","meta":{"_display_image":"","footnotes":""},"categories":[1197],"tags":[1138,1113,1198,1657],"class_list":["post-756172","post","type-post","status-publish","format-standard","has-post-thumbnail","hentry","category-mondo","tag-regione-baltica","tag-salute","tag-sistema-sanitario","tag-vaccino-covid-19"],"blocksy_meta":[],"author_username":"dnh","telegram_post":"","public_post_metadata":{"breaking_news":"","important":"","csempe":"","center_tile":"","disable_thumbnail":"","target_lang":"","_featured_image_style":"","telegram_post":"","_xlat_group_id":""},"public_rank_math_data":{"title":"%titolo% %sep% %nomesito%","description":"","focus_keyword":"","canonical_url":"","robots":"","primary_category":"1197","breadcrumb_title":"","facebook_title":"","facebook_description":"","facebook_image":"","facebook_image_id":"","twitter_title":"","twitter_description":"","twitter_image":"","twitter_image_id":"","twitter_card_type":"","twitter_use_facebook":"","advanced_robots":"","pillar_content":"","seo_score":"","contentai_score":"","rich_snippet":""},"_links":{"self":[{"href":"https:\/\/dailynewshungary.com\/it\/wp-json\/wp\/v2\/posts\/756172","targetHints":{"allow":["GET"]}}],"collection":[{"href":"https:\/\/dailynewshungary.com\/it\/wp-json\/wp\/v2\/posts"}],"about":[{"href":"https:\/\/dailynewshungary.com\/it\/wp-json\/wp\/v2\/types\/post"}],"author":[{"embeddable":true,"href":"https:\/\/dailynewshungary.com\/it\/wp-json\/wp\/v2\/users\/50"}],"replies":[{"embeddable":true,"href":"https:\/\/dailynewshungary.com\/it\/wp-json\/wp\/v2\/comments?post=756172"}],"version-history":[{"count":0,"href":"https:\/\/dailynewshungary.com\/it\/wp-json\/wp\/v2\/posts\/756172\/revisions"}],"wp:featuredmedia":[{"embeddable":true,"href":"https:\/\/dailynewshungary.com\/it\/wp-json\/wp\/v2\/media\/756173"}],"wp:attachment":[{"href":"https:\/\/dailynewshungary.com\/it\/wp-json\/wp\/v2\/media?parent=756172"}],"wp:term":[{"taxonomy":"category","embeddable":true,"href":"https:\/\/dailynewshungary.com\/it\/wp-json\/wp\/v2\/categories?post=756172"},{"taxonomy":"post_tag","embeddable":true,"href":"https:\/\/dailynewshungary.com\/it\/wp-json\/wp\/v2\/tags?post=756172"}],"curies":[{"name":"wp","href":"https:\/\/api.w.org\/{rel}","templated":true}]}}