{"id":756473,"date":"2021-05-05T01:30:00","date_gmt":"2021-05-04T23:30:00","guid":{"rendered":"https:\/\/dailynewshungary.com\/it\/il-nuovo-obiettivo-di-biden-il-70-degli-adulti-statunitensi-ricevera-una-dose-di-vaccino-entro-il-4-luglio\/"},"modified":"2021-05-05T01:30:00","modified_gmt":"2021-05-04T23:30:00","slug":"il-nuovo-obiettivo-di-biden-il-70-degli-adulti-statunitensi-ricevera-una-dose-di-vaccino-entro-il-4-luglio","status":"publish","type":"post","link":"https:\/\/dailynewshungary.com\/it\/il-nuovo-obiettivo-di-biden-il-70-degli-adulti-statunitensi-ricevera-una-dose-di-vaccino-entro-il-4-luglio\/","title":{"rendered":"Il nuovo obiettivo di Biden: il 70% degli adulti statunitensi ricever\u00e0 una dose di vaccino entro il 4 luglio"},"content":{"rendered":"<p><strong>Marted\u00ec il presidente Joe Biden ha annunciato l\u2019obiettivo di vaccinare il 70% degli adulti statunitensi con almeno un vaccino contro il COVID-19 entro le festivit\u00e0 del Giorno dell\u2019Indipendenza del 4 luglio, e ha esortato i giovani tra i 20 e i 30 anni in particolare a vaccinarsi.<\/strong><\/p>\n<p>Il presidente, che ha fatto della lotta al coronavirus una priorit\u00e0 chiave della sua amministrazione, aveva precedentemente annunciato il 4 luglio come data obiettivo per quando gli americani potranno riunirsi in piccoli gruppi per segnalare un ritorno a una maggiore normalit\u00e0 nel mezzo della pandemia.<\/p>\n<p>Il nuovo obiettivo di Biden arriva mentre l\u2019amministrazione deve affrontare sfide crescenti, anche se non inaspettate, per far entrare le armi tra persone che esitano riguardo al vaccino.<\/p>\n<blockquote>\n<p>Il nuovo obiettivo tiene conto di questa realt\u00e0.<\/p>\n<\/blockquote>\n<p>\u201cOra che abbiamo la fornitura di vaccini, ci concentriamo sul convincere ancora pi\u00f9 americani a presentarsi e a ricevere il vaccino a loro disposizione, ha detto\u201d Biden ai giornalisti alla Casa Bianca annunciando il suo obiettivo. \u201cSe riusciremo in questo sforzo&#8230; allora gli americani avranno fatto un passo serio verso un ritorno alla normalit\u00e0.\u201d<\/p>\n<blockquote>\n<p>Il nuovo obiettivo di Biden prevede la vaccinazione completa di 160 milioni di adulti entro il 4 luglio.<\/p>\n<\/blockquote>\n<p>Un funzionario dell&#8217;amministrazione ha detto ai giornalisti che in questo momento 105 milioni di americani sono completamente vaccinati e oltre il 56% degli adulti statunitensi, ovvero 147 milioni di persone, hanno ricevuto almeno un vaccino.<\/p>\n<ul>\n<li><a href=\"https:\/\/dailynewshungary.com\/it\/usa-australia-vieta-viaggi-riguardanti-lindia\/\">USA, Australia vieta viaggi riguardanti l&#8217;India<\/a><\/li>\n<li><a href=\"https:\/\/dailynewshungary.com\/it\/la-turchia-risponde-che-laccusa-di-genocidio-da-parte-degli-usa-e-oltraggiosa\/\">La Turchia risponde che l&#8217;accusa di genocidio da parte degli Usa \u00e8 \u2018oltraggiosa\u2019<\/a><\/li>\n<\/ul>\n<p>\u201cCi sono molti giovani, soprattutto quelli tra i 20 e i 30 anni che credono di non averne bisogno. Beh, voglio essere assolutamente chiaro: \u00e8 necessario vaccinarsi, ha detto\u201d Biden. L&#8217;obiettivo del presidente comporterebbe la vaccinazione di circa la met\u00e0 dell&#8217;intera popolazione statunitense entro l&#8217;inizio di luglio.<\/p>\n<blockquote>\n<p>I funzionari statunitensi si stanno preparando a somministrare vaccini agli adolescenti una volta approvati dalla Food and Drug Administration (FDA).<\/p>\n<\/blockquote>\n<p>Per raggiungere l&#8217;obiettivo del presidente, il governo lavorer\u00e0 per rendere il vaccino ancora pi\u00f9 accessibile facendo s\u00ec che migliaia di farmacie consentano appuntamenti walk-in e utilizzando la Federal Emergency Management Agency (FEMA) \u201cper supportare pi\u00f9 cliniche pop-up, ha affermato la Casa Bianca in una nota.<\/p>\n","protected":false},"excerpt":{"rendered":"<p>Marted\u00ec il presidente Joe Biden ha annunciato l\u2019obiettivo di vaccinare il 70% degli adulti statunitensi con almeno un vaccino contro il COVID-19 entro le festivit\u00e0 del Giorno dell\u2019Indipendenza del 4 luglio, e ha esortato i giovani tra i 20 e i 30 anni in particolare a vaccinarsi. Il presidente, che ha fatto della lotta al [&hellip;]<\/p>\n","protected":false},"author":50,"featured_media":756474,"comment_status":"open","ping_status":"open","sticky":false,"template":"","format":"standard","meta":{"_display_image":"","footnotes":""},"categories":[1197],"tags":[1113,1198,1111,1657],"class_list":["post-756473","post","type-post","status-publish","format-standard","has-post-thumbnail","hentry","category-mondo","tag-salute","tag-sistema-sanitario","tag-stati-uniti","tag-vaccino-covid-19"],"blocksy_meta":[],"author_username":"dnh","telegram_post":"","public_post_metadata":{"breaking_news":"","important":"","csempe":"","center_tile":"","disable_thumbnail":"","target_lang":"","_featured_image_style":"","telegram_post":"","_xlat_group_id":""},"public_rank_math_data":{"title":"%titolo% %sep% %nomesito%","description":"","focus_keyword":"","canonical_url":"","robots":"","primary_category":"1197","breadcrumb_title":"","facebook_title":"","facebook_description":"","facebook_image":"","facebook_image_id":"","twitter_title":"","twitter_description":"","twitter_image":"","twitter_image_id":"","twitter_card_type":"","twitter_use_facebook":"","advanced_robots":"","pillar_content":"","seo_score":"","contentai_score":"","rich_snippet":""},"_links":{"self":[{"href":"https:\/\/dailynewshungary.com\/it\/wp-json\/wp\/v2\/posts\/756473","targetHints":{"allow":["GET"]}}],"collection":[{"href":"https:\/\/dailynewshungary.com\/it\/wp-json\/wp\/v2\/posts"}],"about":[{"href":"https:\/\/dailynewshungary.com\/it\/wp-json\/wp\/v2\/types\/post"}],"author":[{"embeddable":true,"href":"https:\/\/dailynewshungary.com\/it\/wp-json\/wp\/v2\/users\/50"}],"replies":[{"embeddable":true,"href":"https:\/\/dailynewshungary.com\/it\/wp-json\/wp\/v2\/comments?post=756473"}],"version-history":[{"count":0,"href":"https:\/\/dailynewshungary.com\/it\/wp-json\/wp\/v2\/posts\/756473\/revisions"}],"wp:featuredmedia":[{"embeddable":true,"href":"https:\/\/dailynewshungary.com\/it\/wp-json\/wp\/v2\/media\/756474"}],"wp:attachment":[{"href":"https:\/\/dailynewshungary.com\/it\/wp-json\/wp\/v2\/media?parent=756473"}],"wp:term":[{"taxonomy":"category","embeddable":true,"href":"https:\/\/dailynewshungary.com\/it\/wp-json\/wp\/v2\/categories?post=756473"},{"taxonomy":"post_tag","embeddable":true,"href":"https:\/\/dailynewshungary.com\/it\/wp-json\/wp\/v2\/tags?post=756473"}],"curies":[{"name":"wp","href":"https:\/\/api.w.org\/{rel}","templated":true}]}}