{"id":756745,"date":"2021-04-28T10:20:00","date_gmt":"2021-04-28T08:20:00","guid":{"rendered":"https:\/\/dailynewshungary.com\/it\/grattacieli-da-costruire-a-budapest\/"},"modified":"2021-04-28T10:20:00","modified_gmt":"2021-04-28T08:20:00","slug":"grattacieli-da-costruire-a-budapest","status":"publish","type":"post","link":"https:\/\/dailynewshungary.com\/it\/grattacieli-da-costruire-a-budapest\/","title":{"rendered":"Grattacieli da costruire a Budapest?"},"content":{"rendered":"<p><strong>Dall&#8217;elezione dell&#8217;attuale sindaco di Budapest, Gergely Kar\u00e1csony, membro del partito di opposizione Dialogo per l&#8217;Ungheria, la comunicazione e il rapporto tra il governo e la leadership di Budapest sono stati piuttosto ovunque. Sembra che ci sia una disconnessione tra i due e ci sono diversi sviluppi in cui le loro opinioni sono in contrasto tra loro.<\/strong><\/p>\n<p>I temi pi\u00f9 recenti riguardano l&#8217;istruzione superiore ungherese Il governo \u00e8 stato <a rel=\"noopener noreferrer\" href=\"https:\/\/dailynewshungary.com\/it\/altre-dieci-universita-ungheresi-saranno-gestite-da-fondazioni\/\" target=\"_blank\">trasformare le universit\u00e0 da istituzioni statali a istituzioni gestite da fondazioni<\/a>. Questo ha scatenato un certo dibattito, insieme alla possibilit\u00e0 che l&#8217;universit\u00e0 cinese di Fudan istituisca un campus a Budapest Questo ha suscitato diverse domande sulla concorrenza, sulla sicurezza e sul fatto che sarebbe stato eventualmente costruito in un&#8217;area di Budapest che \u00e8 stata riservata a una citt\u00e0 studentesca.<\/p>\n<figure class=\"wp-block-embed-facebook wp-block-embed is-type-rich is-provider-facebook\">\n<div class=\"wp-block-embed__wrapper\">\nhttps:\/\/www.facebook.com\/smbalogh\/posts\/598249214426164\n<\/div>\n<\/figure>\n<p>Ma questa non \u00e8 nemmeno la lista completa Secondo <em><a rel=\"noreferrer noopener\" aria-label=\"Index (opens in a new tab)\" href=\"https:\/\/index.hu\/belfold\/2021\/04\/24\/fovaros-budapest-tervezet-epulet-magassag-mol-torony-fovarosi-onkormanyzat-kormany\/\" target=\"_blank\">Indice<\/a><\/em>, l&#8217;ultimo punto di conflitto \u00e8 un nuovo<\/p>\n<blockquote class=\"wp-block-quote is-layout-flow wp-block-quote-is-layout-flow\">\n<p>misura che, se entrata in vigore, non consentirebbe al comune di Budapest di decidere l&#8217;altezza massima degli edifici nelle cosiddette zone di ruggine (rozsda\u00f6vezet).<\/p>\n<\/blockquote>\n<p>Le zone di ruggine sono \u201cex aree industriali, economiche o militari abbandonate e inutilizzate che sono state in disuso o sottoutilizzate, solitamente in condizioni fisiche deteriorate e\/o in\u201d inquinate.<\/p>\n<ul class=\"wp-block-list\">\n<li><strong><a rel=\"noreferrer noopener\" aria-label=\"Chinese university instead of a Student City in Budapest? The mayor will not compromise (opens in a new tab)\" href=\"https:\/\/dailynewshungary.com\/it\/universita-cinese-invece-di-una-citta-studentesca-a-budapest-il-sindaco-non-scendera-a-compromessi\/\" target=\"_blank\">Universit\u00e0 cinese invece di una Citt\u00e0 Studentesca a Budapest? il sindaco non scender\u00e0 a compromessi<\/a><\/strong><\/li>\n<li><strong><a rel=\"noreferrer noopener\" aria-label=\"Can the modernisation of Blaha Lujza Square finally start? (opens in a new tab)\" href=\"https:\/\/dailynewshungary.com\/it\/puo-finalmente-iniziare-la-modernizzazione-di-piazza-blaha-lujza\/\" target=\"_blank\">Pu\u00f2 finalmente iniziare la modernizzazione di piazza Blaha Lujza?<\/a><\/strong><\/li>\n<\/ul>\n<p>I socialisti hanno espresso la loro preoccupazione su Facebook, mostrando una fotografia della Torre MOL, attualmente in costruzione, affermando che anche se vorrebbero creare una Budapest pi\u00f9 verde, le misure del governo come questa non rendono le cose facili e potrebbero prevenirlo.<\/p>\n<blockquote class=\"wp-block-quote is-layout-flow wp-block-quote-is-layout-flow\">\n<p>Sono anche preoccupati che i comuni perdano presto ancora di pi\u00f9 il loro potere e la loro influenza su ci\u00f2 che pu\u00f2 essere fatto nelle rispettive citt\u00e0.<\/p>\n<\/blockquote>\n<p>Si spera che questi dibattiti vengano presto risolti e le due parti troveranno una soluzione ragionevole al problema Lo sviluppo \u00e8 inevitabile, ma \u00e8 decisamente importante preservare i bei prospetti che sono cos\u00ec caratteristici delle strade di Budapest.<\/p>\n","protected":false},"excerpt":{"rendered":"<p>Dall&#8217;elezione dell&#8217;attuale sindaco di Budapest, Gergely Kar\u00e1csony, membro del partito di opposizione Dialogo per l&#8217;Ungheria, la comunicazione e il rapporto tra il governo e la leadership di Budapest sono stati piuttosto ovunque. Sembra che ci sia una disconnessione tra i due e ci sono diversi sviluppi in cui le loro opinioni sono in contrasto tra [&hellip;]<\/p>\n","protected":false},"author":28,"featured_media":756746,"comment_status":"open","ping_status":"open","sticky":false,"template":"","format":"standard","meta":{"_display_image":"","footnotes":""},"categories":[1207],"tags":[1158,1539,1079,1252,1188,1069],"class_list":["post-756745","post","type-post","status-publish","format-standard","has-post-thumbnail","hentry","category-societa-in-ungheria","tag-budapest","tag-dialogo-per-lungheria","tag-governo-ungherese","tag-istruzione-superiore","tag-sviluppo","tag-ungheria"],"blocksy_meta":[],"author_username":"Theecchipete","telegram_post":"","public_post_metadata":{"breaking_news":"","important":"","csempe":"","center_tile":"","disable_thumbnail":"","target_lang":"","_featured_image_style":"","telegram_post":"","_xlat_group_id":""},"public_rank_math_data":{"title":"%titolo% %sep% %nomesito%","description":"","focus_keyword":"","canonical_url":"","robots":"","primary_category":"1207","breadcrumb_title":"","facebook_title":"","facebook_description":"","facebook_image":"","facebook_image_id":"","twitter_title":"","twitter_description":"","twitter_image":"","twitter_image_id":"","twitter_card_type":"","twitter_use_facebook":"","advanced_robots":"","pillar_content":"","seo_score":"","contentai_score":"","rich_snippet":""},"_links":{"self":[{"href":"https:\/\/dailynewshungary.com\/it\/wp-json\/wp\/v2\/posts\/756745","targetHints":{"allow":["GET"]}}],"collection":[{"href":"https:\/\/dailynewshungary.com\/it\/wp-json\/wp\/v2\/posts"}],"about":[{"href":"https:\/\/dailynewshungary.com\/it\/wp-json\/wp\/v2\/types\/post"}],"author":[{"embeddable":true,"href":"https:\/\/dailynewshungary.com\/it\/wp-json\/wp\/v2\/users\/28"}],"replies":[{"embeddable":true,"href":"https:\/\/dailynewshungary.com\/it\/wp-json\/wp\/v2\/comments?post=756745"}],"version-history":[{"count":0,"href":"https:\/\/dailynewshungary.com\/it\/wp-json\/wp\/v2\/posts\/756745\/revisions"}],"wp:featuredmedia":[{"embeddable":true,"href":"https:\/\/dailynewshungary.com\/it\/wp-json\/wp\/v2\/media\/756746"}],"wp:attachment":[{"href":"https:\/\/dailynewshungary.com\/it\/wp-json\/wp\/v2\/media?parent=756745"}],"wp:term":[{"taxonomy":"category","embeddable":true,"href":"https:\/\/dailynewshungary.com\/it\/wp-json\/wp\/v2\/categories?post=756745"},{"taxonomy":"post_tag","embeddable":true,"href":"https:\/\/dailynewshungary.com\/it\/wp-json\/wp\/v2\/tags?post=756745"}],"curies":[{"name":"wp","href":"https:\/\/api.w.org\/{rel}","templated":true}]}}